{"id":70584,"date":"2025-10-26T15:40:13","date_gmt":"2025-10-26T15:40:13","guid":{"rendered":"https:\/\/www.europesays.com\/no\/70584\/"},"modified":"2025-10-26T15:40:13","modified_gmt":"2025-10-26T15:40:13","slug":"tigger-utsatt-for-vold-ved-jernbanetorget","status":"publish","type":"post","link":"https:\/\/www.europesays.com\/no\/70584\/","title":{"rendered":"Tigger utsatt for vold ved Jernbanetorget"},"content":{"rendered":"\n<p class=\"_lead_o9xde_2 _lead_xtcu6_50 layout-component text-serif-m layout-normal text-serif-l layout-component layout-wide layout-padded _wide_17hqh_1 layout-padded\">Politiet har kontroll p\u00e5 fire personer i 20-\u00e5rene, som de mener slo og sparket forn\u00e6rmede gjentatte ganger. <\/p>\n<p><img alt=\"Politiet rykket ut til Jernbanetorget s\u00f8ndag ettermiddag. Foto: Thomas Fure \/ NTB\" class=\"_image_qp4xg_65 layout-component layout-wide\" data-fullscreen- data-track-element-type=\"Article image fullscreen\" data-track-name=\"ImageFullscreen\" fetchpriority=\"high\" decoding=\"sync\" loading=\"eager\" height=\"5082\" itemprop=\"image\"  src=\"https:\/\/www.europesays.com\/no\/wp-content\/uploads\/2025\/10\/cee3e56c-b3af-4dbd-8f95-39fb9fffc6a1\"  style=\"object-position:0% 0%\" width=\"7619\"\/>Politiet rykket ut til Jernbanetorget s\u00f8ndag ettermiddag. Foto: Thomas Fure \/ NTB<\/p>\n<ul aria-hidden=\"true\" class=\"_images_18f0k_111\">\n<li><a class=\"_link_18f0k_116\" href=\"https:\/\/www.vg.no\/forfatter\/marie-dreyer-bakken\" style=\"z-index:1\" title=\"Marie Dreyer Bakken\" rel=\"nofollow noopener\" target=\"_blank\"><img alt=\"Bilde av Marie Dreyer Bakken\" class=\"_image_18f0k_93\" fetchpriority=\"low\" loading=\"lazy\" decoding=\"async\" itemprop=\"image\"  src=\"https:\/\/www.europesays.com\/no\/wp-content\/uploads\/2025\/10\/1761493210_889_a58fd05d-9a13-4704-bd0c-ffb8040bb859\"  width=\"480\"\/><\/a><\/li>\n<\/ul>\n<p> Oppdatert s\u00f8ndag 26. oktober kl. 16:37     <\/p>\n<p class=\"_paragraph_o9xde_4 _paragraph_xtcu6_10 layout-component text-serif-m layout-normal text-serif-m layout-padded\">Det var en politipatrulje som observerte deler av hendelsen. De meldte fra rundt klokken 16.07. <\/p>\n<p class=\"_paragraph_o9xde_4 _paragraph_xtcu6_10 layout-component text-serif-m layout-normal text-serif-m layout-padded\">\u2013 Forn\u00e6rmede har kuttskader eller lignende, pluss at han er sl\u00e5tt og sparket. Men han er oppeg\u00e5ende, sier <a href=\"https:\/\/www.vg.no\/tag\/politiet?utm_source=vg-article&amp;utm_medium=auto-tagger&amp;utm_campaign=KMQ176\" class=\"_link_o9xde_39\" rel=\"nofollow noopener\" target=\"_blank\">politiets<\/a> operasjonsleder Rune Hekkelstrand til VG. <\/p>\n<p class=\"_paragraph_o9xde_4 _paragraph_xtcu6_10 layout-component text-serif-m layout-normal text-serif-m layout-padded\">De fire mistenkte skal v\u00e6re i 20-\u00e5rene.<\/p>\n<p class=\"_paragraph_o9xde_4 _paragraph_xtcu6_10 layout-component text-serif-m layout-normal text-serif-m layout-padded\">\u2013  Vi jobber med \u00e5 avklare hvilke roller disse har hatt, men vi leter ikke etter flere involverte, skriver Hekkelstrand i politiloggen. <\/p>\n<p class=\"_paragraph_o9xde_4 _paragraph_xtcu6_10 layout-component text-serif-m layout-normal text-serif-m layout-padded\">Vitner har fortalt til politiet at forn\u00e6rmede satt og tigget etter penger nederst i Karl Johans gate, like ved Jernbanetorget. <\/p>\n<p class=\"_paragraph_o9xde_4 _paragraph_xtcu6_10 layout-component text-serif-m layout-normal text-serif-m layout-padded\">\u2013 Det oppstod en uovernstemmelse mellom han og de fire mistenkte som f\u00f8rte til at han ble utsatt for vold ved slag og spark.<\/p>\n<p><img alt=\"Foto: VG-tipser\" class=\"_image_qp4xg_65 layout-component layout-normal\" data-fullscreen- data-track-element-type=\"Article image fullscreen\" data-track-name=\"ImageFullscreen\" decoding=\"async\" loading=\"lazy\" height=\"2420\" itemprop=\"image\"  src=\"https:\/\/www.europesays.com\/no\/wp-content\/uploads\/2025\/10\/5ed0862d-9eaf-40ce-b597-fa778ef4861a\"  style=\"object-position:0% 0%\" width=\"3013\"\/>Foto: VG-tipser    <img decoding=\"async\" alt=\"Tips oss illustrasjon\" src=\"https:\/\/www.europesays.com\/no\/wp-content\/uploads\/2025\/10\/pssst-small.webp.webp\"\/>    <\/p>\n<p class=\"title-serif-s\">Har du tips?<\/p>\n<p class=\"text-sans-m\">Send oss informasjon, bilder eller video.<\/p>\n<p>  <a href=\"https:\/\/www.vg.no\/tips-oss\" rel=\"nofollow noopener\" target=\"_blank\"> Tips oss <\/a>      <\/p>\n","protected":false},"excerpt":{"rendered":"Politiet har kontroll p\u00e5 fire personer i 20-\u00e5rene, som de mener slo og sparket forn\u00e6rmede gjentatte ganger. Politiet&hellip;\n","protected":false},"author":2,"featured_media":70585,"comment_status":"","ping_status":"","sticky":false,"template":"","format":"standard","meta":{"footnotes":""},"categories":[10],"tags":[31,20,21,24,25,15,22,23,13,30,28,29,14,636,16,254,468,26,27,493],"class_list":{"0":"post-70584","1":"post","2":"type-post","3":"status-publish","4":"format-standard","5":"has-post-thumbnail","7":"category-norge","8":"tag-breaking","9":"tag-breaking-news","10":"tag-breakingnews","11":"tag-featured-news","12":"tag-featurednews","13":"tag-headlines","14":"tag-latest-news","15":"tag-latestnews","16":"tag-news","17":"tag-no","18":"tag-norge","19":"tag-norway","20":"tag-nyheter","21":"tag-oslo","22":"tag-overskrifter","23":"tag-politi","24":"tag-politiet","25":"tag-top-stories","26":"tag-topstories","27":"tag-vold"},"share_on_mastodon":{"url":"https:\/\/pubeurope.com\/@no\/115441226712527145","error":""},"_links":{"self":[{"href":"https:\/\/www.europesays.com\/no\/wp-json\/wp\/v2\/posts\/70584","targetHints":{"allow":["GET"]}}],"collection":[{"href":"https:\/\/www.europesays.com\/no\/wp-json\/wp\/v2\/posts"}],"about":[{"href":"https:\/\/www.europesays.com\/no\/wp-json\/wp\/v2\/types\/post"}],"author":[{"embeddable":true,"href":"https:\/\/www.europesays.com\/no\/wp-json\/wp\/v2\/users\/2"}],"replies":[{"embeddable":true,"href":"https:\/\/www.europesays.com\/no\/wp-json\/wp\/v2\/comments?post=70584"}],"version-history":[{"count":0,"href":"https:\/\/www.europesays.com\/no\/wp-json\/wp\/v2\/posts\/70584\/revisions"}],"wp:featuredmedia":[{"embeddable":true,"href":"https:\/\/www.europesays.com\/no\/wp-json\/wp\/v2\/media\/70585"}],"wp:attachment":[{"href":"https:\/\/www.europesays.com\/no\/wp-json\/wp\/v2\/media?parent=70584"}],"wp:term":[{"taxonomy":"category","embeddable":true,"href":"https:\/\/www.europesays.com\/no\/wp-json\/wp\/v2\/categories?post=70584"},{"taxonomy":"post_tag","embeddable":true,"href":"https:\/\/www.europesays.com\/no\/wp-json\/wp\/v2\/tags?post=70584"}],"curies":[{"name":"wp","href":"https:\/\/api.w.org\/{rel}","templated":true}]}}