{"id":70606,"date":"2025-10-26T16:17:10","date_gmt":"2025-10-26T16:17:10","guid":{"rendered":"https:\/\/www.europesays.com\/no\/70606\/"},"modified":"2025-10-26T16:17:10","modified_gmt":"2025-10-26T16:17:10","slug":"manchester-city-snublet-tapte-0-1-mot-aston-villa-haaland-mallos-av-banen-for-forste-gang-pa-13-kamper","status":"publish","type":"post","link":"https:\/\/www.europesays.com\/no\/70606\/","title":{"rendered":"Manchester City snublet tapte 0\u20131 mot Aston Villa \u2013 Haaland m\u00e5ll\u00f8s av banen for f\u00f8rste gang p\u00e5 13 kamper"},"content":{"rendered":"\n<p class=\"_lead_o9xde_2 _lead_xtcu6_50 layout-component text-serif-m layout-normal text-serif-l layout-component layout-wide layout-padded _wide_17hqh_1 layout-padded\">Et tamt Manchester City-lag gikk p\u00e5 sitt f\u00f8rste nederlag siden 31. august.<\/p>\n<p><img alt=\" Foto: Andrew Couldridge \/ Reuters \/ NTB\" class=\"_image_qp4xg_65 layout-component layout-wide\" data-fullscreen- data-track-element-type=\"Article image fullscreen\" data-track-name=\"ImageFullscreen\" fetchpriority=\"high\" decoding=\"sync\" loading=\"eager\" height=\"1608\" itemprop=\"image\"  src=\"https:\/\/www.europesays.com\/no\/wp-content\/uploads\/2025\/10\/a6032ea7-b814-4bf8-b784-0f39ac839442\"  style=\"object-position:0% 0%\" width=\"2176\"\/> Foto: Andrew Couldridge \/ Reuters \/ NTB<\/p>\n<ul aria-hidden=\"true\" class=\"_images_18f0k_111\">\n<li><a class=\"_link_18f0k_116\" href=\"https:\/\/www.vg.no\/forfatter\/sindre-espe\" style=\"z-index:1\" title=\"Sindre Espe\" rel=\"nofollow noopener\" target=\"_blank\"><img alt=\"Bilde av Sindre Espe\" class=\"_image_18f0k_93\" fetchpriority=\"low\" loading=\"lazy\" decoding=\"async\" itemprop=\"image\"  src=\"https:\/\/www.europesays.com\/no\/wp-content\/uploads\/2025\/10\/1761495429_660_5d41d29b-af5f-421d-80e6-42e6d80fe76e\"  width=\"480\"\/><\/a><\/li>\n<\/ul>\n<p> Oppdatert s\u00f8ndag 26. oktober kl. 17:16     <\/p>\n<p class=\"_paragraph_o9xde_4 _paragraph_xtcu6_10 layout-component text-serif-m layout-normal text-serif-m layout-padded\">23. august mot Tottenham var sist gang superspissen gikk m\u00e5ll\u00f8s av banen.<\/p>\n<p class=\"_paragraph_o9xde_4 _paragraph_xtcu6_10 layout-component text-serif-m layout-normal text-serif-m layout-padded\">Haaland har v\u00e6rt i kalasform denne h\u00f8sten og\u00a0<a href=\"https:\/\/www.vg.no\/sport\/i\/Ey30q5\/premier-league-erling-braut-haaland-sin-beste-hoest\" data-track-element-type=\"Link\" data-track-id=\"link:Ey30q5\" class=\"_link_o9xde_39\" rel=\"nofollow noopener\" target=\"_blank\">knust egne scoringstall<\/a>. F\u00f8r Villa-kampen hadde han elleve m\u00e5l p\u00e5 \u00e5tte kamper i ligaen, og 15 p\u00e5 elleve i alle turneringer.<\/p>\n<p class=\"_paragraph_o9xde_4 _paragraph_xtcu6_10 layout-component text-serif-m layout-normal text-serif-m layout-padded\">Like f\u00f8r full tid skled han inn ballen i m\u00e5l, men ble umiddelbart avvinket for offside. I farten traff han stolpen med stor kraft og ble liggende i smerter \u2013 men kom seg p\u00e5 beina og fullf\u00f8rte kampen.<\/p>\n<p class=\"_paragraph_o9xde_4 _paragraph_xtcu6_10 layout-component text-serif-m layout-normal text-serif-m layout-padded\">B\u00e5de Haaland og Oscar Bobb startet for <a href=\"https:\/\/www.vg.no\/tag\/manchester-city?utm_source=vg-article&amp;utm_medium=auto-tagger&amp;utm_campaign=OoLPPq\" class=\"_link_o9xde_39\" rel=\"nofollow noopener\" target=\"_blank\">Manchester City<\/a>, som kom til Villa Park i h\u00e5p om \u00e5 forlenge sin ubeseirede rekke til ti kamper.<\/p>\n<p class=\"_paragraph_o9xde_4 _paragraph_xtcu6_10 layout-component text-serif-m layout-normal text-serif-m layout-padded\">Men City fikk det fryktelig tungt. Aston Villa vant 1\u20130 p\u00e5 hjemmebane og p\u00e5f\u00f8rte City deres f\u00f8rste tap siden 31. august.<\/p>\n<p><img alt=\"\" class=\"_image_qp4xg_65 layout-component layout-normal\" data-fullscreen- data-track-element-type=\"Article image fullscreen\" data-track-name=\"ImageFullscreen\" decoding=\"async\" loading=\"lazy\" height=\"2560\" itemprop=\"image\"  src=\"https:\/\/www.europesays.com\/no\/wp-content\/uploads\/2025\/10\/49154126-c9b4-4c8e-93fd-9e97e590ecfa\"  style=\"object-position:0% 0%\" width=\"2048\"\/><\/p>\n<p class=\"_paragraph_o9xde_4 _paragraph_xtcu6_10 layout-component text-serif-m layout-normal text-serif-m layout-padded\"><strong class=\"_strong_o9xde_25\">Grafikk:<\/strong> <a href=\"https:\/\/www.sofascore.com\/football\/match\/aston-villa-manchester-city\/rP#id:14025257?utm_source=vg.no&amp;utm_medium=FootballMatchStats\" class=\"_link_o9xde_39\" rel=\"nofollow noopener\" target=\"_blank\">Sofascore.com<\/a><\/p>\n<p class=\"_paragraph_o9xde_4 _paragraph_xtcu6_10 layout-component text-serif-m layout-normal text-serif-m layout-padded\">Spesielt de f\u00f8rste 45 minuttene var svake av Pep Guardiolas mannskap. <\/p>\n<p class=\"_paragraph_o9xde_4 _paragraph_xtcu6_10 layout-component text-serif-m layout-normal text-serif-m layout-padded\">\u2013 Dette har v\u00e6rt langt under forventning, sa Viaplay-ekspert Nils Johan Semb. <\/p>\n<p class=\"_paragraph_o9xde_4 _paragraph_xtcu6_10 layout-component text-serif-m layout-normal text-serif-m layout-padded\">Da scoret ogs\u00e5 Matty Cash kampens eneste m\u00e5l:<\/p>\n<p class=\"_paragraph_o9xde_4 _paragraph_xtcu6_10 layout-component text-serif-m layout-normal text-serif-m layout-padded\">Aston Villa har virkelig funnet formen etter en begredelig sesongstartbegredelig sesongstartDe seks f\u00f8rste kampene gikk de uten seier.. I Premier League kom de inn i kampen med tre seire p\u00e5 rad, og uten tap siden slutten av august. <\/p>\n<p class=\"_paragraph_o9xde_4 _paragraph_xtcu6_10 layout-component text-serif-m layout-normal text-serif-m layout-padded\">\u2013 En fullstendig fortjent seier. Villa hadde en treg start p\u00e5 sesongen, men n\u00e5 flyr de. Det var ventet at de kom til \u00e5 havne under press, men hvor mange store redninger m\u00e5tte Emi Martinez egentlig gj\u00f8re? Egentlig ingen, oppsummerer tidligere Premier League-spiss Clinton Morrison p\u00e5 radiosendingen til BBC. <\/p>\n<p class=\"_paragraph_o9xde_4 _paragraph_xtcu6_10 layout-component text-serif-m layout-normal text-serif-m layout-padded\">Samtidig som City tapte borte mot Aston Villa, vant Arsenal <a href=\"https:\/\/www.vg.no\/sport\/i\/GyzKbQ\/senket-gamle-lagkamerater-sikret-arsenals-syvende-strake-seier\" data-track-element-type=\"Link\" data-track-id=\"link:GyzKbQ\" class=\"_link_o9xde_39\" rel=\"nofollow noopener\" target=\"_blank\">1\u20130 hjemme mot Crystal Palace<\/a>. Etter ni serierunder er forspranget opp til serielederen n\u00e5 p\u00e5 seks poeng.<\/p>\n","protected":false},"excerpt":{"rendered":"Et tamt Manchester City-lag gikk p\u00e5 sitt f\u00f8rste nederlag siden 31. august. Foto: Andrew Couldridge \/ Reuters \/&hellip;\n","protected":false},"author":2,"featured_media":70607,"comment_status":"","ping_status":"","sticky":false,"template":"","format":"standard","meta":{"footnotes":""},"categories":[5],"tags":[8372,20,21,810,24,25,15,19,22,23,17,18,671,13,30,28,29,14,1386,16,161,26,27],"class_list":{"0":"post-70606","1":"post","2":"type-post","3":"status-publish","4":"format-standard","5":"has-post-thumbnail","7":"category-overskrifter","8":"tag-aston-villa","9":"tag-breaking-news","10":"tag-breakingnews","11":"tag-erling-braut-haaland","12":"tag-featured-news","13":"tag-featurednews","14":"tag-headlines","15":"tag-hovedoppslag","16":"tag-latest-news","17":"tag-latestnews","18":"tag-main-news","19":"tag-mainnews","20":"tag-manchester-city","21":"tag-news","22":"tag-no","23":"tag-norge","24":"tag-norway","25":"tag-nyheter","26":"tag-oscar-bobb","27":"tag-overskrifter","28":"tag-premier-league","29":"tag-top-stories","30":"tag-topstories"},"share_on_mastodon":{"url":"https:\/\/pubeurope.com\/@no\/115441372109619547","error":""},"_links":{"self":[{"href":"https:\/\/www.europesays.com\/no\/wp-json\/wp\/v2\/posts\/70606","targetHints":{"allow":["GET"]}}],"collection":[{"href":"https:\/\/www.europesays.com\/no\/wp-json\/wp\/v2\/posts"}],"about":[{"href":"https:\/\/www.europesays.com\/no\/wp-json\/wp\/v2\/types\/post"}],"author":[{"embeddable":true,"href":"https:\/\/www.europesays.com\/no\/wp-json\/wp\/v2\/users\/2"}],"replies":[{"embeddable":true,"href":"https:\/\/www.europesays.com\/no\/wp-json\/wp\/v2\/comments?post=70606"}],"version-history":[{"count":0,"href":"https:\/\/www.europesays.com\/no\/wp-json\/wp\/v2\/posts\/70606\/revisions"}],"wp:featuredmedia":[{"embeddable":true,"href":"https:\/\/www.europesays.com\/no\/wp-json\/wp\/v2\/media\/70607"}],"wp:attachment":[{"href":"https:\/\/www.europesays.com\/no\/wp-json\/wp\/v2\/media?parent=70606"}],"wp:term":[{"taxonomy":"category","embeddable":true,"href":"https:\/\/www.europesays.com\/no\/wp-json\/wp\/v2\/categories?post=70606"},{"taxonomy":"post_tag","embeddable":true,"href":"https:\/\/www.europesays.com\/no\/wp-json\/wp\/v2\/tags?post=70606"}],"curies":[{"name":"wp","href":"https:\/\/api.w.org\/{rel}","templated":true}]}}