{"id":70642,"date":"2025-10-26T16:52:28","date_gmt":"2025-10-26T16:52:28","guid":{"rendered":"https:\/\/www.europesays.com\/no\/70642\/"},"modified":"2025-10-26T16:52:28","modified_gmt":"2025-10-26T16:52:28","slug":"katy-perry-og-justin-trudeau-sett-hand-i-hand-i-paris-2","status":"publish","type":"post","link":"https:\/\/www.europesays.com\/no\/70642\/","title":{"rendered":"Katy Perry og Justin Trudeau sett h\u00e5nd i h\u00e5nd i Paris"},"content":{"rendered":"<p class=\"kicker \" style=\"\">Katy Perry og Justin Trudeau:<\/p>\n<p>  Romansespekulasjonene rundt Katy Perry og Canadas tidligere statsminister har haglet den siste tida. L\u00f8rdag kveld gjorde de lite for \u00e5 skjule at det er noe mellom dem.<\/p>\n<p>\n    INTERNASJONALE: Justin Trudeau og Katy Perry har vekket oppsikt verden over denne h\u00f8sten, med middagsdate i Montr\u00e9al, yachtbilder i California og bursdagsfeiring i Paris. Foto: Pa Photos \/ NTB\n  <\/p>\n<p>Katy Perry (41), en av ti\u00e5rets mest profilerte popstjerner, og Justin Trudeau (53), Canadas tidligere statsminister, har den siste tida satt fyr p\u00e5 rykteb\u00f8rsen.<\/p>\n<p>    <a itemprop=\"url\" href=\"https:\/\/www.dagbladet.no\/kjendis\/setter-fart-pa-ryktene\/83723912\" rel=\"nofollow noopener\" target=\"_blank\"><\/p>\n<p>      <img loading=\"lazy\" decoding=\"async\" src=\"https:\/\/www.europesays.com\/no\/wp-content\/uploads\/2025\/10\/83723932.webp\" width=\"980\" height=\"441\" title=\"Setter fart p\u00e5 ryktene\" alt=\"\" class=\"lazyload\" style=\"--aspect-ratio-image: 2.22; \"\/><\/p>\n<p>        Setter fart p\u00e5 ryktene<\/p>\n<p>    <\/a><\/p>\n<p class=\"font-weight-bold m-font-weight-bold\" data-lab-font_weight=\"font-weight-bold\">Den uventede duoen er blitt observert sammen ved flere anledninger, men har til n\u00e5 v\u00e6rt ordknappe om hvorvidt det faktisk er noe mellom dem. L\u00f8rdag kveld ble de nok en gang avbildet sammen, denne gang h\u00e5nd i h\u00e5nd.\u00a0<\/p>\n<p>If\u00f8lge\u00a0<a href=\"https:\/\/www.tmz.com\/2025\/10\/25\/justin-trudeau-katy-perry-paris-france\/\" rel=\"nofollow noopener\" target=\"_blank\">TMZ<\/a>\u00a0ble de m\u00f8tt av fotografer og nysgjerrige fans som hadde ventet p\u00e5 dem utenfor et lokale i Paris. Perry og\u00a0Trudeau skal ha v\u00e6rt sammen p\u00e5\u00a0kabar\u00e9showet \u00abCrazy Horse Paris\u00bb da de valgte \u00e5 vise kj\u00e6rtegn foran de oppm\u00f8tte.\u00a0<\/p>\n<p>Duoen skal if\u00f8lge TMZ ha hilst h\u00f8flig til de oppm\u00f8tte, f\u00f8r de satte seg i en ventende bil og forsvant ut i natta.<\/p>\n<p class=\"font-weight-bold m-font-weight-bold\" data-lab-font_weight=\"font-weight-bold\">Romansespekulasjonene startet allerede i juli, da duoen ble sett mens de spiste middag sammen i Montr\u00e9al, der Trudeau er f\u00f8dt og oppvokst.\u00a0<\/p>\n<p>Kort tid etter ble Trudeau sett p\u00e5 Perrys konsert i Montr\u00e9al.\u00a0<\/p>\n<p>M\u00f8tet i den kanadiske byen kom kort tid etter at Perry og hennes tidligere forlovede,\u00a0<a href=\"https:\/\/www.dagbladet.no\/kjendis\/bryter-forlovelsen\/83269464\" rel=\"nofollow noopener\" target=\"_blank\">Orlando Bloom (48)<\/a>, satte punktum for forholdet etter sju \u00e5r sammen.\u00a0<\/p>\n<p>    <a itemprop=\"url\" href=\"https:\/\/www.dagbladet.no\/kjendis\/avslort-av-bildene\/83712993\" rel=\"nofollow noopener\" target=\"_blank\"><\/p>\n<p>      <img loading=\"lazy\" decoding=\"async\" src=\"https:\/\/www.europesays.com\/no\/wp-content\/uploads\/2025\/10\/1761497548_740_83713178.webp\" width=\"980\" height=\"441\" title=\"Avsl\u00f8rt av bildene\" alt=\"\" class=\"lazyload\" style=\"--aspect-ratio-image: 2.22; \"\/><\/p>\n<p>        Avsl\u00f8rt av bildene<\/p>\n<p>    <\/a><\/p>\n<p>I oktober ble Perry og Trudeau observert igjen, denne gangen p\u00e5 Perrys luksusyacht utenfor Santa Barbara i California.\u00a0<\/p>\n<p>Paparazzibilder publisert av <a href=\"https:\/\/www.dailymail.co.uk\/tvshowbiz\/article-15183675\/Eye-popping-pictures-Katy-Perry-Justin-Trudeau-kisses-roaming-hands.html\" rel=\"nofollow noopener\" target=\"_blank\">Daily Mail<\/a>\u00a0viste dem tett omslynget p\u00e5 dekk.<\/p>\n","protected":false},"excerpt":{"rendered":"Katy Perry og Justin Trudeau: Romansespekulasjonene rundt Katy Perry og Canadas tidligere statsminister har haglet den siste tida.&hellip;\n","protected":false},"author":2,"featured_media":70555,"comment_status":"","ping_status":"","sticky":false,"template":"","format":"standard","meta":{"footnotes":""},"categories":[5],"tags":[20,21,24,25,15,19,8706,3007,479,22,23,17,18,13,30,28,29,14,16,3140,26,27],"class_list":{"0":"post-70642","1":"post","2":"type-post","3":"status-publish","4":"format-standard","5":"has-post-thumbnail","7":"category-overskrifter","8":"tag-breaking-news","9":"tag-breakingnews","10":"tag-featured-news","11":"tag-featurednews","12":"tag-headlines","13":"tag-hovedoppslag","14":"tag-justin-trudeau","15":"tag-katy-perry","16":"tag-kjendis","17":"tag-latest-news","18":"tag-latestnews","19":"tag-main-news","20":"tag-mainnews","21":"tag-news","22":"tag-no","23":"tag-norge","24":"tag-norway","25":"tag-nyheter","26":"tag-overskrifter","27":"tag-paris","28":"tag-top-stories","29":"tag-topstories"},"share_on_mastodon":{"url":"https:\/\/pubeurope.com\/@no\/115441509696900877","error":""},"_links":{"self":[{"href":"https:\/\/www.europesays.com\/no\/wp-json\/wp\/v2\/posts\/70642","targetHints":{"allow":["GET"]}}],"collection":[{"href":"https:\/\/www.europesays.com\/no\/wp-json\/wp\/v2\/posts"}],"about":[{"href":"https:\/\/www.europesays.com\/no\/wp-json\/wp\/v2\/types\/post"}],"author":[{"embeddable":true,"href":"https:\/\/www.europesays.com\/no\/wp-json\/wp\/v2\/users\/2"}],"replies":[{"embeddable":true,"href":"https:\/\/www.europesays.com\/no\/wp-json\/wp\/v2\/comments?post=70642"}],"version-history":[{"count":0,"href":"https:\/\/www.europesays.com\/no\/wp-json\/wp\/v2\/posts\/70642\/revisions"}],"wp:featuredmedia":[{"embeddable":true,"href":"https:\/\/www.europesays.com\/no\/wp-json\/wp\/v2\/media\/70555"}],"wp:attachment":[{"href":"https:\/\/www.europesays.com\/no\/wp-json\/wp\/v2\/media?parent=70642"}],"wp:term":[{"taxonomy":"category","embeddable":true,"href":"https:\/\/www.europesays.com\/no\/wp-json\/wp\/v2\/categories?post=70642"},{"taxonomy":"post_tag","embeddable":true,"href":"https:\/\/www.europesays.com\/no\/wp-json\/wp\/v2\/tags?post=70642"}],"curies":[{"name":"wp","href":"https:\/\/api.w.org\/{rel}","templated":true}]}}