{"id":70661,"date":"2025-10-26T17:25:54","date_gmt":"2025-10-26T17:25:54","guid":{"rendered":"https:\/\/www.europesays.com\/no\/70661\/"},"modified":"2025-10-26T17:25:54","modified_gmt":"2025-10-26T17:25:54","slug":"forde-naeringsliv-desse-er-nominerte-kven-er-din-favoritt","status":"publish","type":"post","link":"https:\/\/www.europesays.com\/no\/70661\/","title":{"rendered":"F\u00f8rde, N\u00e6ringsliv | Desse er nominerte. Kven er din favoritt?"},"content":{"rendered":"\n<p>I samband med Handelskonferansen skal F\u00f8rde Industri- og N\u00e6ringssamskipnad (FINS) dele ut to prisar: \u00c5rets servicemedarbeidar og \u00c5rets servicebedrift.<\/p>\n<p>Den siste veka har Firda-lesarane kunne nominere sine kandidatar til dei to prisane. Juryen har g\u00e5tt igjennom alle forslaga og valt ut dei toppkandidatane for dei to prisane.<\/p>\n<p>No kan du stemme p\u00e5 den du meiner fortener tittelen som \u00c5rets servicemedarbeidar og \u00c5rets servicebedrift.<\/p>\n<p>Desse er nominerte:<\/p>\n<p><b>\u00c5rets servicemedarbeidar: <\/b><\/p>\n<ul>\n<li>Torill Johanne \u00d8en, Kaffe Clothing<\/li>\n<li>Andreas Gloppholm Hjelle, Rema 1000 \u00d8yrane<\/li>\n<li>Bente Navelsaker Kj\u00f8rslevik, Skogstad Sport<\/li>\n<li>B\u00e5rd Nordal Inder\u00f8y, Telenorbutikken<\/li>\n<li>Karin Tefre, NonStopSko<\/li>\n<li>Maria Hoff Mortensbakke, Elkj\u00f8p<\/li>\n<li>Maria L. Johnsen, Peppes Pizza<\/li>\n<li>Synn\u00f8ve Vatn\u00f8y Fed\u00f8y, Storm<\/li>\n<li>Lene Hafstad, R\u00f8yst Mat &amp; Vin<\/li>\n<li>Bjarne Bergheim, Puls<\/li>\n<\/ul>\n<p><b>\u00c5rets servicebedrift: <\/b><\/p>\n<ul>\n<li>Eurosko\/DNA<\/li>\n<li>Olefine (Naustdal dampbakeri<\/li>\n<li>Puls<\/li>\n<\/ul>\n<p><b>Frist for \u00e5 stemme er onsdag 29. oktober klokka 12:00. <\/b><\/p>\n<p>Prisane vert delt ut under Handelskonferansen 2025, 30. oktober p\u00e5 Scandic Sunnfjord Hotel &amp; Spa.<\/p>\n<p>  <a href=\"https:\/\/www.firda.no\/5-15-1959969\" class=\"related-teaser has-image default-story-teaser article--c-eRUmMG article--c-eRUmMG-jKCPdD-design-default\" rel=\"nofollow noopener\" target=\"_blank\"><\/p>\n<p>    <img decoding=\"async\" loading=\"lazy\"  src=\"https:\/\/www.europesays.com\/no\/wp-content\/uploads\/2025\/10\/5_15_1609867+steen.jpg\" alt=\"\" class=\"brick-c-cFOWSL\" style=\"\"\/><\/p>\n<p>\n            Les ogs\u00e5<\/p>\n<p>              Kven er best p\u00e5 service i F\u00f8rde? Det kan du vere med \u00e5 bestemme\n        <\/p>\n<p>  <\/a><\/p>\n","protected":false},"excerpt":{"rendered":"I samband med Handelskonferansen skal F\u00f8rde Industri- og N\u00e6ringssamskipnad (FINS) dele ut to prisar: \u00c5rets servicemedarbeidar og \u00c5rets&hellip;\n","protected":false},"author":2,"featured_media":70662,"comment_status":"","ping_status":"","sticky":false,"template":"","format":"standard","meta":{"footnotes":""},"categories":[56],"tags":[36,60,61,3687,3523,62,30,28,29,1510],"class_list":{"0":"post-70661","1":"post","2":"type-post","3":"status-publish","4":"format-standard","5":"has-post-thumbnail","7":"category-naeringsliv","8":"tag-art","9":"tag-business","10":"tag-economy","11":"tag-forde","12":"tag-handel","13":"tag-naeringsliv","14":"tag-no","15":"tag-norge","16":"tag-norway","17":"tag-story"},"share_on_mastodon":{"url":"https:\/\/pubeurope.com\/@no\/115441643366501577","error":""},"_links":{"self":[{"href":"https:\/\/www.europesays.com\/no\/wp-json\/wp\/v2\/posts\/70661","targetHints":{"allow":["GET"]}}],"collection":[{"href":"https:\/\/www.europesays.com\/no\/wp-json\/wp\/v2\/posts"}],"about":[{"href":"https:\/\/www.europesays.com\/no\/wp-json\/wp\/v2\/types\/post"}],"author":[{"embeddable":true,"href":"https:\/\/www.europesays.com\/no\/wp-json\/wp\/v2\/users\/2"}],"replies":[{"embeddable":true,"href":"https:\/\/www.europesays.com\/no\/wp-json\/wp\/v2\/comments?post=70661"}],"version-history":[{"count":0,"href":"https:\/\/www.europesays.com\/no\/wp-json\/wp\/v2\/posts\/70661\/revisions"}],"wp:featuredmedia":[{"embeddable":true,"href":"https:\/\/www.europesays.com\/no\/wp-json\/wp\/v2\/media\/70662"}],"wp:attachment":[{"href":"https:\/\/www.europesays.com\/no\/wp-json\/wp\/v2\/media?parent=70661"}],"wp:term":[{"taxonomy":"category","embeddable":true,"href":"https:\/\/www.europesays.com\/no\/wp-json\/wp\/v2\/categories?post=70661"},{"taxonomy":"post_tag","embeddable":true,"href":"https:\/\/www.europesays.com\/no\/wp-json\/wp\/v2\/tags?post=70661"}],"curies":[{"name":"wp","href":"https:\/\/api.w.org\/{rel}","templated":true}]}}