{"id":70777,"date":"2025-10-26T19:59:09","date_gmt":"2025-10-26T19:59:09","guid":{"rendered":"https:\/\/www.europesays.com\/no\/70777\/"},"modified":"2025-10-26T19:59:09","modified_gmt":"2025-10-26T19:59:09","slug":"oskar-westerlin-ute-av-hotellet","status":"publish","type":"post","link":"https:\/\/www.europesays.com\/no\/70777\/","title":{"rendered":"Oskar Westerlin ute av \u00abHotellet\u00bb"},"content":{"rendered":"<p>Det ble et kort opphold i Nord-Italia for Oskar Westerlin (27) og faren, Petter Westerlin, som m\u00e5tte sjekke ut av<br \/>\n<a href=\"https:\/\/www.tv2.no\/underholdning\/disse-deltar-haper-jeg-ikke-blir-skutt\/18010283\/\" rel=\"nofollow noopener\" target=\"_blank\">\u00abHotellet\u00bb<\/a> allerede f\u00f8rste dag.\u00a0<\/p>\n<p>\u2013 Jeg mistenkte at vi kom til \u00e5 bli et \u00abtarget\u00bb.<br \/>\nAv en eller annen grunn vil folk alltid ha meg ut, sier 27-\u00e5ringen til TV 2.\u00a0<\/p>\n<p>Westerlin og faren er den andre duoen til \u00e5 forlate \u00abHotellet\u00bb \u2013 etter at Anne (67) og Eva B. Ragde\u00a0(62)\u00a0<a href=\"https:\/\/www.tv2.no\/video\/underholdning\/ute-av-hotellet-helt-sjokkartet\/20309267?abgroup=neste1b\" rel=\"nofollow noopener\" target=\"_blank\">ikke engang rakk \u00e5 sjekke inn.<\/a>\u00a0<\/p>\n<p>Historien gjentar seg\u00a0<\/p>\n<p>Influenseren har gjort seg kjent som en frittalende profil \u2013 og har st\u00e5tt i flere stormer, fra kontroversielle <a href=\"https:\/\/www.tv2.no\/underholdning\/raser-mot-gjett-homsen-video-dummeste-jeg-har-sett\/17255429\/\" style=\"letter-spacing: 0.01em;\" rel=\"nofollow noopener\" target=\"_blank\">\u00abGutta\u00bb-videoer<\/a> til \u00abverstingprisen\u00bb <a href=\"https:\/\/www.tv2.no\/underholdning\/fikk-verstingpris-uenig-i-kritikken\/17458123\/\" style=\"letter-spacing: 0.01em;\" rel=\"nofollow noopener\" target=\"_blank\">\u00c5rets Gullbarbie<\/a>.<\/p>\n<p>Han tror spillestilen i \u00abForr\u00e6der\u00bb og \u00abSpillet\u00bb, samt rollen i \u00abGutta\u00bb p\u00e5 sosiale medier,\u00a0har v\u00e6rt med p\u00e5 \u00e5 farge deltakernes oppfatning av ham.\u00a0<\/p>\n<p>\u2013\u00a0Det er dette imaget jeg har laget, som biter meg i r\u00e6va, sier han til TV 2.\u00a0<\/p>\n<p>Det er nemlig ikke f\u00f8rste gang han opplever \u00e5 ryke tidlig \u2013 ogs\u00e5 i \u00abSpillet\u00bb ble deltakelsen kortvarig. Her var han den <a href=\"https:\/\/www.tv2.no\/underholdning\/forutsa-utfallet-bare-drakk\/17654009\/\" rel=\"nofollow noopener\" target=\"_blank\">f\u00f8rste til \u00e5 bli eliminert for godt<\/a>.\u00a0<\/p>\n<p>\u2013 \u00a0Jeg trodde jeg var den f\u00f8rste som sendte hjem noen, men s\u00e5 er jeg faen meg den f\u00f8rste som blir sendt hjem, sa han til TV 2 den gang.\u00a0<\/p>\n<p>I \u00abForr\u00e6der\u00bb gikk det derimot nesten hele veien \u2013 Westerlin n\u00e5dde finalen, men m\u00e5tte <a href=\"https:\/\/www.tv2.no\/underholdning\/forraeder\/dramatikken-tv-seerne-ikke-fikk-se-i-forraeder-finalen\/16243831\/\" rel=\"nofollow noopener\" target=\"_blank\">se seg sl\u00e5tt p\u00e5 m\u00e5lstreken<\/a>,\u00a0da Marlene Stavrum (31) og Jon Martin Henriksen (35) stemte han ut i siste liten.\u00a0<\/p>\n<p>Gode venner\u00a0<\/p>\n<p>Selv om oppholdet i Nord-Italia ble kort, beskriver influenseren deltakelsen i\u00a0\u00abHotellet\u00bb som en positiv<br \/>\nopplevelse.\u00a0<\/p>\n<p> \u2013 Jeg hadde det hyggelig den lille tiden jeg var<br \/>\nder med pappa, men jeg skulle gjerne f\u00e5tt mer tid med Eva der inne.\u00a0<\/p>\n<p>Eva B. Ragde og Westerlin ble gode venner under deltakelsen i den tredje sesongen av \u00abForr\u00e6der\u00bb. De deler en felles interesse for sykling.\u00a0<\/p>\n<p>\u2013\u00a0Vi har til gode \u00e5 planlegge en sykkeltur, fordi det funker aldri for den ene eller andre. Men det blir definitivt en gang, sier 27-\u00e5ringen.<\/p>\n<p>        <img class=\"image__img lazyload\" itemprop=\"image\" title=\"Foto: Eira Kr\u00e5b\u00f8l \/ TV 2\" alt=\"\u00abFORR\u00c6DER \u00bb: Oskar Westerlin og Eva B. Ragde deltok begge i den tredje sesongen av \u00abForr\u00e6der\u00bb . Foto: Eira Kr\u00e5b\u00f8l \/ TV 2\" width=\"978\" height=\"551\" bad-src=\"https:\/\/www.europesays.com\/no\/wp-content\/uploads\/2025\/10\/18224161.webp\" fetchpriority=\"auto\" \/><\/p>\n<p>      \u00abFORR\u00c6DER \u00bb: Oskar Westerlin og Eva B. Ragde deltok begge i den tredje sesongen av \u00abForr\u00e6der\u00bb .<br \/>\n         Foto: Eira Kr\u00e5b\u00f8l \/ TV 2<\/p>\n<p>Westerlin er spent p\u00e5 hva som<br \/>\nventer seerne videre, og gleder seg til \u00e5 f\u00f8lge resten av sesongen:<\/p>\n<p>\u2013 Jeg tror det blir mer intriger og drama<br \/>\netter hvert, men sesongens \u00absnakkis\u00bb blir i hvert fall ikke oss, avslutter han.<\/p>\n","protected":false},"excerpt":{"rendered":"Det ble et kort opphold i Nord-Italia for Oskar Westerlin (27) og faren, Petter Westerlin, som m\u00e5tte sjekke&hellip;\n","protected":false},"author":2,"featured_media":70778,"comment_status":"","ping_status":"","sticky":false,"template":"","format":"standard","meta":{"footnotes":""},"categories":[58],"tags":[71,30,28,29,72],"class_list":{"0":"post-70777","1":"post","2":"type-post","3":"status-publish","4":"format-standard","5":"has-post-thumbnail","7":"category-underholdning","8":"tag-entertainment","9":"tag-no","10":"tag-norge","11":"tag-norway","12":"tag-underholdning"},"share_on_mastodon":{"url":"https:\/\/pubeurope.com\/@no\/115442244865239386","error":""},"_links":{"self":[{"href":"https:\/\/www.europesays.com\/no\/wp-json\/wp\/v2\/posts\/70777","targetHints":{"allow":["GET"]}}],"collection":[{"href":"https:\/\/www.europesays.com\/no\/wp-json\/wp\/v2\/posts"}],"about":[{"href":"https:\/\/www.europesays.com\/no\/wp-json\/wp\/v2\/types\/post"}],"author":[{"embeddable":true,"href":"https:\/\/www.europesays.com\/no\/wp-json\/wp\/v2\/users\/2"}],"replies":[{"embeddable":true,"href":"https:\/\/www.europesays.com\/no\/wp-json\/wp\/v2\/comments?post=70777"}],"version-history":[{"count":0,"href":"https:\/\/www.europesays.com\/no\/wp-json\/wp\/v2\/posts\/70777\/revisions"}],"wp:featuredmedia":[{"embeddable":true,"href":"https:\/\/www.europesays.com\/no\/wp-json\/wp\/v2\/media\/70778"}],"wp:attachment":[{"href":"https:\/\/www.europesays.com\/no\/wp-json\/wp\/v2\/media?parent=70777"}],"wp:term":[{"taxonomy":"category","embeddable":true,"href":"https:\/\/www.europesays.com\/no\/wp-json\/wp\/v2\/categories?post=70777"},{"taxonomy":"post_tag","embeddable":true,"href":"https:\/\/www.europesays.com\/no\/wp-json\/wp\/v2\/tags?post=70777"}],"curies":[{"name":"wp","href":"https:\/\/api.w.org\/{rel}","templated":true}]}}