{"id":70847,"date":"2025-10-26T22:01:11","date_gmt":"2025-10-26T22:01:11","guid":{"rendered":"https:\/\/www.europesays.com\/no\/70847\/"},"modified":"2025-10-26T22:01:11","modified_gmt":"2025-10-26T22:01:11","slug":"mistet-tetplassen-etter-189-dager-na-leder-lando-norris-vm","status":"publish","type":"post","link":"https:\/\/www.europesays.com\/no\/70847\/","title":{"rendered":"Mistet tetplassen etter 189 dager \u2013 n\u00e5 leder Lando Norris VM"},"content":{"rendered":"\n<p class=\"_lead_o9xde_2 _lead_xtcu6_50 layout-component text-serif-m layout-normal text-serif-l layout-component layout-wide layout-padded _wide_17hqh_1 layout-padded\">Etter \u00e5 ha ledet Formel 1-VM sammenhengende siden 20. april, mistet Oscar Piastri (24) s\u00f8ndag tetplassen.<\/p>\n<p> <img class=\"_image_qp4xg_65 layout-component layout-wide\" data-fullscreen- data-track-element-type=\"Article image fullscreen\" data-track-name=\"ImageFullscreen\" fetchpriority=\"high\" decoding=\"sync\" loading=\"eager\" height=\"102\" itemprop=\"image\"  src=\"https:\/\/www.europesays.com\/no\/wp-content\/uploads\/2025\/10\/71ca02ccfff6b19303f30d75f9526b22.jpg\"  style=\"object-position:50% 50%;aspect-ratio:1.75;height:auto;object-fit:cover;width:100%\" width=\"102\"\/>  <\/p>\n<ul aria-hidden=\"true\" class=\"_images_18f0k_111\">\n<li><a class=\"_link_18f0k_116\" href=\"https:\/\/www.vg.no\/forfatter\/ole-kristian-stroem\" style=\"z-index:1\" title=\"Ole Kristian Str\u00f8m\" rel=\"nofollow noopener\" target=\"_blank\"><img alt=\"Bilde av Ole Kristian Str\u00f8m\" class=\"_image_18f0k_93\" fetchpriority=\"low\" loading=\"lazy\" decoding=\"async\" itemprop=\"image\"  src=\"https:\/\/www.europesays.com\/no\/wp-content\/uploads\/2025\/10\/1761516071_772_dd65a725-93c8-4bec-9c8b-df4ed88aa4f8\"  width=\"480\"\/><\/a><\/li>\n<\/ul>\n<p> Oppdatert s\u00f8ndag 26. oktober kl. 22:57     <\/p>\n<p class=\"_paragraph_o9xde_4 _paragraph_xtcu6_10 layout-component text-serif-m layout-normal text-serif-m layout-padded\">McLaren-kollega Lando Norris (25) vant Mexico Grand Prix i suveren stil, mens australske Piastri m\u00e5tte n\u00f8ye seg med 5. plass.<\/p>\n<p class=\"_paragraph_o9xde_4 _paragraph_xtcu6_10 layout-component text-serif-m layout-normal text-serif-m layout-padded\">Det betyr at Norris har overtatt ledelsen i kampen om VM-tittelen n\u00e5r fire Grand Prix-helger gjenst\u00e5r (Brasil, Las Vegas, Qatar og Abu Dhabi). <\/p>\n<p class=\"_paragraph_o9xde_4 _paragraph_xtcu6_10 layout-component text-serif-m layout-normal text-serif-m layout-padded\">Han ligger ett poeng foran Piastri. Det er fortsatt 116 poeng \u00e5 kj\u00f8re om.<\/p>\n<p class=\"_paragraph_o9xde_4 _paragraph_xtcu6_10 layout-component text-serif-m layout-normal text-serif-m layout-padded\">\u2013 Piastri m\u00e5 finne ut av de utfordringene han har om dagen, sier Viaplay-ekspert Thomas Schie.<\/p>\n<p>VM-stillingen<\/p>\n<p class=\"_paragraph_o9xde_4 _paragraph_xtcu6_10 _paragraph_16v91_10 layout-component text-serif-m layout-normal text-sans-m layout-padded\">1. Norris 357.<\/p>\n<p class=\"_paragraph_o9xde_4 _paragraph_xtcu6_10 _paragraph_16v91_10 layout-component text-serif-m layout-normal text-sans-m layout-padded\">2. Piastri 356.<\/p>\n<p class=\"_paragraph_o9xde_4 _paragraph_xtcu6_10 _paragraph_16v91_10 layout-component text-serif-m layout-normal text-sans-m layout-padded\">3. Verstappen 321.<\/p>\n<p>Vis mer<\/p>\n<p class=\"_paragraph_o9xde_4 _paragraph_xtcu6_10 layout-component text-serif-m layout-normal text-serif-m layout-padded\">\u2013 Vi vet ikke hvordan styrkeforholdet blir i de resterende l\u00f8pene. Det vi har sett av Lando Norris her, er veldig imponerende, sier hans kollega Atle Gulbrandsen.<\/p>\n<p class=\"_paragraph_o9xde_4 _paragraph_xtcu6_10 layout-component text-serif-m layout-normal text-serif-m layout-padded\">Det er f\u00f8rste gang siden Jeddah i april at vi ser en endring i hvem som leder Formel 1-VM sammenlagt.<\/p>\n<p class=\"_paragraph_o9xde_4 _paragraph_xtcu6_10 layout-component text-serif-m layout-normal text-serif-m layout-padded\">For bare seks VM-runder siden var Piastri 34 poeng foran Lando Norris og 104 poeng foran Max Verstappen.<\/p>\n<p class=\"_paragraph_o9xde_4 _paragraph_xtcu6_10 layout-component text-serif-m layout-normal text-serif-m layout-padded\">\u2013 Dr\u00f8mmen er at tre f\u00f8rere fortsatt kan vinne VM n\u00e5r vi kommer til Abu Dhabi i siste runde, sier Atle Gulbrandsen p\u00e5 direkten.<\/p>\n<p class=\"_paragraph_o9xde_4 _paragraph_xtcu6_10 layout-component text-serif-m layout-normal text-serif-m layout-padded\">Oscar Piastri sliter om dagen. Han sikret seg bare syvende beste startspor i Mexico. Han hadde et par veldig sterke forbikj\u00f8ringer mot slutten &#8211; f\u00f8rst mot Kimi Antonelli, s\u00e5 <a href=\"https:\/\/www.vg.no\/tag\/george-russell?utm_source=vg-article&amp;utm_medium=auto-tagger&amp;utm_campaign=RzPQGa\" class=\"_link_o9xde_39\" rel=\"nofollow noopener\" target=\"_blank\">George Russell<\/a>.<\/p>\n<p class=\"_paragraph_o9xde_4 _paragraph_xtcu6_10 layout-component text-serif-m layout-normal text-serif-m layout-padded\">Lando Norris i pole position fikk en dr\u00f8mmestart og s\u00e5 seg aldri tilbake. Han vant foran Charles Leclerc (Ferrari) og Max Verstappen (Red Bull). Leclerc\u2019 2. plass ble reddet av virtuell sikkerhetsbil mot slutten. <\/p>\n<p class=\"_paragraph_o9xde_4 _paragraph_xtcu6_10 layout-component text-serif-m layout-normal text-serif-m layout-padded\">Oliver Bearman i Haas hadde en glitrende dag bak rattet og fikk sin beste plassering i Formel 1-karrieren: 4. plass.<\/p>\n<p class=\"_paragraph_o9xde_4 _paragraph_xtcu6_10 layout-component text-serif-m layout-normal text-serif-m layout-padded\">\u2013 Et ganske greit l\u00f8p for meg, sier Norris i seiersintervjuet.<\/p>\n<p class=\"_paragraph_o9xde_4 _paragraph_xtcu6_10 layout-component text-serif-m layout-normal text-serif-m layout-padded\">Lewis Hamilton fikk ti sekunders straff for \u00e5 ha hatt fordel av \u00e5 forlate banen. Han bremset for sent og m\u00e5tte kj\u00f8re rett fram.<\/p>\n<p class=\"_paragraph_o9xde_4 _paragraph_xtcu6_10 layout-component text-serif-m layout-normal text-serif-m layout-padded\">\u2013 En streng straff, sier Viaplay-ekspert Thomas Schie p\u00e5 direkten.<\/p>\n<p class=\"_paragraph_o9xde_4 _paragraph_xtcu6_10 layout-component text-serif-m layout-normal text-serif-m layout-padded\">\u2013 Det er s\u00e5 d\u00e5rlig veigrep der, sier en frustrert Hamilton selv p\u00e5 teamradioen.<\/p>\n<p class=\"_paragraph_o9xde_4 _paragraph_xtcu6_10 layout-component text-serif-m layout-normal text-serif-m layout-padded\">Alpine-bilene slet kraftig i Mexico og kom p\u00e5 de to siste plassen av de 17 f\u00f8rerne som fullf\u00f8rte.<\/p>\n<p class=\"_paragraph_o9xde_4 _paragraph_xtcu6_10 layout-component text-serif-m layout-normal text-serif-m layout-padded\">\u2013 Det beste Formel 1-l\u00f8pet p\u00e5 en god stund, er Atle Gulbrandsens oppsummering av Mexico Grand Prix.<\/p>\n","protected":false},"excerpt":{"rendered":"Etter \u00e5 ha ledet Formel 1-VM sammenhengende siden 20. april, mistet Oscar Piastri (24) s\u00f8ndag tetplassen. Oppdatert s\u00f8ndag&hellip;\n","protected":false},"author":2,"featured_media":70848,"comment_status":"","ping_status":"","sticky":false,"template":"","format":"standard","meta":{"footnotes":""},"categories":[59],"tags":[2026,9920,7467,4626,1120,30,28,29,83,82],"class_list":{"0":"post-70847","1":"post","2":"type-post","3":"status-publish","4":"format-standard","5":"has-post-thumbnail","7":"category-sport","8":"tag-formel-1","9":"tag-george-russell","10":"tag-lewis-hamilton","11":"tag-max-verstappen","12":"tag-motorsport","13":"tag-no","14":"tag-norge","15":"tag-norway","16":"tag-sport","17":"tag-sports"},"share_on_mastodon":{"url":"https:\/\/pubeurope.com\/@no\/115442724675105546","error":""},"_links":{"self":[{"href":"https:\/\/www.europesays.com\/no\/wp-json\/wp\/v2\/posts\/70847","targetHints":{"allow":["GET"]}}],"collection":[{"href":"https:\/\/www.europesays.com\/no\/wp-json\/wp\/v2\/posts"}],"about":[{"href":"https:\/\/www.europesays.com\/no\/wp-json\/wp\/v2\/types\/post"}],"author":[{"embeddable":true,"href":"https:\/\/www.europesays.com\/no\/wp-json\/wp\/v2\/users\/2"}],"replies":[{"embeddable":true,"href":"https:\/\/www.europesays.com\/no\/wp-json\/wp\/v2\/comments?post=70847"}],"version-history":[{"count":0,"href":"https:\/\/www.europesays.com\/no\/wp-json\/wp\/v2\/posts\/70847\/revisions"}],"wp:featuredmedia":[{"embeddable":true,"href":"https:\/\/www.europesays.com\/no\/wp-json\/wp\/v2\/media\/70848"}],"wp:attachment":[{"href":"https:\/\/www.europesays.com\/no\/wp-json\/wp\/v2\/media?parent=70847"}],"wp:term":[{"taxonomy":"category","embeddable":true,"href":"https:\/\/www.europesays.com\/no\/wp-json\/wp\/v2\/categories?post=70847"},{"taxonomy":"post_tag","embeddable":true,"href":"https:\/\/www.europesays.com\/no\/wp-json\/wp\/v2\/tags?post=70847"}],"curies":[{"name":"wp","href":"https:\/\/api.w.org\/{rel}","templated":true}]}}