{"id":70961,"date":"2025-10-27T04:50:09","date_gmt":"2025-10-27T04:50:09","guid":{"rendered":"https:\/\/www.europesays.com\/no\/70961\/"},"modified":"2025-10-27T04:50:09","modified_gmt":"2025-10-27T04:50:09","slug":"ulykke-ved-raelingstunellen-alvorlig","status":"publish","type":"post","link":"https:\/\/www.europesays.com\/no\/70961\/","title":{"rendered":"Ulykke ved R\u00e6lingstunellen: \u2013 Alvorlig"},"content":{"rendered":"\n<p class=\"_lead_o9xde_2 _lead_xtcu6_50 layout-component text-serif-m layout-normal text-serif-l layout-component layout-wide layout-padded _wide_17hqh_1 layout-padded\">En person er fraktet til sykehus etter en trafikkulykke ved R\u00e6lingstunellen p\u00e5 riksvei 159. Ulykken framst\u00e5r som alvorlig, if\u00f8lge politiet.<\/p>\n<ul aria-hidden=\"true\" class=\"_images_18f0k_111\">\n<li><a class=\"_link_18f0k_116\" href=\"https:\/\/www.vg.no\/forfatter\/ntb\" style=\"z-index:1\" title=\"NTB\" rel=\"nofollow noopener\" target=\"_blank\"><img alt=\"Bilde av NTB\" class=\"_image_18f0k_93\" fetchpriority=\"low\" loading=\"lazy\" decoding=\"async\" itemprop=\"image\"  src=\"https:\/\/www.europesays.com\/no\/wp-content\/uploads\/2025\/10\/1761540609_188_c33980b0-5d07-4027-84a1-813f90a7c8d6\"  width=\"480\"\/><\/a><\/li>\n<\/ul>\n<p> Oppdatert mandag 27. oktober kl. 05:23     <\/p>\n<p class=\"_paragraph_o9xde_4 _paragraph_xtcu6_10 layout-component text-serif-m layout-normal text-serif-m layout-padded\">Ulykken har skjedd retning <a href=\"https:\/\/www.vg.no\/tag\/lillestroem?utm_source=vg-article&amp;utm_medium=auto-tagger&amp;utm_campaign=93j0Lw\" class=\"_link_o9xde_39\" rel=\"nofollow noopener\" target=\"_blank\">Lillestr\u00f8m<\/a> i forkant av R\u00e6lingstunellen. Politiet opplyser at en person er fraktet til Ullev\u00e5l sykehus etter en p\u00e5kj\u00f8rsel bakfra.<\/p>\n<p class=\"_paragraph_o9xde_4 _paragraph_xtcu6_10 layout-component text-serif-m layout-normal text-serif-m layout-padded\">\u2013 Ulykken framst\u00e5r alvorlig, opplyser oppdragsleder Endre Metteson Aulie i \u00d8st politidistrikt.<\/p>\n<p class=\"_paragraph_o9xde_4 _paragraph_xtcu6_10 layout-component text-serif-m layout-normal text-serif-m layout-padded\">Et felt er stengt, opplyser politiet. N\u00f8detatene rykket ut til ulykken ved 4.45-tiden mandag. <\/p>\n","protected":false},"excerpt":{"rendered":"En person er fraktet til sykehus etter en trafikkulykke ved R\u00e6lingstunellen p\u00e5 riksvei 159. Ulykken framst\u00e5r som alvorlig,&hellip;\n","protected":false},"author":2,"featured_media":70962,"comment_status":"","ping_status":"","sticky":false,"template":"","format":"standard","meta":{"footnotes":""},"categories":[5],"tags":[20,21,24,25,15,19,22,23,729,17,18,13,30,28,29,14,16,1823,26,27,51],"class_list":{"0":"post-70961","1":"post","2":"type-post","3":"status-publish","4":"format-standard","5":"has-post-thumbnail","7":"category-overskrifter","8":"tag-breaking-news","9":"tag-breakingnews","10":"tag-featured-news","11":"tag-featurednews","12":"tag-headlines","13":"tag-hovedoppslag","14":"tag-latest-news","15":"tag-latestnews","16":"tag-lillestrom","17":"tag-main-news","18":"tag-mainnews","19":"tag-news","20":"tag-no","21":"tag-norge","22":"tag-norway","23":"tag-nyheter","24":"tag-overskrifter","25":"tag-raelingen","26":"tag-top-stories","27":"tag-topstories","28":"tag-ulykke"},"share_on_mastodon":{"url":"https:\/\/pubeurope.com\/@no\/115444332971155125","error":""},"_links":{"self":[{"href":"https:\/\/www.europesays.com\/no\/wp-json\/wp\/v2\/posts\/70961","targetHints":{"allow":["GET"]}}],"collection":[{"href":"https:\/\/www.europesays.com\/no\/wp-json\/wp\/v2\/posts"}],"about":[{"href":"https:\/\/www.europesays.com\/no\/wp-json\/wp\/v2\/types\/post"}],"author":[{"embeddable":true,"href":"https:\/\/www.europesays.com\/no\/wp-json\/wp\/v2\/users\/2"}],"replies":[{"embeddable":true,"href":"https:\/\/www.europesays.com\/no\/wp-json\/wp\/v2\/comments?post=70961"}],"version-history":[{"count":0,"href":"https:\/\/www.europesays.com\/no\/wp-json\/wp\/v2\/posts\/70961\/revisions"}],"wp:featuredmedia":[{"embeddable":true,"href":"https:\/\/www.europesays.com\/no\/wp-json\/wp\/v2\/media\/70962"}],"wp:attachment":[{"href":"https:\/\/www.europesays.com\/no\/wp-json\/wp\/v2\/media?parent=70961"}],"wp:term":[{"taxonomy":"category","embeddable":true,"href":"https:\/\/www.europesays.com\/no\/wp-json\/wp\/v2\/categories?post=70961"},{"taxonomy":"post_tag","embeddable":true,"href":"https:\/\/www.europesays.com\/no\/wp-json\/wp\/v2\/tags?post=70961"}],"curies":[{"name":"wp","href":"https:\/\/api.w.org\/{rel}","templated":true}]}}