{"id":71051,"date":"2025-10-27T07:55:28","date_gmt":"2025-10-27T07:55:28","guid":{"rendered":"https:\/\/www.europesays.com\/no\/71051\/"},"modified":"2025-10-27T07:55:28","modified_gmt":"2025-10-27T07:55:28","slug":"eliteserien-hamkam-slo-kristiansund-3-1","status":"publish","type":"post","link":"https:\/\/www.europesays.com\/no\/71051\/","title":{"rendered":"Eliteserien: HamKam slo Kristiansund 3\u20131"},"content":{"rendered":"\n<p class=\"_lead_o9xde_2 _lead_xtcu6_50 layout-component text-serif-m layout-normal text-serif-l layout-component layout-wide layout-padded _wide_17hqh_1 layout-padded\">Svenske Anton Ekeroths kanonkule bidro til at faren for kvalifiseringsspill er kraftig redusert for HamKam i sesongavslutningen. KBK ble sl\u00e5tt 3-1 s\u00f8ndag.<\/p>\n<p> <img class=\"_image_qp4xg_65 layout-component layout-wide\" data-fullscreen- data-track-element-type=\"Article image fullscreen\" data-track-name=\"ImageFullscreen\" fetchpriority=\"high\" decoding=\"sync\" loading=\"eager\" height=\"57\" itemprop=\"image\"  src=\"https:\/\/www.europesays.com\/no\/wp-content\/uploads\/2025\/10\/9c4743406fd1f6240927b0b870da322c.jpg\"  style=\"object-position:50% 50%;aspect-ratio:1.75;height:auto;object-fit:cover;width:100%\" width=\"102\"\/>  <\/p>\n<ul aria-hidden=\"true\" class=\"_images_18f0k_111\">\n<li><a class=\"_link_18f0k_116\" href=\"https:\/\/www.vg.no\/forfatter\/ntb\" style=\"z-index:1\" title=\"NTB\" rel=\"nofollow noopener\" target=\"_blank\"><img alt=\"Bilde av NTB\" class=\"_image_18f0k_93\" fetchpriority=\"low\" loading=\"lazy\" decoding=\"async\" itemprop=\"image\"  src=\"https:\/\/www.europesays.com\/no\/wp-content\/uploads\/2025\/10\/1761551728_209_c33980b0-5d07-4027-84a1-813f90a7c8d6\"  width=\"480\"\/><\/a><\/li>\n<\/ul>\n<p> Oppdatert s\u00f8ndag 26. oktober kl. 22:02     <\/p>\n<p class=\"_paragraph_o9xde_4 _paragraph_xtcu6_10 layout-component text-serif-m layout-normal text-serif-m layout-padded\">Det var lenge m\u00e5ll\u00f8st i s\u00f8ndagens kamp i Kristiansund. Med tap kunne <a href=\"https:\/\/www.vg.no\/tag\/hamkam?utm_source=vg-article&amp;utm_medium=auto-tagger&amp;utm_campaign=zAWXaw\" class=\"_link_o9xde_39\" rel=\"nofollow noopener\" target=\"_blank\">HamKam<\/a> p\u00e5 ingen m\u00e5te ha f\u00f8lt seg trygg i nedrykkskampen med fire kamper igjen \u00e5 spille.<\/p>\n<p class=\"_paragraph_o9xde_4 _paragraph_xtcu6_10 layout-component text-serif-m layout-normal text-serif-m layout-padded\">S\u00f8ndagens seier gj\u00f8r imidlertid situasjonen langt mer positiv. Mannskapet til Thomas Myhre st\u00e5r n\u00e5 med tre seirer og \u00e9n uavgjort p\u00e5 de fire siste kampene.<\/p>\n<p class=\"_paragraph_o9xde_4 _paragraph_xtcu6_10 layout-component text-serif-m layout-normal text-serif-m layout-padded\">Den f\u00f8rste scoringen p\u00e5 Nordm\u00f8re kom snaut midtveis i annen omgang. Da konkluderte dommer Eivind Bodding med at KBKs Marius Olsen hadde v\u00e6rt for t\u00f8ff i en duell i feltet med Kristian Lien.<\/p>\n<p class=\"_paragraph_o9xde_4 _paragraph_xtcu6_10 layout-component text-serif-m layout-normal text-serif-m layout-padded\">Det p\u00e5f\u00f8lgende straffesparket satte nederlandske Luc Mares sikkert i m\u00e5l.<\/p>\n<p class=\"_paragraph_o9xde_4 _paragraph_xtcu6_10 layout-component text-serif-m layout-normal text-serif-m layout-padded\">Deretter fikk Anton Ekeroth kjempetreff fra distanse. Svensken la ballen til rette for seg og hamret den i hj\u00f8rnet bak Kristiansunds keeper Adrian S\u00e6ther.<\/p>\n<p class=\"_paragraph_o9xde_4 _paragraph_xtcu6_10 layout-component text-serif-m layout-normal text-serif-m layout-padded\">Den smellen klarte aldri hjemmelaget \u00e5 reise seg fra.<\/p>\n<p class=\"_paragraph_o9xde_4 _paragraph_xtcu6_10 layout-component text-serif-m layout-normal text-serif-m layout-padded\">I stedet kom det mer fra gjestene. 20-\u00e5ringen Ethan Amundsen-Day \u00f8kte til 3-0 ved \u00e5 score sitt f\u00f8rste Kamma-m\u00e5l.<\/p>\n<p class=\"_paragraph_o9xde_4 _paragraph_xtcu6_10 layout-component text-serif-m layout-normal text-serif-m layout-padded\">Leander Alvheims 1-3-m\u00e5l rett f\u00f8r slutt ble mager KBK-tr\u00f8st. For hjemmelaget var det nemlig lite positivt \u00e5 ta med seg fra s\u00f8ndagens kamp. Allerede i pausen felte Niklas \u00d8deg\u00e5rd en t\u00f8ff dom over eget lag. <\/p>\n<p class=\"_paragraph_o9xde_4 _paragraph_xtcu6_10 layout-component text-serif-m layout-normal text-serif-m layout-padded\">\u2013 Vi starter bra. Etter hvert kommer de med mer direktespill spill og sl\u00e5r noen innlegg. N\u00e5r vi f\u00f8rst blir lave, finner vi ikke ut hvordan vi l\u00f8fter oss. Atferden er for d\u00e5rlig, det er for d\u00e5rlig kroppsspr\u00e5k og det virker helt d\u00f8dt utp\u00e5 her, sa han til TV 2.<\/p>\n<p class=\"_paragraph_o9xde_4 _paragraph_xtcu6_10 layout-component text-serif-m layout-normal text-serif-m layout-padded\">Kristiansund ligger n\u00e5 p\u00e5 12.-plass p\u00e5 tabellen, plassen bak HamKam.<\/p>\n","protected":false},"excerpt":{"rendered":"Svenske Anton Ekeroths kanonkule bidro til at faren for kvalifiseringsspill er kraftig redusert for HamKam i sesongavslutningen. KBK&hellip;\n","protected":false},"author":2,"featured_media":71052,"comment_status":"","ping_status":"","sticky":false,"template":"","format":"standard","meta":{"footnotes":""},"categories":[59],"tags":[134,92,870,3210,30,28,29,83,82],"class_list":{"0":"post-71051","1":"post","2":"type-post","3":"status-publish","4":"format-standard","5":"has-post-thumbnail","7":"category-sport","8":"tag-eliteserien","9":"tag-fotball","10":"tag-hamkam","11":"tag-kristiansund-bk","12":"tag-no","13":"tag-norge","14":"tag-norway","15":"tag-sport","16":"tag-sports"},"share_on_mastodon":{"url":"https:\/\/pubeurope.com\/@no\/115445060638149167","error":""},"_links":{"self":[{"href":"https:\/\/www.europesays.com\/no\/wp-json\/wp\/v2\/posts\/71051","targetHints":{"allow":["GET"]}}],"collection":[{"href":"https:\/\/www.europesays.com\/no\/wp-json\/wp\/v2\/posts"}],"about":[{"href":"https:\/\/www.europesays.com\/no\/wp-json\/wp\/v2\/types\/post"}],"author":[{"embeddable":true,"href":"https:\/\/www.europesays.com\/no\/wp-json\/wp\/v2\/users\/2"}],"replies":[{"embeddable":true,"href":"https:\/\/www.europesays.com\/no\/wp-json\/wp\/v2\/comments?post=71051"}],"version-history":[{"count":0,"href":"https:\/\/www.europesays.com\/no\/wp-json\/wp\/v2\/posts\/71051\/revisions"}],"wp:featuredmedia":[{"embeddable":true,"href":"https:\/\/www.europesays.com\/no\/wp-json\/wp\/v2\/media\/71052"}],"wp:attachment":[{"href":"https:\/\/www.europesays.com\/no\/wp-json\/wp\/v2\/media?parent=71051"}],"wp:term":[{"taxonomy":"category","embeddable":true,"href":"https:\/\/www.europesays.com\/no\/wp-json\/wp\/v2\/categories?post=71051"},{"taxonomy":"post_tag","embeddable":true,"href":"https:\/\/www.europesays.com\/no\/wp-json\/wp\/v2\/tags?post=71051"}],"curies":[{"name":"wp","href":"https:\/\/api.w.org\/{rel}","templated":true}]}}