{"id":71131,"date":"2025-10-27T10:00:28","date_gmt":"2025-10-27T10:00:28","guid":{"rendered":"https:\/\/www.europesays.com\/no\/71131\/"},"modified":"2025-10-27T10:00:28","modified_gmt":"2025-10-27T10:00:28","slug":"sikreste-vei-ut-av-jobben","status":"publish","type":"post","link":"https:\/\/www.europesays.com\/no\/71131\/","title":{"rendered":"Sikreste vei ut av jobben"},"content":{"rendered":"<p class=\"kicker \" style=\"\">F\u00f8dselspermisjon:<\/p>\n<p>  NRK kaller det fornyelse. Jeg kaller det diskriminering.<\/p>\n<p>\n    TIDLIGERE PROGRAMLEDER: Hedda Kise, med fortid i NRK og TV 2. Foto: J\u00f8rn H. Moen \/ Dagbladet\n  <\/p>\n<p class=\"italic m-italic\" data-lab-italic=\"italic\">Hedda Kise er tidligere programleder i NRK og TV2. Hun er medforfatter av boken Lederoppskrifter, teamutvikler og podcast-vert, og\u00a0programansvarlig for en konferansen om mangfoldsledelse Unity Summit i Grieghallen i Bergen i februar.<\/p>\n<p>NRK hevder at det var behovet for \u00abfornyelse\u00bb som gjorde at programleder Ulrikke Brandstorp\u00a0<a href=\"https:\/\/www.vg.no\/rampelys\/i\/KMOrRG\/ulrikke-brandstorp-ferdig-i-bakemesterskapet-skuffa\" rel=\"nofollow noopener\" target=\"_blank\">ikke fikk fortsette som programleder for Bakemesterskapet, etter f\u00f8dsel og mammaperm<\/a>.<\/p>\n<p>Men la oss v\u00e6re \u00e6rlige: TV-bransjen lever ikke av nye ansikter &#8211; de lever av f\u00f8lelsen av \u00e5 komme hjem &#8211; til de stemmene og ansiktene som vi er vant til at er der. Derfor skiftes programledere ut minst mulig.<\/p>\n<p>    <a itemprop=\"url\" href=\"https:\/\/www.dagbladet.no\/meninger\/gruer-meg-til-a-dra\/83715640\" rel=\"nofollow noopener\" target=\"_blank\"><\/p>\n<p>      <img loading=\"lazy\" decoding=\"async\" src=\"https:\/\/www.europesays.com\/no\/wp-content\/uploads\/2025\/10\/83723519.webp\" width=\"980\" height=\"441\" title=\"Gruer meg til \u00e5 dra\" alt=\"\" class=\"lazyload\" style=\"--aspect-ratio-image: 2.22; \"\/><\/p>\n<p>        Gruer meg til \u00e5 dra<\/p>\n<p>    <\/a><\/p>\n<p>Jon Almaas ledet \u00abNytt p\u00e5 nytt\u00bb i 17 \u00e5r. B\u00e5rd Tufte Johansen har sittet i stolen i \u00e5tte \u00e5r. Ivar Dyrhaug holdt koken i \u00abBeat for Beat\u00bb i 16 \u00e5r f\u00f8r Atle Pettersen holdt det g\u00e5ende i ni \u00e5r til. K\u00e5re Magnus Bergh frontet Stjernekamp i elleve sesonger f\u00f8r det tok pause et par \u00e5r og kom tilbake med Stian Staysman Thorbj\u00f8rnsen.\u00a0<\/p>\n<p>S\u00e5 sp\u00f8rsm\u00e5let vi b\u00f8r stille er: ville Ulrikke Brandstorp mest sannsynlig fortsatt v\u00e6rt programleder for Bakemesterskapet hvis hun ikke hadde f\u00f8dt? Hvis svaret er ja, er det per definisjon diskriminering, if\u00f8lge\u00a0<a href=\"https:\/\/ldo.no\/diskrimineringsgrunnlag\/graviditet\/\" rel=\"nofollow noopener\" target=\"_blank\">likestillings- og diskrimineringsombudets<\/a>\u00a0retningslinjer.<\/p>\n<p>    Har du ogs\u00e5 noe p\u00e5 hjertet?<\/p>\n<p>Har du en mening som du gjerne vil dele med oss? Vi vil h\u00f8re fra deg! Send oss ditt forslag til debattinnlegg p\u00e5\u00a0<a href=\"https:\/\/www.dagbladet.no\/meninger\/sikreste-vei-ut-av-jobben\/mailto:debatt@dagbladet.no\" rel=\"nofollow noopener\" target=\"_blank\">epost<\/a>.<\/p>\n<p>Et meningsinnlegg b\u00f8r ikke overstige 5000 tegn.<\/p>\n<p>      Vis mer<br \/>\n      Vis mindre<\/p>\n<p>I midten av oktober<a href=\"https:\/\/www.nrk.no\/norge\/brandstorp-motte-nrk-i-dagsnytt-18_-_-jeg-mener-de-har-brutt-kontrakten-1.17610079\" rel=\"nofollow noopener\" target=\"_blank\">\u00a0kom det ogs\u00e5 fram p\u00e5 Dagsnytt 18 at det ikke var fornyelse som var \u00e5rsaken<\/a>\u00a0til programlederbyttet som i realiteten skjedde da Brandstrop f\u00f8dte. Hun \u00f8nsket \u00e5 jobbe og hadde medisinsk st\u00f8tte p\u00e5 at det var forsvarlig.<\/p>\n<p>Barnefaren kunne v\u00e6re p\u00e5 sykehuset med det premature barnet mens mor var p\u00e5 jobb, men NRK sa nei. Det f\u00f8ltes mindre usikkert og mer forutsigbart for produksjonen \u00e5 ikke bruke en programleder som har et prematurt barn p\u00e5 sykehuset. De hevder at begrunnelsen f\u00f8rst og fremst ble tatt av hensyn til mor, men det blir det samme som \u00e5 si at kvinner ikke vet sitt eget beste.<\/p>\n<p>Seinere kom alts\u00e5 ogs\u00e5 behovet for \u00abfornyelse\u00bb.<\/p>\n<p>I etterkant har lege\u00a0<a href=\"https:\/\/www.vg.no\/nyheter\/i\/lwp5Vy\/ulrikke-burde-faatt-jobbe\" rel=\"nofollow noopener\" target=\"_blank\">Kaveh Rashidi skiftet mening. Han skriver at Ulrikke Brandstorp burde f\u00e5tt lov til \u00e5 fortsette<\/a>\u00a0som programleder for Bakemesterskapet.<\/p>\n<p>          <img loading=\"lazy\" decoding=\"async\" src=\"https:\/\/www.europesays.com\/no\/wp-content\/uploads\/2025\/10\/83772342.webp\" width=\"980\" height=\"559\" title=\"SLUTTET I TV2: - Det er en liten kj\u00e6rlighetssorg, jeg innr\u00f8mmer det. Det er et langt forhold som n\u00e5 tar slutt. Foto: J\u00f8rn H. Moen \/ Dagbladet\" alt=\"\" class=\"\" style=\"--aspect-ratio-image: 1.75; \"\/><\/p>\n<p>\n          SLUTTET I TV2: &#8211; Det er en liten kj\u00e6rlighetssorg, jeg innr\u00f8mmer det. Det er et langt forhold som n\u00e5 tar slutt. Foto: J\u00f8rn H. Moen \/ Dagbladet\n      <\/p>\n<p>Han peker p\u00e5 at det \u00e5 bli mor kan bremse karrieren til kvinner, langt mer enn farskap begrenser menn.<\/p>\n<p>Jeg ble selv erstattet som programleder etter mammapermisjon &#8211; ikke \u00e9n gang, men tre. F\u00f8rste gang i God Morgen Norge, og deretter to ganger til. Hver gang jeg kom tilbake, var plassen min opptatt. En periode med alvorlig sykdom stoppet programlederkarrieren for godt.<\/p>\n<p>Ingen sa at jeg ikke var flink eller at det var behov for fornyelse &#8211; snarere tvert imot. Du f\u00e5r kanskje ogs\u00e5 h\u00f8re at lederen st\u00e5r i en vanskelig situasjon. Det l\u00f8nner seg nemlig ikke \u00e5 skifte programleder for ofte. Det skaper merarbeid, det p\u00e5virker seertallene negativt, og dessuten m\u00e5 du tenke p\u00e5 dem som har hatt jobben midlertidig og som gjerne vil fortsette.<\/p>\n<p>          <img loading=\"lazy\" decoding=\"async\" src=\"https:\/\/www.europesays.com\/no\/wp-content\/uploads\/2025\/10\/83772352.webp\" width=\"686\" height=\"392\" title=\"\u00abBR\u00c5KMAKER\u00bb: Hun har ikke blitt kontaktet for andre roller eller jobber p\u00e5 TV, forteller hun. - Det er konsekvensen av \u00e5 si noe h\u00f8yt. Jeg blir plutselig sett p\u00e5 som en br\u00e5kmaker. Det er derfor dette er et samfunnsproblem, sier Ulrikke, som f\u00f8dte Timotheus i mai. Foto: John Terje Pedersen \/ Dagbladet\" alt=\"\" class=\"\" style=\"--aspect-ratio-image: 1.75; \"\/><\/p>\n<p>\n          \u00abBR\u00c5KMAKER\u00bb: Hun har ikke blitt kontaktet for andre roller eller jobber p\u00e5 TV, forteller hun. &#8211; Det er konsekvensen av \u00e5 si noe h\u00f8yt. Jeg blir plutselig sett p\u00e5 som en br\u00e5kmaker. Det er derfor dette er et samfunnsproblem, sier Ulrikke, som f\u00f8dte Timotheus i mai. Foto: John Terje Pedersen \/ Dagbladet\n      <\/p>\n<p>Hvis du f\u00f8rst har f\u00e5tt vikar, s\u00e5 er du ute.<\/p>\n<p>I praksis betyr det at lojalitet og erfaring taper mot n\u00e6rv\u00e6r og relasjoner. Derfor har kvinner svakere stillingsvern enn menn &#8211; ogs\u00e5 i faste stillinger &#8211; fordi de har mer frav\u00e6r pga. f\u00f8dsel, permisjon og sykdom.<\/p>\n<p>I arbeidet med boken Lederoppskrifter, som jeg har skrevet sammen med en rekke av landets fremste forskere p\u00e5 ledelse og organisasjon, ble det enda tydeligere for meg: god ledelse og innovasjon sjelden handler om \u00e5 bytte ut folk. Det handler tvert om \u00e5 ta vare p\u00e5 folka.<\/p>\n<p>Det viktigste en organisasjon har, er menneskene. God fornyelse handler\u00a0ikke\u00a0om \u00e5 skifte ut programlederne eller andre medarbeidere. Det handler om \u00e5 fornye innholdet, samarbeidet og medarbeidernes kompetanse.<\/p>\n<p>    <a itemprop=\"url\" href=\"https:\/\/www.dagbladet.no\/kjendis\/har-ikke-hort-fra-nrk\/83720795\" rel=\"nofollow noopener\" target=\"_blank\"><\/p>\n<p>      <img loading=\"lazy\" decoding=\"async\" src=\"https:\/\/www.europesays.com\/no\/wp-content\/uploads\/2025\/10\/1761559226_604_83734333.webp\" width=\"980\" height=\"441\" title=\"Har ikke h\u00f8rt fra NRK\" alt=\"\" class=\"lazyload\" style=\"--aspect-ratio-image: 2.22; \"\/><\/p>\n<p>        Har ikke h\u00f8rt fra NRK<\/p>\n<p>    <\/a><\/p>\n<p>Et arbeidsliv som ikke t\u00e5ler hastef\u00f8dsler og permisjon, t\u00e5ler heller ikke mennesker.<\/p>\n<p>Vi m\u00e5 slutte \u00e5 late som det er \u00abfornyelse\u00bb n\u00e5r man velger \u00e5 fortsette med vikaren. Det er ikke innovativt &#8211; det er bare den enkleste l\u00f8sningen for arbeidsgiver.<\/p>\n<p>Sosiolog Marte Bentdal sier\u00a0<a href=\"https:\/\/www.vg.no\/nyheter\/i\/3MWRaX\/skjerp-dere-nrk\" rel=\"nofollow noopener\" target=\"_blank\">\u00abSkjerp dere, NRK!\u00bb<\/a>, men dette handler om mer enn Brandstorp og mer enn TV-bransjen. Den handler om et m\u00f8nster kvinner i mange andre yrker har kjent p\u00e5 i \u00e5revis.<\/p>\n<p><a href=\"https:\/\/www.vg.no\/nyheter\/i\/mPXe4E\/permisjonen-kan-koste-deg-jobben\" rel=\"nofollow noopener\" target=\"_blank\">Derfor sier jeg:\u00a0<\/a><a href=\"https:\/\/www.vg.no\/nyheter\/i\/mPXe4E\/permisjonen-kan-koste-deg-jobben\" rel=\"nofollow noopener\" target=\"_blank\">Skjerp deg, Norge!<\/a><\/p>\n<p>    Dette skjedde:<\/p>\n<ul>\n<li>NRK valgte \u00e5 g\u00e5 videre uten Ulrikke, og satte i stedet inn Julie Str\u00f8msv\u00e5g (42) som programleder.\u00a0<\/li>\n<li>Programredakt\u00f8r Kristin Ytre-Arne forklarte utskiftingen med at de \u00f8nsket \u00e5 fornye \u00abBakemesterskapet\u00bb i sesong 4.<\/li>\n<li>Ulrikke, som ikke er fast ansatt i NRK, mente at NRK br\u00f8t kontrakten og at avgj\u00f8relsen ble tatt uten \u00e5 involvere henne.\u00a0<\/li>\n<li>Hun opplevde \u00e5 bli fratatt muligheten til \u00e5 jobbe\u00a0p\u00e5 grunn av at hun var nybakt mor.\u00a0<\/li>\n<li>Hun mente at dette br\u00f8t diskrimineringsloven.<\/li>\n<li>NRK avviste anklagene. De mente at avgj\u00f8relsen tok hensyn til mor og barn, ikke jobben.<\/li>\n<li>Saken utl\u00f8sete en debatt om\u00a0arbeidsliv, permisjon og likestilling, og\u00a0<a href=\"https:\/\/www.dagbladet.no\/kjendis\/ikke-greit\/83697748\" target=\"_blank\" rel=\"nofollow noopener\">flere har vist st\u00f8tte til Brandstorp<\/a>, og NRK har mottatt\u00a0<a href=\"https:\/\/www.dagbladet.no\/kjendis\/stor-skam-av-nrk\/83699649#:~:text=Nyheten%20har%20f%C3%A5tt%20mange%20til,kommentarfeltet%20til%20det%20f%C3%B8lelsesladde%20innlegget.\" target=\"_blank\" rel=\"nofollow noopener\">n\u00e6r hundre klager<\/a>\u00a0etter beslutningen.<\/li>\n<\/ul>\n<p>      Vis mer<br \/>\n      Vis mindre<\/p>\n<p><a href=\"https:\/\/www.facebook.com\/hedda.kise.5\/posts\/25358644147076577\" rel=\"nofollow noopener\" target=\"_blank\">Over ti tusen har likt innleggene mine om saken p\u00e5 Facebook<\/a>\u00a0og LinkedIn. Mange hundre har lagt igjen kommentarer og delt mine innlegg. Alt fra finansfolk til leger forteller om det samme: Etter f\u00f8dsel og permisjon fikk de ikke komme tilbake til den rollen som de hadde opparbeidet seg. Bare det \u00e5 si at man \u00f8nsker seg barn, har gjort at flere har miste muligheter. De fleste av dem har fast jobb. Det handler ikke om \u00f8konomi, men om like muligheter til \u00e5 utvikle seg p\u00e5 arbeidsmarkedet.<\/p>\n<p>Jeg merker meg at\u00a0<a href=\"https:\/\/www.facebook.com\/hedda.five\/posts\/10161632906257073\" rel=\"nofollow noopener\" target=\"_blank\">tidligere ordf\u00f8rer Hedda Foss Five er oppr\u00f8rt over denne forskjellsbehandlingen.<\/a>\u00a0Jeg h\u00e5per at hun ogs\u00e5 legger press p\u00e5 gamle kolleger p\u00e5 Stortinget.<\/p>\n<p>    <a itemprop=\"url\" href=\"https:\/\/www.dagbladet.no\/meninger\/ikke-sett-en-eneste-direktor\/83710199\" rel=\"nofollow noopener\" target=\"_blank\"><\/p>\n<p>      <img loading=\"lazy\" decoding=\"async\" src=\"https:\/\/www.europesays.com\/no\/wp-content\/uploads\/2025\/10\/1761559228_327_83710211.webp\" width=\"980\" height=\"441\" title=\"- Ikke sett \u00e9n eneste direkt\u00f8r\" alt=\"\" class=\"lazyload\" style=\"--aspect-ratio-image: 2.22; \"\/><\/p>\n<p>        &#8211; Ikke sett \u00e9n eneste direkt\u00f8r<\/p>\n<p>    <\/a><\/p>\n<p>I dag f\u00f8der kvinner i snitt 1,4 barn som er et historisk lavt tall. Samtidig formaner norske rikspolitikere oss til \u00e5 f\u00f8de flere barn. I stedet b\u00f8r de sp\u00f8rre seg hvorfor s\u00e5 mange kvinner ikke velger \u00e5 f\u00e5 mer enn ett barn. De kan starte med \u00e5 s\u00f8rge for at diskrimineringsvernet fungerer etter intensjonen.<\/p>\n<p>Dette handler ikke bare om kvinner. Menn har ogs\u00e5 skj\u00f8nt hvordan systemet fungerer. Mange tar kortere pappaperm, ikke fordi de ikke \u00f8nsker \u00e5 v\u00e6re sammen med barna sine, men fordi de vet hva et frav\u00e6r kan koste.<\/p>\n<p>Menn unng\u00e5r permisjon for \u00e5 beskytte jobben, mens kvinner mister jobben p\u00e5 grunn av permisjon.<\/p>\n<p>S\u00e5 inntil videre er mitt r\u00e5d til Ulrikke Brandstorp, til mine fire d\u00f8tre og til alle i f\u00f8dealder: ikke f\u00e5 flere barn f\u00f8r samfunnet har sikret at m\u00f8dre ikke kan bli \u00abfornyet bort\u00bb ved f\u00f8dsel og permisjon.<\/p>\n<p>Da vil kanskje AS Norge v\u00e5kne.<\/p>\n","protected":false},"excerpt":{"rendered":"F\u00f8dselspermisjon: NRK kaller det fornyelse. Jeg kaller det diskriminering. TIDLIGERE PROGRAMLEDER: Hedda Kise, med fortid i NRK og&hellip;\n","protected":false},"author":2,"featured_media":71132,"comment_status":"","ping_status":"","sticky":false,"template":"","format":"standard","meta":{"footnotes":""},"categories":[10],"tags":[20,21,37,24,25,15,4265,22,23,156,13,30,28,29,14,16,26,27],"class_list":{"0":"post-71131","1":"post","2":"type-post","3":"status-publish","4":"format-standard","5":"has-post-thumbnail","7":"category-norge","8":"tag-breaking-news","9":"tag-breakingnews","10":"tag-debatt","11":"tag-featured-news","12":"tag-featurednews","13":"tag-headlines","14":"tag-kronikk","15":"tag-latest-news","16":"tag-latestnews","17":"tag-meninger","18":"tag-news","19":"tag-no","20":"tag-norge","21":"tag-norway","22":"tag-nyheter","23":"tag-overskrifter","24":"tag-top-stories","25":"tag-topstories"},"share_on_mastodon":{"url":"https:\/\/pubeurope.com\/@no\/115445552286601590","error":""},"_links":{"self":[{"href":"https:\/\/www.europesays.com\/no\/wp-json\/wp\/v2\/posts\/71131","targetHints":{"allow":["GET"]}}],"collection":[{"href":"https:\/\/www.europesays.com\/no\/wp-json\/wp\/v2\/posts"}],"about":[{"href":"https:\/\/www.europesays.com\/no\/wp-json\/wp\/v2\/types\/post"}],"author":[{"embeddable":true,"href":"https:\/\/www.europesays.com\/no\/wp-json\/wp\/v2\/users\/2"}],"replies":[{"embeddable":true,"href":"https:\/\/www.europesays.com\/no\/wp-json\/wp\/v2\/comments?post=71131"}],"version-history":[{"count":0,"href":"https:\/\/www.europesays.com\/no\/wp-json\/wp\/v2\/posts\/71131\/revisions"}],"wp:featuredmedia":[{"embeddable":true,"href":"https:\/\/www.europesays.com\/no\/wp-json\/wp\/v2\/media\/71132"}],"wp:attachment":[{"href":"https:\/\/www.europesays.com\/no\/wp-json\/wp\/v2\/media?parent=71131"}],"wp:term":[{"taxonomy":"category","embeddable":true,"href":"https:\/\/www.europesays.com\/no\/wp-json\/wp\/v2\/categories?post=71131"},{"taxonomy":"post_tag","embeddable":true,"href":"https:\/\/www.europesays.com\/no\/wp-json\/wp\/v2\/tags?post=71131"}],"curies":[{"name":"wp","href":"https:\/\/api.w.org\/{rel}","templated":true}]}}