{"id":71143,"date":"2025-10-27T10:12:06","date_gmt":"2025-10-27T10:12:06","guid":{"rendered":"https:\/\/www.europesays.com\/no\/71143\/"},"modified":"2025-10-27T10:12:06","modified_gmt":"2025-10-27T10:12:06","slug":"trine-wiggen-far-ros-som-bitchy-svigermor-bladet-no","status":"publish","type":"post","link":"https:\/\/www.europesays.com\/no\/71143\/","title":{"rendered":"Trine Wiggen f\u00e5r ros som \u00abbitchy svigermor\u00bb &#8211; bladet.no"},"content":{"rendered":"<ol>\n<li><a href=\"https:\/\/news.google.com\/rss\/articles\/CBMihgFBVV95cUxOZjRwRHU0cTV6MFdfLXkxdXdsZ3hUazRiOWhQZWl3UDJnVWhtVXY4V3BDRXBCQ1VxVHpBZUFDRzNTakw3UHh6azVnaE5RQXRvd2pIUWl0ZGo3dllOdXJvbGduSmQtcU05MTRqeGE4SUZiN25KbDQ1dHpMWHBNbnhQdGpLQXR6UQ?oc=5\" target=\"_blank\" rel=\"nofollow noopener\">Trine Wiggen f\u00e5r ros som \u00abbitchy svigermor\u00bb<\/a>&nbsp;&nbsp;bladet.no<\/li>\n<li><a href=\"https:\/\/news.google.com\/rss\/articles\/CBMif0FVX3lxTE0tNExvblRIbnFuakRmd0JOTHQycEZfcHZFVFpfWGVxYnhQaU1QUXlHTnNKZDlneVpFTEpOOHdYSHZGLW8zRzN5UlFhSC1BVFZDOWpxOUtTZ3VybW5mU0VWdHBySzdCZFp1Qjh3V2FUY2U2RVZoSE1Ld0ZtQ0VSQzQ?oc=5\" target=\"_blank\" rel=\"nofollow noopener\">\u00abS\u00f8skenkos fra helvete\u00bb<\/a>&nbsp;&nbsp;NRK<\/li>\n<li><a href=\"https:\/\/news.google.com\/rss\/articles\/CBMiqwFBVV95cUxPclVZSDE5X2R0NDZnTXRvTmVKckIwRnlkOEIyaHVKZ0ViTXBybEcxaTBaQVU0TTNqUlJKbjBFMERHakVjVmQtaXBfSi1XQmxjVW1XU0dNZzhRWENyWVZzdFFwQlplRGhDZVFMM0U5OThOM19BYl9BWVhsY2pTaFJtSWN2X0QtOVVCLV9uUXhZOWtUdFdPbGJ2MVM5Mm9nSXRkcXlGc1p2NHphRDQ?oc=5\" target=\"_blank\" rel=\"nofollow noopener\">Henriette Steenstrup innr\u00f8mmer at hun kanskje er litt \u00abNepobaby\u00bb selv.<\/a>&nbsp;&nbsp;Aftenposten<\/li>\n<li><a href=\"https:\/\/news.google.com\/rss\/articles\/CBMidkFVX3lxTE15T1lueTlKVlRZQUJqSS1XSU1MNWpsbDhHY29RTk1PdVNxejBBMk0zNFRhVzdnblZPTmRsRlZWODM0QVZlY0gzLVItSC1EekNXRUJZZExpNVhvUGxpMk8zd2VKMEVnZmJhYU9WNWtNQ2ZjV1NNMHc?oc=5\" target=\"_blank\" rel=\"nofollow noopener\">Anmeldelse: Forn\u00f8yelig komiserie med slitsom svigermor fra Stj\u00f8rdal<\/a>&nbsp;&nbsp;adressa.no<\/li>\n<li><a href=\"https:\/\/news.google.com\/rss\/articles\/CBMifEFVX3lxTFBaNGtLTG1PUUJoVXQxWUl6M1A2UDdycldtWDZEQWV5TzFCUmZ4S0MxamlRNFYtdVlNeEdiZWJNemh2QllTN1MwUEJ4ZHFfdlptNnlYMkcwTmxnYnJVY0wwNURPYThjX3V2ckNYRFhzQUpXVS1VN1JQZXVqdUs?oc=5\" target=\"_blank\" rel=\"nofollow noopener\">&#8211; Det f\u00f8les viktig \u00e5 v\u00e6re \u00e6rlig<\/a>&nbsp;&nbsp;kk.no<\/li>\n<\/ol>\n","protected":false},"excerpt":{"rendered":"Trine Wiggen f\u00e5r ros som \u00abbitchy svigermor\u00bb&nbsp;&nbsp;bladet.no \u00abS\u00f8skenkos fra helvete\u00bb&nbsp;&nbsp;NRK Henriette Steenstrup innr\u00f8mmer at hun kanskje er litt&hellip;\n","protected":false},"author":2,"featured_media":71144,"comment_status":"","ping_status":"","sticky":false,"template":"","format":"standard","meta":{"footnotes":""},"categories":[58],"tags":[71,30,28,29,72],"class_list":{"0":"post-71143","1":"post","2":"type-post","3":"status-publish","4":"format-standard","5":"has-post-thumbnail","7":"category-underholdning","8":"tag-entertainment","9":"tag-no","10":"tag-norge","11":"tag-norway","12":"tag-underholdning"},"share_on_mastodon":{"url":"https:\/\/pubeurope.com\/@no\/115445599022917230","error":""},"_links":{"self":[{"href":"https:\/\/www.europesays.com\/no\/wp-json\/wp\/v2\/posts\/71143","targetHints":{"allow":["GET"]}}],"collection":[{"href":"https:\/\/www.europesays.com\/no\/wp-json\/wp\/v2\/posts"}],"about":[{"href":"https:\/\/www.europesays.com\/no\/wp-json\/wp\/v2\/types\/post"}],"author":[{"embeddable":true,"href":"https:\/\/www.europesays.com\/no\/wp-json\/wp\/v2\/users\/2"}],"replies":[{"embeddable":true,"href":"https:\/\/www.europesays.com\/no\/wp-json\/wp\/v2\/comments?post=71143"}],"version-history":[{"count":0,"href":"https:\/\/www.europesays.com\/no\/wp-json\/wp\/v2\/posts\/71143\/revisions"}],"wp:featuredmedia":[{"embeddable":true,"href":"https:\/\/www.europesays.com\/no\/wp-json\/wp\/v2\/media\/71144"}],"wp:attachment":[{"href":"https:\/\/www.europesays.com\/no\/wp-json\/wp\/v2\/media?parent=71143"}],"wp:term":[{"taxonomy":"category","embeddable":true,"href":"https:\/\/www.europesays.com\/no\/wp-json\/wp\/v2\/categories?post=71143"},{"taxonomy":"post_tag","embeddable":true,"href":"https:\/\/www.europesays.com\/no\/wp-json\/wp\/v2\/tags?post=71143"}],"curies":[{"name":"wp","href":"https:\/\/api.w.org\/{rel}","templated":true}]}}