{"id":71157,"date":"2025-10-27T10:24:21","date_gmt":"2025-10-27T10:24:21","guid":{"rendered":"https:\/\/www.europesays.com\/no\/71157\/"},"modified":"2025-10-27T10:24:21","modified_gmt":"2025-10-27T10:24:21","slug":"populariteten-faller","status":"publish","type":"post","link":"https:\/\/www.europesays.com\/no\/71157\/","title":{"rendered":"Populariteten faller"},"content":{"rendered":"<p>  Ny unders\u00f8kelse viser at Donald Trumps st\u00f8tte blant latinamerikanske voksne g\u00e5r i feil retning.\u00a0<\/p>\n<p>\n    NEDG\u00c5ENDE KURVE: Donald Trumps st\u00f8tte fra latinamerikanske velgere faller. Foto: AP Photo \/ Mark Schiefelbein \/ NTB\n  <\/p>\n<p>De latinamerikanske velgerne i USA var en n\u00f8kkelgruppe for president Donald Trump (79) da han sikret valgseier i 2024. N\u00e5 tyder mye p\u00e5 at gruppen har snudd i sitt syn p\u00e5 79-\u00e5ringen.\u00a0<\/p>\n<p>Det kommer fram i en ny unders\u00f8kelse gjennomf\u00f8rt av nyhetsbyr\u00e5et <a href=\"https:\/\/apnews.com\/article\/hispanics-trump-popularity-poll-presidential-approval-favorability-6d33973a92db786df0c6a55a8c6872ca\" rel=\"nofollow noopener\" target=\"_blank\">AP<\/a>.\u00a0<\/p>\n<p class=\"font-weight-bold m-font-weight-bold\" data-lab-font_weight=\"font-weight-bold\">&#8211;\u00a0Endringen kan varsle problemer for republikanerne, som fors\u00f8ker \u00e5 befeste st\u00f8tten i denne voksende velgergruppen foran fremtidige valg.\u00a0<\/p>\n<p>    <a itemprop=\"url\" href=\"https:\/\/borsen.dagbladet.no\/nyheter\/han-er-en-drittsekk\/83759580\" rel=\"nofollow noopener\" target=\"_blank\"><\/p>\n<p>      <img loading=\"lazy\" decoding=\"async\" src=\"https:\/\/www.europesays.com\/no\/wp-content\/uploads\/2025\/10\/83759598.webp\" width=\"980\" height=\"441\" title=\"- Han er en drittsekk\" alt=\"\" class=\"lazyload\" style=\"--aspect-ratio-image: 2.22; \"\/><\/p>\n<p>        &#8211; Han er en drittsekk<\/p>\n<p>    <\/a><\/p>\n<p>\u00abEt mulig varsko\u00bb\t<\/p>\n<p>Mange latinamerikanske velgere ble i fjor motivert av \u00f8konomiske bekymringer, og den nye m\u00e5lingen viser at til tross for Trumps l\u00f8fter om \u00f8konomisk gjenreisning, opplever latinamerikanske voksne fortsatt st\u00f8rre \u00f8konomisk press enn amerikanere generelt, skriver nyhetsbyr\u00e5et.\u00a0<\/p>\n<p>If\u00f8lge AP VoteCast utgjorde latinamerikanske velgere 10 prosent av velgermassen i 2024, og antallet stemmeberettigede i denne gruppen \u00f8ker raskt.<\/p>\n<p class=\"font-weight-bold m-font-weight-bold\" data-lab-font_weight=\"font-weight-bold\">AP beskriver utviklingen som\u00a0\u00abet mulig varsko\u00bb.\u00a0<\/p>\n<p>        FRUSTRERT: Ikke p\u00e5 grunn av sp\u00f8rsm\u00e5let i seg selv, men fordi han ikke forstod \u00abet ord\u00bb av hva den franske reporteren sa. Video: AP. Reporter: Anabelle Bruun\/Dagbladet TV<\/p>\n<p>Unders\u00f8kelsen ble gjennomf\u00f8rt mellom 9 og 13. oktober og viser at 25 prosent av latinamerkanske voksne har et\u00a0\u00abnoe\u00bb eller\u00a0\u00absv\u00e6rt\u00bb positivt syn p\u00e5 Trump. Det er en nedgang fra 44 prosent, sammenliknet med en unders\u00f8kelse f\u00f8r Trumps andre presidentperiode.\u00a0<\/p>\n<p>&#8211; Mulig bekymringsverdig trend\t<\/p>\n<p>Andelen som mener landet er p\u00e5 vei i feil retning har ogs\u00e5 \u00f8kt de siste m\u00e5nedene, fra 63 prosent i mars til 73 prosent i oktober.\u00a0<\/p>\n<p>Siden mars har tallet p\u00e5 de som\u00a0\u00abgodkjente Trumps presidentjobb\u00bb falt med 14 prosent.\u00a0<\/p>\n<p>De siste m\u00e5nedene har latinamerikanske lokalsamfunn ogs\u00e5 v\u00e6rt m\u00e5l for presidentens harde innvandringslinje. M\u00e5lingen viser at st\u00f8tten til Trumps h\u00e5ndtering av innvandringspolitikken blant latinamerikanske voksne har falt noe siden mars.<\/p>\n<p>    <a itemprop=\"url\" href=\"https:\/\/www.dagbladet.no\/nyheter\/sjokkerer-nasjonal-skam\/83767738\" rel=\"nofollow noopener\" target=\"_blank\"><\/p>\n<p>      <img loading=\"lazy\" decoding=\"async\" src=\"https:\/\/www.europesays.com\/no\/wp-content\/uploads\/2025\/10\/1761560661_324_83769896.webp\" width=\"147\" height=\"98\" title=\"Sjokkerer: - Nasjonal skam\" alt=\"\" class=\"lazyload\" style=\"--aspect-ratio-image: 1.50; \"\/><\/p>\n<p>        Sjokkerer: &#8211; Nasjonal skam<\/p>\n<p>    <\/a><\/p>\n<p>Trumps angrep p\u00e5 innvandring har rammet b\u00e5de lavtl\u00f8nte og h\u00f8yt utdannede arbeidstakere, i en tid der \u00f8konomien allerede er usikker p\u00e5 grunn av hans uforutsigbare handelspolitikk, forklarer AP.\u00a0<\/p>\n<p class=\"font-weight-bold m-font-weight-bold\" data-lab-font_weight=\"font-weight-bold\">&#8211;\u00a0I tillegg viser m\u00e5lingen en mulig bekymringsverdig trend for presidenten: yngre latinamerikanere og latinamerikanske menn &#8211; to grupper som i fjor beveget seg kraftig mot ham &#8211; har n\u00e5 et mer negativt syn.<\/p>\n<p class=\"font-weight-normal m-font-weight-normal\" data-lab-font_weight=\"font-weight-normal\">M\u00e5lingen viser tegn til at Trumps harde innvandringspolitikk kan ha fremmedgjort enkelte latinamerikanske voksne. De siste m\u00e5nedene har presidenten doblet innsatsen for masseutvisninger, med \u00f8kte politiaksjoner i latinamerikanske nabolag i blant annet Chicago, skriver nyhetsbyr\u00e5et.\u00a0<\/p>\n","protected":false},"excerpt":{"rendered":"Ny unders\u00f8kelse viser at Donald Trumps st\u00f8tte blant latinamerikanske voksne g\u00e5r i feil retning.\u00a0 NEDG\u00c5ENDE KURVE: Donald Trumps&hellip;\n","protected":false},"author":2,"featured_media":71158,"comment_status":"","ping_status":"","sticky":false,"template":"","format":"standard","meta":{"footnotes":""},"categories":[12],"tags":[20,21,9952,55,24,25,15,22,23,13,30,28,29,14,16,9953,26,27,50,412,42,43,44,45],"class_list":{"0":"post-71157","1":"post","2":"type-post","3":"status-publish","4":"format-standard","5":"has-post-thumbnail","7":"category-verden","8":"tag-breaking-news","9":"tag-breakingnews","10":"tag-demokrater","11":"tag-donald-trump","12":"tag-featured-news","13":"tag-featurednews","14":"tag-headlines","15":"tag-latest-news","16":"tag-latestnews","17":"tag-news","18":"tag-no","19":"tag-norge","20":"tag-norway","21":"tag-nyheter","22":"tag-overskrifter","23":"tag-republikanere","24":"tag-top-stories","25":"tag-topstories","26":"tag-usa","27":"tag-utenriks","28":"tag-verden","29":"tag-world","30":"tag-world-news","31":"tag-worldnews"},"share_on_mastodon":{"url":"https:\/\/pubeurope.com\/@no\/115445646447683796","error":""},"_links":{"self":[{"href":"https:\/\/www.europesays.com\/no\/wp-json\/wp\/v2\/posts\/71157","targetHints":{"allow":["GET"]}}],"collection":[{"href":"https:\/\/www.europesays.com\/no\/wp-json\/wp\/v2\/posts"}],"about":[{"href":"https:\/\/www.europesays.com\/no\/wp-json\/wp\/v2\/types\/post"}],"author":[{"embeddable":true,"href":"https:\/\/www.europesays.com\/no\/wp-json\/wp\/v2\/users\/2"}],"replies":[{"embeddable":true,"href":"https:\/\/www.europesays.com\/no\/wp-json\/wp\/v2\/comments?post=71157"}],"version-history":[{"count":0,"href":"https:\/\/www.europesays.com\/no\/wp-json\/wp\/v2\/posts\/71157\/revisions"}],"wp:featuredmedia":[{"embeddable":true,"href":"https:\/\/www.europesays.com\/no\/wp-json\/wp\/v2\/media\/71158"}],"wp:attachment":[{"href":"https:\/\/www.europesays.com\/no\/wp-json\/wp\/v2\/media?parent=71157"}],"wp:term":[{"taxonomy":"category","embeddable":true,"href":"https:\/\/www.europesays.com\/no\/wp-json\/wp\/v2\/categories?post=71157"},{"taxonomy":"post_tag","embeddable":true,"href":"https:\/\/www.europesays.com\/no\/wp-json\/wp\/v2\/tags?post=71157"}],"curies":[{"name":"wp","href":"https:\/\/api.w.org\/{rel}","templated":true}]}}