{"id":71161,"date":"2025-10-27T10:26:12","date_gmt":"2025-10-27T10:26:12","guid":{"rendered":"https:\/\/www.europesays.com\/no\/71161\/"},"modified":"2025-10-27T10:26:12","modified_gmt":"2025-10-27T10:26:12","slug":"henlegger-saken-mot-siste-lorenskog-siktet","status":"publish","type":"post","link":"https:\/\/www.europesays.com\/no\/71161\/","title":{"rendered":"Henlegger saken mot siste L\u00f8renskog-siktet"},"content":{"rendered":"\n<p class=\"_lead_o9xde_2 _lead_xtcu6_50 layout-component text-serif-m layout-normal text-serif-l layout-component layout-wide layout-padded _wide_17hqh_1 layout-padded\">Den 34 \u00e5r gamle mannen har v\u00e6rt siktet for \u00e5 ha medvirket i forberedelsene til drapet p\u00e5 Anne-Elisabeth Hagen. N\u00e5 har politiet henlagt saken mot ham. <\/p>\n<p><img alt=\" Foto: Tore Kristiansen \/ VG\" class=\"_image_qp4xg_65 layout-component layout-wide\" data-fullscreen- data-track-element-type=\"Article image fullscreen\" data-track-name=\"ImageFullscreen\" fetchpriority=\"high\" decoding=\"sync\" loading=\"eager\" height=\"683\" itemprop=\"image\"  src=\"https:\/\/www.europesays.com\/no\/wp-content\/uploads\/2025\/10\/92e45c0f-eda6-4634-9c83-25182a599c2f\"  style=\"object-position:0% 0%\" width=\"1024\"\/> Foto: Tore Kristiansen \/ VG Oppdatert mandag 27. oktober kl. 11:25     <\/p>\n<p class=\"_paragraph_o9xde_4 _paragraph_xtcu6_10 layout-component text-serif-m layout-normal text-serif-m layout-padded\">Saken har blitt henlagt som \u00abintet straffbart forhold anses bevist\u00bb.\u00abintet straffbart forhold anses bevist\u00bb.Det er den sterkeste henleggelseskoden &#8211; og regnes som en kvalifisert frifinnelse. Det betyr at politiet mener personen ikke har beg\u00e5tt lovbruddet. <\/p>\n<p class=\"_paragraph_o9xde_4 _paragraph_xtcu6_10 layout-component text-serif-m layout-normal text-serif-m layout-padded\">\u2013 Etterforskningen har vist at mistanken mot ham var feil, at det ikke var riktig av politiet \u00e5 sikte ham for forholdet. H\u00f8yere p\u00e5talemyndighet har n\u00e5 konkludert med at han er uskyldig, at han ikke har gjort det han var siktet for. Vi er tilfreds med konklusjonen, men mener den burde ha kommet f\u00f8r, sier mannens forsvarer Marius Dietrichson til VG. <\/p>\n<p><img decoding=\"async\" alt=\"Bilde av Marius Dietrichson\" class=\"_image_ygndg_42\" height=\"27\" itemprop=\"image\" loading=\"lazy\"  src=\"https:\/\/www.europesays.com\/no\/wp-content\/uploads\/2025\/10\/4ad9ff19-1aaa-4b44-aeeb-fb390b3a888a\"  width=\"40\"\/><strong class=\"_name_ygndg_51 title-serif-xs\">Marius Dietrichson<\/strong><\/p>\n<p class=\"_paragraph_o9xde_4 text-sans-m _description_ygndg_56\">Forsvarer<\/p>\n<p class=\"_paragraph_o9xde_4 _paragraph_xtcu6_10 layout-component text-serif-m layout-normal text-serif-m layout-padded\">Det var i 2022 at VG skrev at <a href=\"https:\/\/www.vg.no\/nyheter\/i\/JQxb7P\/opplysninger-til-vg-ny-mann-siktet-for-medvirkning-til-drap-i-loerenskog-saken\" data-track-element-type=\"Link\" data-track-id=\"link:JQxb7P\" class=\"_link_o9xde_39\" rel=\"nofollow noopener\" target=\"_blank\">politiet i all hemmelighet hadde tatt ut en siktelse<\/a> mot mannen.<\/p>\n<p>Ingen flere siktede<\/p>\n<p class=\"_paragraph_o9xde_4 _paragraph_xtcu6_10 layout-component text-serif-m layout-normal text-serif-m layout-padded\">Med denne henleggelsen er det ikke lenger igjen siktede i etterforskningen av forsvinningen til <a href=\"https:\/\/www.vg.no\/tag\/anne-elisabeth-hagen?utm_source=vg-article&amp;utm_medium=auto-tagger&amp;utm_campaign=1MgewM\" class=\"_link_o9xde_39\" rel=\"nofollow noopener\" target=\"_blank\">Anne-Elisabeth Hagen<\/a>. Hun forsvant fra sitt hjem i L\u00f8renskog h\u00f8sten 2018. <\/p>\n<p class=\"_paragraph_o9xde_4 _paragraph_xtcu6_10 layout-component text-serif-m layout-normal text-serif-m layout-padded\">\u2013 P\u00e5 et tidspunkt har man ment etter en samlet vurdering av opplysningene at det var skjellig grunn til mistanke. Det har v\u00e6rt gjennomf\u00f8rt en omfattende etterforskning som gj\u00f8r oss sikker p\u00e5 at han ikke st\u00e5r bak det. Da er det ogs\u00e5 rett og rimelig at forholdet henlegges p\u00e5 det grunnlaget, sier statsadvokat Kari Hangeland Buvik til VG.  <\/p>\n<p class=\"_paragraph_o9xde_4 _paragraph_xtcu6_10 layout-component text-serif-m layout-normal text-serif-m layout-padded\">I fjor <a href=\"https:\/\/www.vg.no\/nyheter\/i\/KMWxxX\/nettavisen-henlegger-siktelse-mot-tom-hagen\" data-track-element-type=\"Link\" data-track-id=\"link:KMWxxX\" class=\"_link_o9xde_39\" rel=\"nofollow noopener\" target=\"_blank\">henla politiet siktelsen mot Anne-Elisabeths ektemann, Tom Hagen<\/a>. I januar i \u00e5r ble ogs\u00e5 <a href=\"https:\/\/www.vg.no\/nyheter\/i\/Gy8zg6\/loerenskog-saken-henlegger-sak-mot-kryptomannen\" data-track-element-type=\"Link\" data-track-id=\"link:Gy8zg6\" class=\"_link_o9xde_39\" rel=\"nofollow noopener\" target=\"_blank\">siktelsen mot den s\u00e5kalte \u00abkryptomannen\u00bb henlagt<\/a>. I mai i \u00e5r ble <a href=\"https:\/\/www.vg.no\/nyheter\/i\/dREn7q\/loerenskog-saken-nok-en-siktelse-henlagt-melder-tv-2\" data-track-element-type=\"Link\" data-track-id=\"link:dREn7q\" class=\"_link_o9xde_39\" rel=\"nofollow noopener\" target=\"_blank\">siktelsen mot en tredje mann<\/a> ogs\u00e5 henlagt.<\/p>\n<p class=\"_paragraph_o9xde_4 _paragraph_xtcu6_10 layout-component text-serif-m layout-normal text-serif-m layout-padded\">Buvik forteller at etterforskningen rundt forsvinningen vil fortsette. <\/p>\n<p class=\"_paragraph_o9xde_4 _paragraph_xtcu6_10 layout-component text-serif-m layout-normal text-serif-m layout-padded\">\u2013 Jeg kan bekrefte at det p\u00e5g\u00e5r en etterforskning, og at det gj\u00f8res etterforskningsskritt i flere av de delprosjektetene etterforskningen har v\u00e6rt inndelt i. Og det er dedikerte personer og avsatte midler til L\u00f8renskog-saken, sier hun. <\/p>\n<p class=\"_paragraph_o9xde_4 _paragraph_xtcu6_10 layout-component text-serif-m layout-normal text-serif-m layout-padded\">I starten av oktober uttalte p\u00e5taleansvarlig Guro Holm Hansen til VG at det ikke var nye siktelser i saken eller tilknyttet saken. <\/p>\n<p class=\"_paragraph_o9xde_4 _paragraph_xtcu6_10 layout-component text-serif-m layout-normal text-serif-m layout-padded\">\u2013 Hvilke hovedspor jobber politiet med n\u00e5?<\/p>\n<p class=\"_paragraph_o9xde_4 _paragraph_xtcu6_10 layout-component text-serif-m layout-normal text-serif-m layout-padded\">\u2013 Det jobbes p\u00e5 flere omr\u00e5der der en mener det er relevante etterforskningsskritt \u00e5 utf\u00f8re, sa Hansen da og la til at politiet fremdeles jobber med blant annet \u00e5 se p\u00e5 all informasjon som ligger i saken ut ifra dagens situasjonsbilde.<\/p>\n<p class=\"_paragraph_o9xde_4 _paragraph_xtcu6_10 layout-component text-serif-m layout-normal text-serif-m layout-padded\">Fredag denne uken er det syv \u00e5r siden Anne-Elisabeth Hagen forsvant.<\/p>\n<p class=\"_paragraph_o9xde_4 _paragraph_xtcu6_10 layout-component text-serif-m layout-normal layout-padded\"><strong class=\"_strong_o9xde_25\">Les ogs\u00e5:<\/strong> <a href=\"https:\/\/www.vg.no\/i\/KMWxxX\" data-track-element-type=\"Link\" data-track-id=\"link:KMWxxX\" class=\"_link_o9xde_39\" rel=\"nofollow noopener\" target=\"_blank\">Siktelsen mot Tom Hagen er henlagt: \u2013 En fullstendig renvasking<\/a><\/p>\n<p>    <img decoding=\"async\" alt=\"Tips oss illustrasjon\" src=\"https:\/\/www.europesays.com\/no\/wp-content\/uploads\/2025\/10\/pssst-small.webp.webp\"\/>    <\/p>\n<p class=\"title-serif-s\">Har du tips?<\/p>\n<p class=\"text-sans-m\">Send oss informasjon, bilder eller video.<\/p>\n<p>  <a href=\"https:\/\/www.vg.no\/tips-oss\" rel=\"nofollow noopener\" target=\"_blank\"> Tips oss <\/a>      <\/p>\n","protected":false},"excerpt":{"rendered":"Den 34 \u00e5r gamle mannen har v\u00e6rt siktet for \u00e5 ha medvirket i forberedelsene til drapet p\u00e5 Anne-Elisabeth&hellip;\n","protected":false},"author":2,"featured_media":71162,"comment_status":"","ping_status":"","sticky":false,"template":"","format":"standard","meta":{"footnotes":""},"categories":[5],"tags":[9954,20,21,24,25,15,19,22,23,2692,17,18,13,30,28,29,14,16,26,27],"class_list":{"0":"post-71161","1":"post","2":"type-post","3":"status-publish","4":"format-standard","5":"has-post-thumbnail","7":"category-overskrifter","8":"tag-anne-elisabeth-hagen","9":"tag-breaking-news","10":"tag-breakingnews","11":"tag-featured-news","12":"tag-featurednews","13":"tag-headlines","14":"tag-hovedoppslag","15":"tag-latest-news","16":"tag-latestnews","17":"tag-lorenskog","18":"tag-main-news","19":"tag-mainnews","20":"tag-news","21":"tag-no","22":"tag-norge","23":"tag-norway","24":"tag-nyheter","25":"tag-overskrifter","26":"tag-top-stories","27":"tag-topstories"},"share_on_mastodon":{"url":"https:\/\/pubeurope.com\/@no\/115445654198428090","error":""},"_links":{"self":[{"href":"https:\/\/www.europesays.com\/no\/wp-json\/wp\/v2\/posts\/71161","targetHints":{"allow":["GET"]}}],"collection":[{"href":"https:\/\/www.europesays.com\/no\/wp-json\/wp\/v2\/posts"}],"about":[{"href":"https:\/\/www.europesays.com\/no\/wp-json\/wp\/v2\/types\/post"}],"author":[{"embeddable":true,"href":"https:\/\/www.europesays.com\/no\/wp-json\/wp\/v2\/users\/2"}],"replies":[{"embeddable":true,"href":"https:\/\/www.europesays.com\/no\/wp-json\/wp\/v2\/comments?post=71161"}],"version-history":[{"count":0,"href":"https:\/\/www.europesays.com\/no\/wp-json\/wp\/v2\/posts\/71161\/revisions"}],"wp:featuredmedia":[{"embeddable":true,"href":"https:\/\/www.europesays.com\/no\/wp-json\/wp\/v2\/media\/71162"}],"wp:attachment":[{"href":"https:\/\/www.europesays.com\/no\/wp-json\/wp\/v2\/media?parent=71161"}],"wp:term":[{"taxonomy":"category","embeddable":true,"href":"https:\/\/www.europesays.com\/no\/wp-json\/wp\/v2\/categories?post=71161"},{"taxonomy":"post_tag","embeddable":true,"href":"https:\/\/www.europesays.com\/no\/wp-json\/wp\/v2\/tags?post=71161"}],"curies":[{"name":"wp","href":"https:\/\/api.w.org\/{rel}","templated":true}]}}