{"id":71169,"date":"2025-10-27T10:41:02","date_gmt":"2025-10-27T10:41:02","guid":{"rendered":"https:\/\/www.europesays.com\/no\/71169\/"},"modified":"2025-10-27T10:41:02","modified_gmt":"2025-10-27T10:41:02","slug":"fem-nissan-modeller-pa-vei-pluss-en-joker","status":"publish","type":"post","link":"https:\/\/www.europesays.com\/no\/71169\/","title":{"rendered":"Fem Nissan-modeller p\u00e5 vei &#8211; pluss \u00e9n joker"},"content":{"rendered":"<p>            <a id=\"folketsfavorittlenke\" href=\"https:\/\/www.elbil24.no\/nyheter\/stem-fram-folkets-favoritt-2026\/83655170\" rel=\"nofollow noopener\" target=\"_blank\"><br \/>\n    <img decoding=\"async\" id=\"folketsfavorittbilde\" src=\"https:\/\/www.europesays.com\/no\/wp-content\/uploads\/2025\/10\/din-favoritt-stem-her.jpg\" alt=\"\u00c5rets bil 2026 - stem p\u00e5 Folkets favoritt\"\/><br \/>\n<\/a><\/p>\n<p>(Elbil24): Nissan stod p\u00e5 mange m\u00e5ter for selve oppstarten av den norske<br \/>\nelbilismen, som i sidespeilet m\u00e5 sies \u00e5 ha startet i 2011. Jo da, vi fors\u00f8kte<br \/>\noss p\u00e5 mye rart i \u00e5rene f\u00f8r dette, med norske Think og der blant andre Ford kom<br \/>\np\u00e5 banen i en periode. Men det var f\u00f8rst da Nissan Leaf meldte sin<br \/>\nankomst i 2011 at selv vi nordmenn begynte \u00e5 f\u00e5 trua \u2013 samme \u00e5r som Leaf ble<br \/>\nk\u00e5ret til Car of the Year i Europa.<\/p>\n<p>Siden den gang har det rullet over 81.000 Leaf inn i<br \/>\nlandet, og frem til tidligere i \u00e5r var den landets klart mest solgte fullelektriske<br \/>\nmodell \u2013 en trone som nylig ble overtatt av Tesla Model Y. N\u00e5 skjer det derimot veldig mye fra Nissan i tiden som<br \/>\nkommer, og vi har satt p\u00e5 oss kikkerten og sett litt inn i fremtiden:<\/p>\n<p class=\"font-weight-bold m-font-weight-bold\" data-lab-font_weight=\"font-weight-bold\">Hva er<br \/>\np\u00e5 vei, hva er offisielt, og hva kan vi forvente lenger ned i veien?<\/p>\n<p>Det som er sikkert, er at Nissan satser fullelektrisk. De<br \/>\nkommer naturligvis ogs\u00e5 til \u00e5 selge det de kan av deres l\u00f8sning med biler som har<br \/>\nrekkeviddeforlenger, kalt e-Power, men disse blir i Norge klassifisert som ladbare<br \/>\nhybrider, og vil derfor ikke v\u00e6re aktuelle her p\u00e5 berget. <\/p>\n<p>Med alt fra en<br \/>\nkompakt, elektrisk Micra til en ny Leaf og en kommende mini-elbil, viser merket en tydelig retning: hele<br \/>\nmodellutvalget skal elektrifiseres, og de skal med andre ord styrke s\u00e6rpreget som har gjort Nissan til en<br \/>\nfolkefavoritt.<\/p>\n<p>Nissan<br \/>\nMicra \u2013 gjenf\u00f8dt som elbil<\/p>\n<p>          <img loading=\"lazy\" decoding=\"async\" src=\"https:\/\/www.europesays.com\/no\/wp-content\/uploads\/2025\/10\/83117841.webp\" width=\"686\" height=\"392\" title=\"Nissan Micra: En n\u00e6r slektning av Renault 5. Foto: Nissan\" alt=\"\" class=\"\" style=\"--aspect-ratio-image: 1.75; \"\/><\/p>\n<p>\n          Nissan Micra: En n\u00e6r slektning av Renault 5. Foto: Nissan\n      <\/p>\n<p>Den nye Nissan<br \/>\nMicra tar et ikonisk navn inn i en ny tidsalder. Bygget p\u00e5 samme plattform som<br \/>\nRenault 5, blir Micra en kompakt, helelektrisk sm\u00e5bil med moderne design og<br \/>\neffektiv teknologi. I likhet med 5-eren skal ogs\u00e5 Micra leveres med to alternative batterier, med rekkevidder som dekker de fleste hverdagsbehov i byen.<\/p>\n<p>    <a itemprop=\"url\" href=\"https:\/\/www.elbil24.no\/nyheter\/nissan-micra-provekjort\/83202787\" rel=\"nofollow noopener\" target=\"_blank\"><\/p>\n<p>      <img loading=\"lazy\" decoding=\"async\" src=\"https:\/\/www.europesays.com\/no\/wp-content\/uploads\/2025\/10\/1761561655_105_83208642.webp\" width=\"980\" height=\"441\" title=\"Pr\u00f8vekj\u00f8rt: \u2013 Venter i spenning p\u00e5 prisen\" alt=\"\" class=\"lazyload\" style=\"--aspect-ratio-image: 2.22; \"\/><\/p>\n<p>        Pr\u00f8vekj\u00f8rt: \u2013 Venter i spenning p\u00e5 prisen<\/p>\n<p>    <\/a><\/p>\n<p>Designen er frisk<br \/>\nog futuristisk, men samtidig tro mot Micras tradisjon som en lettkj\u00f8rt og<br \/>\noversiktlig liten bil.<br \/>\nInnvendig f\u00e5r den et digitalt f\u00f8rermilj\u00f8 og tilkoblingsl\u00f8sninger hentet fra Renault-Nissan-alliansens st\u00f8rre modeller.<\/p>\n<p>Import\u00f8ren regner med \u00e5 pushe ut et sted i omr\u00e5det 100-150<br \/>\nbiler innen \u00e5ret er omme, og Micra<br \/>\nvil trolig fylle noe av gapet som er blitt etter at BMW sluttet \u00e5 p\u00f8se<br \/>\nut med sm\u00e5bilen i3. Micra er unektelig en fin bil for urbane f\u00f8rere som \u00f8nsker en smidig, utslippsfri sm\u00e5bil uten \u00e5 gi avkall<br \/>\np\u00e5 storbilf\u00f8lelse og utstyr, p\u00e5 samme m\u00e5te som opphavet Renault 5.<\/p>\n<p>Nye<br \/>\nNissan Leaf \u2013 elbilikonet gjenoppst\u00e5r<\/p>\n<p>          <img loading=\"lazy\" decoding=\"async\" src=\"https:\/\/www.europesays.com\/no\/wp-content\/uploads\/2025\/10\/83742914.webp\" width=\"980\" height=\"559\" title=\"Nissan Leaf: Elbil24 har testet nykommeren ved flere anledninger, og til v\u00e5ren er den her. Foto: Fred Magne Skilleb\u00e6k\" alt=\"\" class=\"\" style=\"--aspect-ratio-image: 1.75; \"\/><\/p>\n<p>\n          Nissan Leaf: Elbil24 har testet nykommeren ved flere anledninger, og til v\u00e5ren er den her. Foto: Fred Magne Skilleb\u00e6k\n      <\/p>\n<p>Det h\u00f8res nesten noe religi\u00f8st ut \u00e5 si det p\u00e5 den m\u00e5ten, men<br \/>\nsannheten er at andre generasjon Leaf ble en liten skuffelse for mange. N\u00e5r tredje<br \/>\ngenerasjon snart kommer p\u00e5 markedet, s\u00e5 vil det bli andre boller. Bilen er<br \/>\nsprell ny, laget p\u00e5 CMF-EV-plattformen den deler med Renault, og som huser b\u00e5de<br \/>\nMegane og Scenic, i tillegg til Nissan Ariya. N\u00e5 blir Leaf en mer<br \/>\ndynamisk kompakt-crossover, og kommer med to alternative batterier som<br \/>\nkan by p\u00e5 rekkevidder fra 44 til 62 mil.\u00a0<\/p>\n<p>    <a itemprop=\"url\" href=\"https:\/\/www.elbil24.no\/tester\/provekjort-nye-nissan-leaf\/83229979\" rel=\"nofollow noopener\" target=\"_blank\"><\/p>\n<p>      <img loading=\"lazy\" decoding=\"async\" src=\"https:\/\/www.europesays.com\/no\/wp-content\/uploads\/2025\/10\/1761561656_501_83231811.webp\" width=\"980\" height=\"441\" title=\"Vi har kj\u00f8rt nye Nissan Leaf!\" alt=\"\" class=\"lazyload\" style=\"--aspect-ratio-image: 2.22; \"\/><\/p>\n<p>        Vi har kj\u00f8rt nye Nissan Leaf!<\/p>\n<p>    <\/a><\/p>\n<p>Forel\u00f8pig snakker ikke Nissan om annet<br \/>\nenn tohjulsdrift, men vi t\u00f8r sette penger p\u00e5 at det ogs\u00e5 vil bli tilbudt en<br \/>\nfirehjulsdreven utgave om tre \u00e5rs tid, da den s\u00e5kalte faceliften kommer. <\/p>\n<p>    <a itemprop=\"url\" href=\"https:\/\/www.elbil24.no\/nyheter\/nye-nissan-leaf-her-er-prisene\/83748759\" rel=\"nofollow noopener\" target=\"_blank\"><\/p>\n<p>      <img loading=\"lazy\" decoding=\"async\" src=\"https:\/\/www.europesays.com\/no\/wp-content\/uploads\/2025\/10\/1761561657_499_83742914.webp\" width=\"980\" height=\"441\" title=\"Nye Nissan Leaf: Her er prisene\" alt=\"\" class=\"lazyload\" style=\"--aspect-ratio-image: 2.22; \"\/><\/p>\n<p>        Nye Nissan Leaf: Her er prisene<\/p>\n<p>    <\/a><\/p>\n<p>Leaf vil<br \/>\nfortsette \u00e5 v\u00e6re et symbol p\u00e5 Nissans elbilkompetanse \u2013 men n\u00e5 i en mer<br \/>\nfremtidsrettet innpakning. For det skal ikke stikkes under stol at<br \/>\nLeaf har v\u00e6rt symbolet p\u00e5 det trauste frem til n\u00e5, men dagens konkurransesituasjon<br \/>\ngir ikke plass til middelm\u00e5digheter. Da er det godt \u00e5 se at Leaf har hentet inn<br \/>\nmye godt av teknologi, som Googles Android Auto operativsystem, den har to<br \/>\nsylskarpe 14,3 toms skjermer, og langt mer. I tillegg kj\u00f8rer den sv\u00e6rt godt og<br \/>\nkomfortabelt, s\u00e5 sant man ikke leter etter det mest sportslige markedet har \u00e5<br \/>\nby p\u00e5. De f\u00f8rste kundebilene blir \u00e5 se p\u00e5 veien utp\u00e5 v\u00e5rparten. <\/p>\n<p>Nissan<br \/>\nAriya \u2013 gj\u00f8r de rette endringene <\/p>\n<p>          <img loading=\"lazy\" decoding=\"async\" src=\"https:\/\/www.europesays.com\/no\/wp-content\/uploads\/2025\/10\/83756780.webp\" width=\"980\" height=\"559\" title=\"NISSAN ARIYA: Legg merke til fronten, som har f\u00e5tt samme lysdesign som nye Leaf. Foto: Nissan\" alt=\"\" class=\"\" style=\"--aspect-ratio-image: 1.75; \"\/><\/p>\n<p>\n          NISSAN ARIYA: Legg merke til fronten, som har f\u00e5tt samme lysdesign som nye Leaf. Foto: Nissan\n      <\/p>\n<p>Nissan Ariya er utvilsomt merkets mest solgte modell i Norge<br \/>\nfor tiden. Dette skyldes nok i stor grad at den n\u00e5 utg\u00e5ende Leaf er utdatert. Men<br \/>\nn\u00e5 skal ogs\u00e5 Ariya gjennom en<br \/>\noppdatering, selv om det ikke akkurat skjer over natta. <\/p>\n<p>    <a itemprop=\"url\" href=\"https:\/\/www.elbil24.no\/pro\/dette-synes-eierne-om-nissan-ariya\/83351732\" rel=\"nofollow noopener\" target=\"_blank\"><\/p>\n<p>      <img loading=\"lazy\" decoding=\"async\" src=\"https:\/\/www.europesays.com\/no\/wp-content\/uploads\/2025\/10\/81362951.webp\" width=\"980\" height=\"441\" title=\"Dette synes eierne om Nissan Ariya\" alt=\"\" class=\"lazyload\" style=\"--aspect-ratio-image: 2.22; \"\/><\/p>\n<p>        Dette synes eierne om Nissan Ariya<\/p>\n<p>    <\/a><\/p>\n<p>Oppgraderingene skal offentliggj\u00f8res under den kommende bilmessen<br \/>\ni Tokyo, der Elbil24 naturligvis er til stede. Vi har likevel det mest vesentlige<br \/>\nav informasjon allerede, og blant de oppgraderingene vi setter stor pris p\u00e5 er<br \/>\nat ogs\u00e5 Ariya f\u00e5r det Google-baserte operativsystemet som nye Leaf har f\u00e5tt, og<br \/>\nsom Renault har i Megane og Scenic, blant annet. Dette er et stort steg opp, med<br \/>\nraskere prosessorer, bedre stemmestyring og mye annet.\u00a0<\/p>\n<p>Ariya var faktisk<br \/>\nakkurat litt for tidlig ute da den ble lansert, for rett etterp\u00e5 kom Renault<br \/>\nMegane med dette systemet i deres biler. <\/p>\n<p>          <img loading=\"lazy\" decoding=\"async\" src=\"https:\/\/www.europesays.com\/no\/wp-content\/uploads\/2025\/10\/83756786.webp\" width=\"980\" height=\"559\" title=\"Fem Nissan-modeller p\u00e5 vei - pluss \u00e9n joker\" alt=\"\" class=\"\" style=\"--aspect-ratio-image: 1.75; \"\/><\/p>\n<p>Ariya vil ogs\u00e5 f\u00e5 endringer i utseendet, med blant annet<br \/>\nsamme lyssignatur i fronten som nye Leaf har f\u00e5tt. Utover dette blir det mindre<br \/>\nvisuelle endringer, s\u00e5 ikke forvent store karosseriendringer. Disse kommer<br \/>\naldri i en oppdatering som dette. <\/p>\n<p>    <a itemprop=\"url\" href=\"https:\/\/www.elbil24.no\/nyheter\/vi-har-testet-nissans-raskinn-ariya-nismo\/81945259\" rel=\"nofollow noopener\" target=\"_blank\"><\/p>\n<p>      <img loading=\"lazy\" decoding=\"async\" src=\"https:\/\/www.europesays.com\/no\/wp-content\/uploads\/2025\/10\/81945324.webp\" width=\"980\" height=\"441\" title=\"Vi har testet Nissans r\u00e5skinn, Ariya Nismo\" alt=\"\" class=\"lazyload\" style=\"--aspect-ratio-image: 2.22; \"\/><\/p>\n<p>        Vi har testet Nissans r\u00e5skinn, Ariya Nismo<\/p>\n<p>    <\/a><\/p>\n<p>Vi kan derimot forvente at Ariya vil dra nytte av nye<br \/>\nbatterier, med \u00f8kt energitetthet i cellene, og om vi er heldige kan det faktisk<br \/>\nhende de tar i bruk en ny batterikjemi, kalt LNMO, som er fullstendig fri for<br \/>\nkobolt. Takket v\u00e6re mer energi og en mer effektiv varmepumpe, kan vi ogs\u00e5<br \/>\nforvente \u00f8kt rekkevidde. Ariya vil<br \/>\nmed dette fortsette \u00e5 v\u00e6re Nissans<br \/>\nmest komfortable elbil, og med denne oppgraderingen blir den et enda sterkere<br \/>\nalternativ i segmentet for<br \/>\nmellomstore el-SUV-er. Her vil de f\u00f8rste bilene trille ut p\u00e5 norske<br \/>\nveier en gang i andre halv\u00e5r 2026.<\/p>\n<p>Nissan<br \/>\nJuke \u2013 et comeback med elektrisk<br \/>\nattitude<\/p>\n<p>          <img loading=\"lazy\" decoding=\"async\" src=\"https:\/\/www.europesays.com\/no\/wp-content\/uploads\/2025\/10\/83756791.webp\" width=\"980\" height=\"559\" title=\"Nissan Juke: Og til h\u00f8yre ser vi baken p\u00e5 den nye Leaf. Foto: Nissan\" alt=\"\" class=\"\" style=\"--aspect-ratio-image: 1.75; \"\/><\/p>\n<p>\n          Nissan Juke: Og til h\u00f8yre ser vi baken p\u00e5 den nye Leaf. Foto: Nissan\n      <\/p>\n<p>Da Nissan lanserte f\u00f8rstegenerasjon av Juke, var det mange<br \/>\nsom hevet et \u00f8yenbryn og to. Designen var s\u00e6rdeles modig, kanskje litt<br \/>\novermodig, men den solgte likevel godt. For bilen b\u00f8d jo p\u00e5 et litt mer<br \/>\nh\u00f8yreist karosseri enn sine slektninger, noe som gjorde at den fylte et behov. <\/p>\n<p>N\u00e5r Juke n\u00e5 skal bli elektrisk, s\u00e5 er vi rett og slett ikke<br \/>\nhelt sikre p\u00e5 hva Nissan tenker, for selv nye Leaf har en h\u00f8yere seteposisjon<br \/>\nenn p\u00e5 forgjengeren. Dette gj\u00f8r at Juke ikke n\u00f8dvendigvis vil bli det samme<br \/>\ntilskuddet og p\u00e5 samme m\u00e5te fylle et behov.\u00a0<\/p>\n<p>Men dette er n\u00e5 hva Nissan velger<br \/>\n\u00e5 gj\u00f8re, og vi er spente p\u00e5 mottagelsen. <\/p>\n<p>Den kommende<br \/>\nmodellen skal bygges i Storbritannia og f\u00e5 en rekkevidde p\u00e5 rundt 400<br \/>\nkilometer, noe som plasserer den midt i el-crossover-segmentet, som etter<br \/>\nhvert er blitt ganske stort. Innvendig<br \/>\nvil Juke f\u00e5 et helt nytt digitalt interi\u00f8r med fokus p\u00e5 ungdommelig stil og<br \/>\nbrukervennlig teknologi, men vi tipper den fortsatt vil v\u00e6re basert p\u00e5<br \/>\nGoogles system, som slektningene. Den<br \/>\nskal likevel v\u00e6re en bil som<br \/>\nskiller seg ut \u2013 akkurat slik originalen gjorde da den f\u00f8rst kom p\u00e5 markedet.\n<\/p>\n<p>Det er sagt at bilen skal lanseres i 2026, men om dette<br \/>\nbetyr h\u00f8sten, s\u00e5 vil det fort bikke over til 2027 f\u00f8r vi ser en eneste bil her<br \/>\ntil lands. Men den som venter p\u00e5 noe godt&#8230;<\/p>\n<p>Nissans<br \/>\nnye sm\u00e5bil\u00a0<\/p>\n<p>          <img loading=\"lazy\" decoding=\"async\" src=\"https:\/\/www.europesays.com\/no\/wp-content\/uploads\/2025\/10\/83756913.webp\" width=\"980\" height=\"559\" title=\"IKKE S\u00c5NN: Men det er lov \u00e5 h\u00e5pe. Foto: Nissan\" alt=\"\" class=\"\" style=\"--aspect-ratio-image: 1.75; \"\/><\/p>\n<p>\n          IKKE S\u00c5NN: Men det er lov \u00e5 h\u00e5pe. Foto: Nissan\n      <\/p>\n<p>Nissan forbereder<br \/>\nogs\u00e5 en ny A-segment-modell, utviklet i samarbeid med Renault og basert p\u00e5<br \/>\nneste generasjon Renault Twingo. Ogs\u00e5 denne bilen ventes lansert rundt 2027 og blir den mest<br \/>\nkompakte elbilen Nissan har tilbudt i moderne tid.<\/p>\n<p>M\u00e5let er en rimelig<br \/>\nurban elbil, en bilklasse vi ikke er veldig opptatt av i Norge, men med<br \/>\nlav vekt, h\u00f8y effektivitet og en<br \/>\nakseptabel rekkevidde for daglig bruk<br \/>\nkan det v\u00e6re at vi snur n\u00e5r de st\u00f8rre bilene f\u00e5r b\u00e5de moms og avgifter. I<br \/>\nlikhet med Renaults tilsvarende bil, s\u00e5 vil ogs\u00e5 denne v\u00e6re proppet av smarte<br \/>\ndetaljer og funksjoner, for p\u00e5 den m\u00e5ten \u00e5 gj\u00f8re den interessant for enda<br \/>\nflere. Pris m\u00e5 ligge godt under 25 000 euro i Europa, aller<br \/>\nhelst ogs\u00e5 under 20.000.<\/p>\n<p>Denne modellen<br \/>\nskal gj\u00f8re elektrisk mobilitet tilgjengelig for flere \u2013 og markerer Nissans<br \/>\ninntog i den nye b\u00f8lgen av sm\u00e5, folkelige elbiler som skal erstatte dagens mindre<br \/>\nbensin- og hybridbiler.<\/p>\n<p>Et nytt DNA for Nissan<\/p>\n<p>          <img loading=\"lazy\" decoding=\"async\" src=\"https:\/\/www.europesays.com\/no\/wp-content\/uploads\/2025\/10\/83756801.webp\" width=\"980\" height=\"559\" title=\"5+1: Seks modeller skal ut p\u00e5 markedet innen 2027 er over. Foto: Nissan\" alt=\"\" class=\"\" style=\"--aspect-ratio-image: 1.75; \"\/><\/p>\n<p>\n          5+1: Seks modeller skal ut p\u00e5 markedet innen 2027 er over. Foto: Nissan\n      <\/p>\n<p>Med disse fem<br \/>\nmodellene er det liten tvil om at Nissan akter \u00e5 livn\u00e6re seg fullt og<br \/>\nhelt p\u00e5 elbiler. Vi ser jo stadig at de kinesiske produsentene p\u00f8ser ut nye<br \/>\nmodeller, mens den tradisjonelle delen av bransjen ikke har det samme tempoet. <\/p>\n<p>Med alle disse modellene p\u00e5 plass vil Nissan ha en bredde<br \/>\nsom dekker det aller meste av markedet for personbiler. <\/p>\n<p>Deretter blir det spennende \u00e5 se om de sikter videre p\u00e5 firehjulstrekkere og pickuper, selv om disse lener seg mer mot<br \/>\nbedriftsmarkedet enn personbilene. H\u00f8rte jeg \u00f8nsker om en elektrisk Patrol? Eller<br \/>\nkanskje de kan hente frem King Cab-navnet igjen p\u00e5 en pickup? Vi sier ikke nei til noen av delene, men det er indikasjoner om at det skal lanseres en Nissan X-Terra i 2027.\u00a0<\/p>\n<p>Men f\u00f8rst og fremst er<br \/>\ndet de fem nevnte personbilene som f\u00e5r sole seg i glansen etter hvert som de<br \/>\nkommer p\u00e5 markedet.<\/p>\n","protected":false},"excerpt":{"rendered":"(Elbil24): Nissan stod p\u00e5 mange m\u00e5ter for selve oppstarten av den norske elbilismen, som i sidespeilet m\u00e5 sies&hellip;\n","protected":false},"author":2,"featured_media":71170,"comment_status":"","ping_status":"","sticky":false,"template":"","format":"standard","meta":{"footnotes":""},"categories":[56],"tags":[4915,8612,60,61,267,9957,9383,9959,62,3260,30,28,29,14,8776,9958],"class_list":{"0":"post-71169","1":"post","2":"type-post","3":"status-publish","4":"format-standard","5":"has-post-thumbnail","7":"category-naeringsliv","8":"tag-4915","9":"tag-8612","10":"tag-business","11":"tag-economy","12":"tag-elbil","13":"tag-juke","14":"tag-leaf","15":"tag-micra","16":"tag-naeringsliv","17":"tag-nissan","18":"tag-no","19":"tag-norge","20":"tag-norway","21":"tag-nyheter","22":"tag-smabil","23":"tag-xterra"},"share_on_mastodon":{"url":"https:\/\/pubeurope.com\/@no\/115445713344305569","error":""},"_links":{"self":[{"href":"https:\/\/www.europesays.com\/no\/wp-json\/wp\/v2\/posts\/71169","targetHints":{"allow":["GET"]}}],"collection":[{"href":"https:\/\/www.europesays.com\/no\/wp-json\/wp\/v2\/posts"}],"about":[{"href":"https:\/\/www.europesays.com\/no\/wp-json\/wp\/v2\/types\/post"}],"author":[{"embeddable":true,"href":"https:\/\/www.europesays.com\/no\/wp-json\/wp\/v2\/users\/2"}],"replies":[{"embeddable":true,"href":"https:\/\/www.europesays.com\/no\/wp-json\/wp\/v2\/comments?post=71169"}],"version-history":[{"count":0,"href":"https:\/\/www.europesays.com\/no\/wp-json\/wp\/v2\/posts\/71169\/revisions"}],"wp:featuredmedia":[{"embeddable":true,"href":"https:\/\/www.europesays.com\/no\/wp-json\/wp\/v2\/media\/71170"}],"wp:attachment":[{"href":"https:\/\/www.europesays.com\/no\/wp-json\/wp\/v2\/media?parent=71169"}],"wp:term":[{"taxonomy":"category","embeddable":true,"href":"https:\/\/www.europesays.com\/no\/wp-json\/wp\/v2\/categories?post=71169"},{"taxonomy":"post_tag","embeddable":true,"href":"https:\/\/www.europesays.com\/no\/wp-json\/wp\/v2\/tags?post=71169"}],"curies":[{"name":"wp","href":"https:\/\/api.w.org\/{rel}","templated":true}]}}