{"id":71301,"date":"2025-10-27T13:18:20","date_gmt":"2025-10-27T13:18:20","guid":{"rendered":"https:\/\/www.europesays.com\/no\/71301\/"},"modified":"2025-10-27T13:18:20","modified_gmt":"2025-10-27T13:18:20","slug":"vgtv-retten-er-satt-der-komiker-henrik-thodesen-saksoker-influenser-sophie-elise-isachsen","status":"publish","type":"post","link":"https:\/\/www.europesays.com\/no\/71301\/","title":{"rendered":"VGTV \u00abRetten er satt\u00bb der komiker Henrik Thodesen \u00absaks\u00f8ker\u00bb influenser Sophie Elise Isachsen"},"content":{"rendered":"<p class=\"kicker \" style=\"\">\u00abRetten er satt\u00bb:<\/p>\n<p>    Men ogs\u00e5 den f\u00f8rste VGTV-produksjonen som kan hevdes \u00e5 ta norsk humor i en interessant retning, skriver Aksel Kielland.<\/p>\n<p>\n        Fiktiv rettssak: I Retten er satt p\u00e5 VGTV \u00absaks\u00f8ker\u00bb komiker Henrik Thodesen influenser Sophie Elise Isachsen. Her: Isachsen med sin \u00abforsvarer\u00bb Anne Lindmo.<br \/>\n        Kristoffer Kumar \/ VGTV\n    <\/p>\n<p>                Bestill abonnement her<\/p>\n<p>\n                    <a href=\"https:\/\/kampanje.morgenbladet.no\/selvbestilling-2\" rel=\"nofollow noopener\" target=\"_blank\">KJ\u00d8P<\/a>\n                <\/p>\n","protected":false},"excerpt":{"rendered":"\u00abRetten er satt\u00bb: Men ogs\u00e5 den f\u00f8rste VGTV-produksjonen som kan hevdes \u00e5 ta norsk humor i en interessant&hellip;\n","protected":false},"author":2,"featured_media":71302,"comment_status":"","ping_status":"","sticky":false,"template":"","format":"standard","meta":{"footnotes":""},"categories":[58],"tags":[71,30,28,29,72],"class_list":{"0":"post-71301","1":"post","2":"type-post","3":"status-publish","4":"format-standard","5":"has-post-thumbnail","7":"category-underholdning","8":"tag-entertainment","9":"tag-no","10":"tag-norge","11":"tag-norway","12":"tag-underholdning"},"share_on_mastodon":{"url":"https:\/\/pubeurope.com\/@no\/115446330437824712","error":""},"_links":{"self":[{"href":"https:\/\/www.europesays.com\/no\/wp-json\/wp\/v2\/posts\/71301","targetHints":{"allow":["GET"]}}],"collection":[{"href":"https:\/\/www.europesays.com\/no\/wp-json\/wp\/v2\/posts"}],"about":[{"href":"https:\/\/www.europesays.com\/no\/wp-json\/wp\/v2\/types\/post"}],"author":[{"embeddable":true,"href":"https:\/\/www.europesays.com\/no\/wp-json\/wp\/v2\/users\/2"}],"replies":[{"embeddable":true,"href":"https:\/\/www.europesays.com\/no\/wp-json\/wp\/v2\/comments?post=71301"}],"version-history":[{"count":0,"href":"https:\/\/www.europesays.com\/no\/wp-json\/wp\/v2\/posts\/71301\/revisions"}],"wp:featuredmedia":[{"embeddable":true,"href":"https:\/\/www.europesays.com\/no\/wp-json\/wp\/v2\/media\/71302"}],"wp:attachment":[{"href":"https:\/\/www.europesays.com\/no\/wp-json\/wp\/v2\/media?parent=71301"}],"wp:term":[{"taxonomy":"category","embeddable":true,"href":"https:\/\/www.europesays.com\/no\/wp-json\/wp\/v2\/categories?post=71301"},{"taxonomy":"post_tag","embeddable":true,"href":"https:\/\/www.europesays.com\/no\/wp-json\/wp\/v2\/tags?post=71301"}],"curies":[{"name":"wp","href":"https:\/\/api.w.org\/{rel}","templated":true}]}}