{"id":71317,"date":"2025-10-27T13:33:40","date_gmt":"2025-10-27T13:33:40","guid":{"rendered":"https:\/\/www.europesays.com\/no\/71317\/"},"modified":"2025-10-27T13:33:40","modified_gmt":"2025-10-27T13:33:40","slug":"etter-sjokkpastander-ti-tiltalt","status":"publish","type":"post","link":"https:\/\/www.europesays.com\/no\/71317\/","title":{"rendered":"Etter sjokkp\u00e5stander: Ti tiltalt"},"content":{"rendered":"<p>    Kort fortalt<\/p>\n<ul lang=\"nb-NO\">\n<li>Lomviene i Oslofjorden er i bedre form takket v\u00e6re frivillig innsats.<\/li>\n<li>Frivillige har matet fuglene siden september for \u00e5 redde den truede arten.<\/li>\n<li>Forskere samarbeider med frivillige for \u00e5 l\u00e6re mer om lomvibestanden.<\/li>\n<li>\u00d8deg\u00e5rden uttrykker h\u00e5p om at fuglene vil klare seg bedre denne gangen.<\/li>\n<\/ul>\n<p class=\"italic ai-disclaimer\" data-lab-italic=\"italic\">Sammendraget er laget av ChatGPT og godkjent av Dagbladet.<\/p>\n<p>      Vis mer<br \/>\n      Vis mindre<\/p>\n<p>Et nytt kart viser at de utrydningstruede lomviene i Oslofjorden endelig er p\u00e5 farten igjen &#8211; og i langt bedre form.<\/p>\n<p>De utsultede og utmattede fuglene som i h\u00f8st ble funnet i stort antall helt inne i <a href=\"https:\/\/www.dagbladet.no\/nyheter\/roper-varsko-pa-randen-av-kollaps\/83275957\" rel=\"nofollow noopener\" target=\"_blank\">den kriserammede fjorden<\/a>, har n\u00e5 lagt p\u00e5 seg og kommet seg betraktelig.<\/p>\n<p class=\"font-weight-bold m-font-weight-bold\" data-lab-font_weight=\"font-weight-bold\">Bak oppsvinget st\u00e5r en massiv frivillig innsats.<\/p>\n<p>Ferske data fra GPS-loggere viser at lomviene &#8211; som kan minne om sm\u00e5 pingviner &#8211; er mer aktive enn p\u00e5 lenge.\u00a0<\/p>\n<p>Loggerne er finansiert via frivilliges donasjoner p\u00e5\u00a0<a href=\"https:\/\/www.spleis.no\/project\/459833?fbclid=IwY2xjawNsHgRleHRuA2FlbQIxMABicmlkETFYYm13VGRJazJGWjByVndvAR4w-zwI6eKseRhh2-Y0uI96sfCcib6HXYRgU-GYIhb_6zzrtjm3mkP6Mgd5ew_aem_xqL7iZ4bq5Otp_YKj2PmjQ\" rel=\"nofollow noopener\" target=\"_blank\">Spleis<\/a>. <\/p>\n<p>Dataene viser tydelig hvordan de forlater fjorden og trekker ut mot havet &#8211; dit de egentlig h\u00f8rer hjemme.<\/p>\n<p>    <a itemprop=\"url\" href=\"https:\/\/www.dagbladet.no\/nyheter\/roper-varsko-pa-randen-av-kollaps\/83275957\" rel=\"nofollow noopener\" target=\"_blank\"><\/p>\n<p>      <img loading=\"lazy\" decoding=\"async\" src=\"https:\/\/www.europesays.com\/no\/wp-content\/uploads\/2025\/10\/83276252.webp\" width=\"147\" height=\"98\" title=\"Roper varsko: P\u00e5 randen av kollaps\" alt=\"\" class=\"lazyload\" style=\"--aspect-ratio-image: 1.50; \"\/><\/p>\n<p>        Roper varsko: P\u00e5 randen av kollaps<\/p>\n<p>    <\/a><\/p>\n<p>Lomvien er en arktisk og subarktisk sj\u00f8fugl, tilpasset livet i kalde og \u00e5pne havomr\u00e5der &#8211; ikke inne i de stille vikene i Oslofjorden.<\/p>\n<p> Oslofjorden er i dyp \u00f8kologisk krise og nesten tom for sm\u00e5fisk, som lomvien lever av.<\/p>\n<p>          <img loading=\"lazy\" decoding=\"async\" src=\"https:\/\/www.europesays.com\/no\/wp-content\/uploads\/2025\/10\/83774681.webp\" width=\"686\" height=\"577\" title=\"ENGASJERT: Lovinda \u00d8deg\u00e5rden. Foto: \u00abKrisehjelp for lomvi i Oslofjorden\u00bb.\" alt=\"\" class=\"\" style=\"--aspect-ratio-image: 1.19; \"\/><\/p>\n<p>\n          ENGASJERT: Lovinda \u00d8deg\u00e5rden. Foto: \u00abKrisehjelp for lomvi i Oslofjorden\u00bb.\n      <\/p>\n<p>Lovinda \u00d8deg\u00e5rden er blant de frivillige i Facebook-gruppa \u00ab<a href=\"https:\/\/www.facebook.com\/groups\/993593697902503\" rel=\"nofollow noopener\" target=\"_blank\">Krisehjelp for lomvi i Oslofjorden<\/a>\u00bb.<\/p>\n<p>Siden september har gruppa jobbet d\u00f8gnet rundt for \u00e5 redde den r\u00f8dlistede arten.<\/p>\n<p>N\u00e5 b\u00e6rer den enorme innsatsen frukter, og \u00d8deg\u00e5rden er forn\u00f8yd etter \u00e5 ha sett GPS-kartet du ser \u00f8verst i denne saken.<\/p>\n<p class=\"font-weight-bold m-font-weight-bold\" data-lab-font_weight=\"font-weight-bold\">&#8211; Lomvienes aktivitetsniv\u00e5 er en god indikator p\u00e5 om de har det bra, forklarer hun.<\/p>\n<p>          <img loading=\"lazy\" decoding=\"async\" src=\"https:\/\/www.europesays.com\/no\/wp-content\/uploads\/2025\/10\/83775747.webp\" width=\"686\" height=\"721\" title=\"S\u00d8KER TIL NORGE: Ringmerkede lomvier fra Skottland, Shetland og Helgoland har ogs\u00e5 tidligere blitt funnet i Oslo og Akershus. Foto: Krisehjelp for lomvi i Oslofjorden\" alt=\"\" class=\"\" style=\"--aspect-ratio-image: 0.95; \"\/><\/p>\n<p>\n          S\u00d8KER TIL NORGE: Ringmerkede lomvier fra Skottland, Shetland og Helgoland har ogs\u00e5 tidligere blitt funnet i Oslo og Akershus. Foto: Krisehjelp for lomvi i Oslofjorden\n      <\/p>\n<p>&#8211; Lovende<\/p>\n<p>I h\u00f8st opplevde kommuner rundt Oslofjorden mengder av lomvier som havner p\u00e5 avveie.<\/p>\n<p>Fuglene landet p\u00e5 asfalt, i leiligheter og i vann. Mange var avmagret. Flere d\u00f8de.<\/p>\n<p>        &#8211; Jeg er utrolig glad og takknemlig for st\u00f8tten vi har f\u00e5tt. Det viser at det nytter.<\/p>\n<p class=\"italic m-italic\" style=\"\">Lomvi-redder Lovinda \u00d8deg\u00e5rden<\/p>\n<p>Tidligere i h\u00f8st <a href=\"https:\/\/www.dagbladet.no\/nyheter\/frykter-massedod-skummelt\/83714970\" rel=\"nofollow noopener\" target=\"_blank\">fortalte Lovinda \u00d8deg\u00e5rden Dagbladet at lomvisituasjonen var \u00abhelt krise\u00bb<\/a>.\u00a0<\/p>\n<p>&#8211; Vi er nysgjerrige p\u00e5 hva neste destinasjon for disse lomviene er, og hvor de velger \u00e5 overvintre. Dette er ekstra spennende n\u00e5 som vi har matet dem over tid, for det kan fortelle oss noe om hvorvidt lomviene blir preget av matingen. Jeg synes det er veldig lovende s\u00e5 langt, sier \u00d8deg\u00e5rden.<\/p>\n<p>          <img loading=\"lazy\" decoding=\"async\" src=\"https:\/\/www.europesays.com\/no\/wp-content\/uploads\/2025\/10\/83775899.webp\" width=\"686\" height=\"611\" title=\"PUT A RING ON IT: Denne pingvinliknende sjarm\u00f8ren ble nummer 200 i rekka av ringmerkede lomvier i Oslofjorden. Foto: Krisehjelp for lomvi i Oslofjorden\" alt=\"\" class=\"\" style=\"--aspect-ratio-image: 1.12; \"\/><\/p>\n<p>\n          PUT A RING ON IT: Denne pingvinliknende sjarm\u00f8ren ble nummer 200 i rekka av ringmerkede lomvier i Oslofjorden. Foto: Krisehjelp for lomvi i Oslofjorden\n      <\/p>\n<p>Hun viser til at \u00e9n av fuglene reiste helt til S\u00e6tre i Hurum dagen etter merking, og n\u00e5 holder seg utenfor H\u00e5\u00f8ya i Oslofjorden, som ligger mellom\u00a0Dr\u00f8bak og Oscarsborg.<\/p>\n<p>En annen er observert ved Snar\u00f8ya i B\u00e6rum.<\/p>\n<p class=\"font-weight-bold m-font-weight-bold\" data-lab-font_weight=\"font-weight-bold\">&#8211; Det er som om det er helt nye fugler, sier hun.<\/p>\n<p>          <img loading=\"lazy\" decoding=\"async\" src=\"https:\/\/www.europesays.com\/no\/wp-content\/uploads\/2025\/10\/1761572018_700_83750033.webp\" width=\"686\" height=\"426\" title=\"STORAKSJON: Frivillige mater lomviene med brisling rundt Operastranda i Oslo. Foto: John T. Pedersen \/ Dagbladet\" alt=\"\" class=\"\" style=\"--aspect-ratio-image: 1.61; \"\/><\/p>\n<p>\n          STORAKSJON: Frivillige mater lomviene med brisling rundt Operastranda i Oslo. Foto: John T. Pedersen \/ Dagbladet\n      <\/p>\n<p>Samarbeid og forskning  <\/p>\n<p>BirdLife Norge og Universitetet i S\u00f8r\u00f8st-Norge samarbeider tett med de frivillige.\u00a0<\/p>\n<p>\u00d8deg\u00e5rden forteller at forskerne har tatt pr\u00f8ver og obduksjoner av d\u00f8de fugler for \u00e5 l\u00e6re mer om hva som skjer med bestanden.<\/p>\n<p>&#8211; De har blant annet unders\u00f8kt hva fuglene har spist, kj\u00f8nn og andre pr\u00f8ver som gir nyttig kunnskap. Det er mye vi ikke vet om dem, s\u00e5 ved \u00e5 styrke kunnskapen, h\u00e5per jeg vi ogs\u00e5 styrker grunnlaget for hva slags tiltak som funker, sier hun.<\/p>\n<p>Hun peker p\u00e5 at \u00e5rets innsats har v\u00e6rt mer omfattende enn i fjor.<\/p>\n<p class=\"font-weight-bold m-font-weight-bold\" data-lab-font_weight=\"font-weight-bold\">&#8211; \u00c5rets mating over alle disse ukene er en ny strategi sammenliknet med 2023, s\u00e5 det blir spennende \u00e5 se. Forel\u00f8pig er jeg veldig positiv til effekten av matingen, da vi har observert stadig tjukkere og sprekere lomvi over tid, sier \u00d8deg\u00e5rden.<\/p>\n<p>          <img loading=\"lazy\" decoding=\"async\" src=\"https:\/\/www.europesays.com\/no\/wp-content\/uploads\/2025\/10\/1761572019_204_83750039.webp\" width=\"980\" height=\"559\" title=\"EGET LOKALE: Frivillige Pernille Iser og Kim-Tore Christoffersen ved redningsstasjonen ved Operastranda i Oslo. Foto: John T. Pedersen \/ Dagbladet\" alt=\"\" class=\"\" style=\"--aspect-ratio-image: 1.75; \"\/><\/p>\n<p>\n          EGET LOKALE: Frivillige Pernille Iser og Kim-Tore Christoffersen ved redningsstasjonen ved Operastranda i Oslo. Foto: John T. Pedersen \/ Dagbladet\n      <\/p>\n<p>F\u00f8lger utviklingen  <\/p>\n<p>Milj\u00f8direktoratet har tidligere uttalt at lomvien st\u00e5r som sterkt truet p\u00e5 den norske r\u00f8dlista, og at bestanden har falt dramatisk de siste ti\u00e5rene.\u00a0<\/p>\n<p><a href=\"https:\/\/lister.artsdatabanken.no\/rodlisteforarter\/2021\/28793?\" rel=\"nofollow noopener\" target=\"_blank\">Artsdatabanken<\/a>\u00a0ansl\u00e5r at antallet hekkende lomvier i Norge er redusert med opptil 90 prosent siden 1960-tallet.<\/p>\n<p>Den er r\u00f8dlistet p\u00e5 grunn av flere faktorer:<\/p>\n<ul>\n<li>Klimaendringer p\u00e5virker havtemperaturen og tilgangen p\u00e5 fisk, som lodde og sild, som lomvien lever av.\u00a0<\/li>\n<li>Overfiske og endringer i fiskebestander gj\u00f8r at fuglene f\u00e5r mindre mat, s\u00e6rlig i hekkesesongen.\u00a0<\/li>\n<li>Oljeutslipp, forurensning og bifangst i fiskegarn f\u00f8rer ogs\u00e5 til tap av mange voksne fugler.<\/li>\n<li>I tillegg har mink og andre rovdyr \u00f8kt presset p\u00e5 hekkekoloniene, s\u00e6rlig p\u00e5 fastlandet og mindre \u00f8yer.<\/li>\n<\/ul>\n<p>          <img loading=\"lazy\" decoding=\"async\" src=\"https:\/\/www.europesays.com\/no\/wp-content\/uploads\/2025\/10\/83775879.webp\" width=\"686\" height=\"851\" title=\"F\u00c5R HJELP: Lomvier under varmelampa p\u00e5 \u00abrehab\u00bb i H\u00f8nefoss. Foto: Krisehjelp for lomvi i Oslofjorden\" alt=\"\" class=\"\" style=\"--aspect-ratio-image: 0.81; \"\/><\/p>\n<p>\n          F\u00c5R HJELP: Lomvier under varmelampa p\u00e5 \u00abrehab\u00bb i H\u00f8nefoss. Foto: Krisehjelp for lomvi i Oslofjorden\n      <\/p>\n<p>I 2021 ble det registrert omfattende massed\u00f8d av lomvier langs norskekysten, noe forskere ved Norsk institutt for naturforskning (NINA) beskrev som \u00abkatastrofalt\u00bb.<\/p>\n<p>Uv\u00e6r og stormer, som ekstremv\u00e6ret \u00abAmy\u00bb tidligere i h\u00f8st, drev mange lomvier inn i Oslofjorden.<\/p>\n<p>    <a itemprop=\"url\" href=\"https:\/\/www.dagbladet.no\/nyheter\/fuglene-dor-som-fluer\/79919951\" rel=\"nofollow noopener\" target=\"_blank\"><\/p>\n<p>      <img loading=\"lazy\" decoding=\"async\" src=\"https:\/\/www.europesays.com\/no\/wp-content\/uploads\/2025\/10\/79920133.webp\" width=\"980\" height=\"441\" title=\"Fuglene d\u00f8r som fluer\" alt=\"\" class=\"lazyload\" style=\"--aspect-ratio-image: 2.22; \"\/><\/p>\n<p>        Fuglene d\u00f8r som fluer<\/p>\n<p>    <\/a><\/p>\n<p>Fra krise til h\u00e5p<\/p>\n<p>Da de f\u00f8rste fuglene ble funnet mot slutten av september i \u00e5r, var mange av dem alt for svake til \u00e5 fly.\u00a0<\/p>\n<p>Frivillige m\u00e5tte sette i gang akutt redningsarbeid p\u00e5 Operastranda i Oslo.<\/p>\n<p class=\"font-weight-bold m-font-weight-bold\" data-lab-font_weight=\"font-weight-bold\">&#8211; Da de f\u00f8rst havnet i fjorden, var det ikke noe lyd i dem og lite fysisk aktivitet. Etter et par uker begynte de \u00e5 tute og kakle. Et par uker senere s\u00e5 jeg lomvier hoppe som delfiner. Det er som om det er helt nye fugler, sier \u00d8deg\u00e5rden n\u00e5.<\/p>\n<p>          <img loading=\"lazy\" decoding=\"async\" src=\"https:\/\/www.europesays.com\/no\/wp-content\/uploads\/2025\/10\/83715047.webp\" width=\"686\" height=\"460\" title=\"I 2021: D\u00f8de og svekkede lomvier flyter i indre Oslofjord etter det som ble beskrevet som en massed\u00f8d. Foto: \u00d8rn E. Borgen \/ NTB\" alt=\"\" class=\"\" style=\"--aspect-ratio-image: 1.49; \"\/><\/p>\n<p>\n          I 2021: D\u00f8de og svekkede lomvier flyter i indre Oslofjord etter det som ble beskrevet som en massed\u00f8d. Foto: \u00d8rn E. Borgen \/ NTB\n      <\/p>\n<p>Har ringmerket  <\/p>\n<p>Hun trekker fram at ringmerkingen ogs\u00e5 viser lovende resultater.<\/p>\n<p>&#8211; Fuglene g\u00e5r opp i vekt, og flere ligger n\u00e5 i \u00f8vre sjikt av normalvekten. Flere erfarne fagfolk, som Morten Helberg, Jan Ingar B\u00e5tvik og Kjell Isaksen i Bymilj\u00f8etaten, har v\u00e6rt positive til matingen.\u00a0<\/p>\n<p>&#8211; Det er bedre \u00e5 hjelpe fuglene p\u00e5 sj\u00f8en der de er, i stedet for \u00e5 stresse dem med transport til rehabilitering, sier hun.<\/p>\n<p>          <img loading=\"lazy\" decoding=\"async\" src=\"https:\/\/www.europesays.com\/no\/wp-content\/uploads\/2025\/10\/83716227.webp\" width=\"686\" height=\"975\" title=\"REDDES: Frivillige lomvireddere har laget denne plakaten for \u00e5 informere om hvordan man hjelper fuglen. Foto: Faksimile\" alt=\"\" class=\"\" style=\"--aspect-ratio-image: 0.70; \"\/><\/p>\n<p>\n          REDDES: Frivillige lomvireddere har laget denne plakaten for \u00e5 informere om hvordan man hjelper fuglen. Foto: Faksimile\n      <\/p>\n<p>Vil ha r\u00e5d om videre mating<\/p>\n<p>N\u00e5 h\u00e5per \u00d8deg\u00e5rden og de andre frivillige p\u00e5 faglige r\u00e5d om hvordan og n\u00e5r de b\u00f8r trappe ned matingen.<\/p>\n<p class=\"font-weight-normal m-font-weight-normal\" data-lab-font_weight=\"font-weight-normal\">&#8211; Generelt ser n\u00e5 \u00abgjennomsnittslomvien\u00bb veldig bra ut, men vi ser fremdeles \u00e9n og annen som er svak og tynn, s\u00e5 det er vanskelig \u00e5 vite. Det sendes fremdeles \u00e9n eller to til rehabilitering i snitt hver dag, sier \u00d8deg\u00e5rden.<\/p>\n<p>          <img loading=\"lazy\" decoding=\"async\" src=\"https:\/\/www.europesays.com\/no\/wp-content\/uploads\/2025\/10\/1761572020_487_83716406.webp\" width=\"686\" height=\"515\" title=\"I FARTA: Lomvier foran Havnelageret i Oslo, like ved matestasjonen p\u00e5 Operastranda. Foto: NTB\" alt=\"\" class=\"\" style=\"--aspect-ratio-image: 1.33; \"\/><\/p>\n<p>\n          I FARTA: Lomvier foran Havnelageret i Oslo, like ved matestasjonen p\u00e5 Operastranda. Foto: NTB\n      <\/p>\n<p>Hun legger til at engasjementet fra folk har v\u00e6rt avgj\u00f8rende for at lomviene har f\u00e5tt en ny sjanse.<\/p>\n<p class=\"font-weight-bold m-font-weight-bold\" data-lab-font_weight=\"font-weight-bold\">&#8211; Jeg er utrolig glad og takknemlig for st\u00f8tten vi har f\u00e5tt. Det viser at det nytter, sier hun.<\/p>\n","protected":false},"excerpt":{"rendered":"Kort fortalt Lomviene i Oslofjorden er i bedre form takket v\u00e6re frivillig innsats. Frivillige har matet fuglene siden&hellip;\n","protected":false},"author":2,"featured_media":71318,"comment_status":"","ping_status":"","sticky":false,"template":"","format":"standard","meta":{"footnotes":""},"categories":[12],"tags":[20,21,9973,24,25,1244,15,22,23,13,30,28,29,14,16,26,27,412,42,43,44,45],"class_list":{"0":"post-71317","1":"post","2":"type-post","3":"status-publish","4":"format-standard","5":"has-post-thumbnail","7":"category-verden","8":"tag-breaking-news","9":"tag-breakingnews","10":"tag-brigitte-macron","11":"tag-featured-news","12":"tag-featurednews","13":"tag-frankrike","14":"tag-headlines","15":"tag-latest-news","16":"tag-latestnews","17":"tag-news","18":"tag-no","19":"tag-norge","20":"tag-norway","21":"tag-nyheter","22":"tag-overskrifter","23":"tag-top-stories","24":"tag-topstories","25":"tag-utenriks","26":"tag-verden","27":"tag-world","28":"tag-world-news","29":"tag-worldnews"},"share_on_mastodon":{"url":"https:\/\/pubeurope.com\/@no\/115446390011915935","error":""},"_links":{"self":[{"href":"https:\/\/www.europesays.com\/no\/wp-json\/wp\/v2\/posts\/71317","targetHints":{"allow":["GET"]}}],"collection":[{"href":"https:\/\/www.europesays.com\/no\/wp-json\/wp\/v2\/posts"}],"about":[{"href":"https:\/\/www.europesays.com\/no\/wp-json\/wp\/v2\/types\/post"}],"author":[{"embeddable":true,"href":"https:\/\/www.europesays.com\/no\/wp-json\/wp\/v2\/users\/2"}],"replies":[{"embeddable":true,"href":"https:\/\/www.europesays.com\/no\/wp-json\/wp\/v2\/comments?post=71317"}],"version-history":[{"count":0,"href":"https:\/\/www.europesays.com\/no\/wp-json\/wp\/v2\/posts\/71317\/revisions"}],"wp:featuredmedia":[{"embeddable":true,"href":"https:\/\/www.europesays.com\/no\/wp-json\/wp\/v2\/media\/71318"}],"wp:attachment":[{"href":"https:\/\/www.europesays.com\/no\/wp-json\/wp\/v2\/media?parent=71317"}],"wp:term":[{"taxonomy":"category","embeddable":true,"href":"https:\/\/www.europesays.com\/no\/wp-json\/wp\/v2\/categories?post=71317"},{"taxonomy":"post_tag","embeddable":true,"href":"https:\/\/www.europesays.com\/no\/wp-json\/wp\/v2\/tags?post=71317"}],"curies":[{"name":"wp","href":"https:\/\/api.w.org\/{rel}","templated":true}]}}