{"id":71322,"date":"2025-10-27T13:46:10","date_gmt":"2025-10-27T13:46:10","guid":{"rendered":"https:\/\/www.europesays.com\/no\/71322\/"},"modified":"2025-10-27T13:46:10","modified_gmt":"2025-10-27T13:46:10","slug":"bil-har-kjort-inn-i-kjopesenter-i-trondheim","status":"publish","type":"post","link":"https:\/\/www.europesays.com\/no\/71322\/","title":{"rendered":"Bil har kj\u00f8rt inn i kj\u00f8pesenter i Trondheim"},"content":{"rendered":"\n<p class=\"_lead_o9xde_2 _lead_xtcu6_50 layout-component text-serif-m layout-normal text-serif-l layout-component layout-wide layout-padded _wide_17hqh_1 layout-padded\">Det skal v\u00e6re knust glass p\u00e5 innsiden av butikken og murveggen er \u00f8delagt. <\/p>\n<ul aria-hidden=\"true\" class=\"_images_18f0k_111\">\n<li><a class=\"_link_18f0k_116\" href=\"https:\/\/www.vg.no\/forfatter\/emma-fondenes-oevreboe\" style=\"z-index:1\" title=\"Emma Fondenes \u00d8vreb\u00f8\" rel=\"nofollow noopener\" target=\"_blank\"><img alt=\"Bilde av Emma Fondenes \u00d8vreb\u00f8\" class=\"_image_18f0k_93\" fetchpriority=\"low\" loading=\"lazy\" decoding=\"async\" itemprop=\"image\"  src=\"https:\/\/www.europesays.com\/no\/wp-content\/uploads\/2025\/10\/1761572768_809_a3715f19-7e77-4fbf-b20f-7d6f5cb479de\"  width=\"480\"\/><\/a><\/li>\n<\/ul>\n<p> Oppdatert mandag 27. oktober kl. 14:36     <\/p>\n<p class=\"_paragraph_o9xde_4 _paragraph_xtcu6_10 layout-component text-serif-m layout-normal text-serif-m layout-padded\">Politiet mottok meldingen om at en bil har kj\u00f8rt inn i en vegg p\u00e5 Valentinlystsenteret i <a href=\"https:\/\/www.vg.no\/tag\/trondheim?utm_source=vg-article&amp;utm_medium=auto-tagger&amp;utm_campaign=RzPnGx\" class=\"_link_o9xde_39\" rel=\"nofollow noopener\" target=\"_blank\">Trondheim<\/a> klokken 13.48.<\/p>\n<p class=\"_paragraph_o9xde_4 _paragraph_xtcu6_10 layout-component text-serif-m layout-normal text-serif-m layout-padded\">Det skal v\u00e6re knust glass p\u00e5 innsiden av butikken og murveggen er \u00f8delagt.<\/p>\n<p class=\"_paragraph_o9xde_4 _paragraph_xtcu6_10 layout-component text-serif-m layout-normal text-serif-m layout-padded\">Politiet p\u00e5 stedet melder at hendelsen skal ha skjedd i forbindelse med parkering av bilen. <\/p>\n<ul class=\"_list_o9xde_3 _list_xtcu6_9 _unordered_o9xde_106 layout-component text-serif-m layout-normal text-serif-m layout-padded\">\n<li class=\"_item_o9xde_30\"><strong class=\"_strong_o9xde_25\">Har du bilder eller video? Tips VG <a href=\"https:\/\/www.vg.no\/tips-oss\" class=\"_link_o9xde_39\" rel=\"nofollow noopener\" target=\"_blank\">her<\/a><\/strong><\/li>\n<\/ul>\n<p class=\"_paragraph_o9xde_4 _paragraph_xtcu6_10 layout-component text-serif-m layout-normal text-serif-m layout-padded\">F\u00f8rer av bilen, en kvinne i 80-\u00e5rene, tilses av ambulanse p\u00e5 stedet.<\/p>\n<p class=\"_paragraph_o9xde_4 _paragraph_xtcu6_10 layout-component text-serif-m layout-normal text-serif-m layout-padded\">\u2013 F\u00f8reren er ikke alvorlig skadet s\u00e5 vidt vi har f\u00e5tt opplysninger om, sier operasjonsleder Einar Larsen R\u00f8stum til VG. <\/p>\n<p class=\"_paragraph_o9xde_4 _paragraph_xtcu6_10 layout-component text-serif-m layout-normal text-serif-m layout-padded\">Det er ikke mistanke om promille.<\/p>\n<p class=\"_paragraph_o9xde_4 _paragraph_xtcu6_10 layout-component text-serif-m layout-normal text-serif-m layout-padded\">Det er ikke meldt om andre involverte personer i hendelsen. Kj\u00f8pesenteret unders\u00f8ker n\u00e5 om det er greit \u00e5 holde butikken \u00e5pen. Vaktmester er p\u00e5 vei.<\/p>\n<p>    <img decoding=\"async\" alt=\"Tips oss illustrasjon\" src=\"https:\/\/www.europesays.com\/no\/wp-content\/uploads\/2025\/10\/pssst-small.webp.webp\"\/>    <\/p>\n<p class=\"title-serif-s\">Har du tips?<\/p>\n<p class=\"text-sans-m\">Send oss informasjon, bilder eller video.<\/p>\n<p>  <a href=\"https:\/\/www.vg.no\/tips-oss\" rel=\"nofollow noopener\" target=\"_blank\"> Tips oss <\/a>      <\/p>\n","protected":false},"excerpt":{"rendered":"Det skal v\u00e6re knust glass p\u00e5 innsiden av butikken og murveggen er \u00f8delagt. Oppdatert mandag 27. oktober kl.&hellip;\n","protected":false},"author":2,"featured_media":71323,"comment_status":"","ping_status":"","sticky":false,"template":"","format":"standard","meta":{"footnotes":""},"categories":[10],"tags":[31,20,21,24,25,15,22,23,13,30,28,29,14,16,26,27,596],"class_list":{"0":"post-71322","1":"post","2":"type-post","3":"status-publish","4":"format-standard","5":"has-post-thumbnail","7":"category-norge","8":"tag-breaking","9":"tag-breaking-news","10":"tag-breakingnews","11":"tag-featured-news","12":"tag-featurednews","13":"tag-headlines","14":"tag-latest-news","15":"tag-latestnews","16":"tag-news","17":"tag-no","18":"tag-norge","19":"tag-norway","20":"tag-nyheter","21":"tag-overskrifter","22":"tag-top-stories","23":"tag-topstories","24":"tag-trondheim"},"share_on_mastodon":{"url":"https:\/\/pubeurope.com\/@no\/115446440626458210","error":""},"_links":{"self":[{"href":"https:\/\/www.europesays.com\/no\/wp-json\/wp\/v2\/posts\/71322","targetHints":{"allow":["GET"]}}],"collection":[{"href":"https:\/\/www.europesays.com\/no\/wp-json\/wp\/v2\/posts"}],"about":[{"href":"https:\/\/www.europesays.com\/no\/wp-json\/wp\/v2\/types\/post"}],"author":[{"embeddable":true,"href":"https:\/\/www.europesays.com\/no\/wp-json\/wp\/v2\/users\/2"}],"replies":[{"embeddable":true,"href":"https:\/\/www.europesays.com\/no\/wp-json\/wp\/v2\/comments?post=71322"}],"version-history":[{"count":0,"href":"https:\/\/www.europesays.com\/no\/wp-json\/wp\/v2\/posts\/71322\/revisions"}],"wp:featuredmedia":[{"embeddable":true,"href":"https:\/\/www.europesays.com\/no\/wp-json\/wp\/v2\/media\/71323"}],"wp:attachment":[{"href":"https:\/\/www.europesays.com\/no\/wp-json\/wp\/v2\/media?parent=71322"}],"wp:term":[{"taxonomy":"category","embeddable":true,"href":"https:\/\/www.europesays.com\/no\/wp-json\/wp\/v2\/categories?post=71322"},{"taxonomy":"post_tag","embeddable":true,"href":"https:\/\/www.europesays.com\/no\/wp-json\/wp\/v2\/tags?post=71322"}],"curies":[{"name":"wp","href":"https:\/\/api.w.org\/{rel}","templated":true}]}}