{"id":71324,"date":"2025-10-27T13:47:09","date_gmt":"2025-10-27T13:47:09","guid":{"rendered":"https:\/\/www.europesays.com\/no\/71324\/"},"modified":"2025-10-27T13:47:09","modified_gmt":"2025-10-27T13:47:09","slug":"tidligere-skiloper-odd-martinsen-er-dod","status":"publish","type":"post","link":"https:\/\/www.europesays.com\/no\/71324\/","title":{"rendered":"Tidligere skil\u00f8per Odd Martinsen er d\u00f8d"},"content":{"rendered":"\n<p class=\"_lead_o9xde_2 _lead_xtcu6_50 layout-component text-serif-m layout-normal text-serif-l layout-component layout-wide layout-padded _wide_17hqh_1 layout-padded\">Den olympiske mesteren fra 1968 ble 82 \u00e5r gammel.<\/p>\n<p><img alt=\"Odd Martinsen under \u00e5pningen av Norsk Idretts \u00c6resgalleri i 2020. Foto: Terje Pedersen \/ NTB\" class=\"_image_qp4xg_65 layout-component layout-wide\" data-fullscreen- data-track-element-type=\"Article image fullscreen\" data-track-name=\"ImageFullscreen\" fetchpriority=\"high\" decoding=\"sync\" loading=\"eager\" height=\"3323\" itemprop=\"image\"  src=\"https:\/\/www.europesays.com\/no\/wp-content\/uploads\/2025\/10\/859afc2c-464e-464f-811d-e836b9c48dc1\"  style=\"object-position:0% 0%\" width=\"4542\"\/>Odd Martinsen under \u00e5pningen av Norsk Idretts \u00c6resgalleri i 2020. Foto: Terje Pedersen \/ NTB<\/p>\n<ul aria-hidden=\"true\" class=\"_images_18f0k_111\">\n<li><a class=\"_link_18f0k_116\" href=\"https:\/\/www.vg.no\/forfatter\/eirik-soerenmo-paasche\" style=\"z-index:2\" title=\"Eirik S\u00f8renmo P\u00e5sche\" rel=\"nofollow noopener\" target=\"_blank\"><img alt=\"Bilde av Eirik S\u00f8renmo P\u00e5sche\" class=\"_image_18f0k_93\" fetchpriority=\"low\" loading=\"lazy\" decoding=\"async\" itemprop=\"image\"  src=\"https:\/\/www.europesays.com\/no\/wp-content\/uploads\/2025\/10\/1761572828_736_cfda420f-d23e-4c6c-b420-faa95e9679ed\"  width=\"480\"\/><\/a><\/li>\n<li><a class=\"_link_18f0k_116\" href=\"https:\/\/www.vg.no\/forfatter\/jostein-overvik\" style=\"z-index:1\" title=\"Jostein Overvik\" rel=\"nofollow noopener\" target=\"_blank\"><img alt=\"Bilde av Jostein Overvik\" class=\"_image_18f0k_93\" fetchpriority=\"low\" loading=\"lazy\" decoding=\"async\" itemprop=\"image\"  src=\"https:\/\/www.europesays.com\/no\/wp-content\/uploads\/2025\/10\/1761572828_472_9167fa6a-7320-4d6f-b3c9-6c4ecb8beb8c\"  width=\"480\"\/><\/a><\/li>\n<\/ul>\n<p> Oppdatert mandag 27. oktober kl. 14:40     <\/p>\n<p class=\"_paragraph_o9xde_4 _paragraph_xtcu6_10 layout-component text-serif-m layout-normal text-serif-m layout-padded\">Familien bekrefter d\u00f8dsfallet til <a href=\"https:\/\/www.nrk.no\/sport\/tidlegare-langrennslopar-odd-willy-martinsen-_stafett-martin_-er-dod-1.15347602\" class=\"_link_o9xde_39\" rel=\"nofollow noopener\" target=\"_blank\">NRK<\/a>.<\/p>\n<p class=\"_paragraph_o9xde_4 _paragraph_xtcu6_10 layout-component text-serif-m layout-normal text-serif-m layout-padded\">\u2013 Odd har v\u00e6rt en markant profil i b\u00e5de Norge og internasjonalt. F\u00f8rst som l\u00f8per og en del av den legendariske gullkvartetten i Holmenkollen i 1966. Han har satt sitt preg p\u00e5 langrenn, sier langrennsekspert Torgeir Bj\u00f8rn til NRK.<\/p>\n<p class=\"_paragraph_o9xde_4 _paragraph_xtcu6_10 layout-component text-serif-m layout-normal text-serif-m layout-padded\">Tidligere lagkamerat P\u00e5l Tyldum sier til VG at Martinsen var en god venn, ogs\u00e5 i tiden etter de gikk p\u00e5 ski sammen.<\/p>\n<p class=\"_paragraph_o9xde_4 _paragraph_xtcu6_10 layout-component text-serif-m layout-normal text-serif-m layout-padded\">\u2013 Han var en skikkelig lederskikkelse, sier Tyldum.<\/p>\n<p><img alt=\"Ole Ellefs\u00e6ter b\u00e6res p\u00e5 gullstol av Odd Martinsen, Harald Gr\u00f8nningen og P\u00e5l Tyldum etter stafettgullet i Grenoble.  Foto: NTB \/ NTB\" class=\"_image_qp4xg_65 layout-component layout-normal\" data-fullscreen- data-track-element-type=\"Article image fullscreen\" data-track-name=\"ImageFullscreen\" decoding=\"async\" loading=\"lazy\" height=\"3629\" itemprop=\"image\"  src=\"https:\/\/www.europesays.com\/no\/wp-content\/uploads\/2025\/10\/d3691c5c-fcf5-4407-9bb5-a3970e7343d5\"  style=\"object-position:0% 0%\" width=\"3276\"\/>Ole Ellefs\u00e6ter b\u00e6res p\u00e5 gullstol av Odd Martinsen, Harald Gr\u00f8nningen og P\u00e5l Tyldum etter stafettgullet i Grenoble.  Foto: NTB \/ NTB<\/p>\n<p class=\"_paragraph_o9xde_4 _paragraph_xtcu6_10 layout-component text-serif-m layout-normal text-serif-m layout-padded\">Martinsen ble kalt for \u00abStafett-Martin\u00bb, ettersom han ble kjent som en spesielt sterk stafettl\u00f8per.<\/p>\n<p class=\"_paragraph_o9xde_4 _paragraph_xtcu6_10 layout-component text-serif-m layout-normal text-serif-m layout-padded\">I Oslo i 1966 ble han, Gjermund Eggen, Harald Gr\u00f8nningen og Ole Ellefs\u00e6ter verdensmestere i stafett. Martinsen avgjorde p\u00e5 mange m\u00e5ter stafetten med \u00e5 gi Norge ledelse med 24 sekunder etter f\u00f8rste etappe.<\/p>\n<p class=\"_paragraph_o9xde_4 _paragraph_xtcu6_10 layout-component text-serif-m layout-normal text-serif-m layout-padded\">To \u00e5r senere, i 1968, tok Martinsen, Gr\u00f8nningen og Ellefs\u00e6ter OL-gull i stafett sammen med P\u00e5l Tyldum.<\/p>\n<p class=\"_paragraph_o9xde_4 _paragraph_xtcu6_10 layout-component text-serif-m layout-normal text-serif-m layout-padded\">I tillegg har Martinsen VM-bronse fra 1974 og et OL-s\u00f8lv fra 1976 i stafett.<\/p>\n<p><img alt=\"Odd Martinsen med sine medaljer fra OL i 1968.  Foto: Aktuell \/ NTB\" class=\"_image_qp4xg_65 layout-component layout-normal\" data-fullscreen- data-track-element-type=\"Article image fullscreen\" data-track-name=\"ImageFullscreen\" decoding=\"async\" loading=\"lazy\" height=\"4559\" itemprop=\"image\"  src=\"https:\/\/www.europesays.com\/no\/wp-content\/uploads\/2025\/10\/c3a6561c-3022-4780-9bf7-9fb15e97e148\"  style=\"object-position:0% 0%\" width=\"3459\"\/>Odd Martinsen med sine medaljer fra OL i 1968.  Foto: Aktuell \/ NTB<\/p>\n<p class=\"_paragraph_o9xde_4 _paragraph_xtcu6_10 layout-component text-serif-m layout-normal text-serif-m layout-padded\">Individuelt plukket \u00abStafett-Martin\u00bb ogs\u00e5 flere medaljer:<\/p>\n<ul class=\"_list_o9xde_3 _list_xtcu6_9 _unordered_o9xde_106 layout-component text-serif-m layout-normal text-serif-m layout-padded\">\n<li class=\"_item_o9xde_30\">Bronse p\u00e5 15 kilometer i VM i1966<\/li>\n<li class=\"_item_o9xde_30\">S\u00f8lv p\u00e5 30 kilometer i OL i 1968<\/li>\n<li class=\"_item_o9xde_30\">S\u00f8lv p\u00e5 15 kilometer i VM i 1970<\/li>\n<li class=\"_item_o9xde_30\">Bronse p\u00e5 30 kilometer i VM i 1970<\/li>\n<\/ul>\n<p class=\"_paragraph_o9xde_4 _paragraph_xtcu6_10 layout-component text-serif-m layout-normal text-serif-m layout-padded\">l den uoffisielle verdenscupen i 1975 endte Martinsen p\u00e5 annenplass.<\/p>\n<p><img alt=\"Martinsen i trening p\u00e5 hjemmebane f\u00f8r VM i 1966.  Foto: Aktuell \/ NTB\" class=\"_image_qp4xg_65 layout-component layout-normal\" data-fullscreen- data-track-element-type=\"Article image fullscreen\" data-track-name=\"ImageFullscreen\" decoding=\"async\" loading=\"lazy\" height=\"3902\" itemprop=\"image\"  src=\"https:\/\/www.europesays.com\/no\/wp-content\/uploads\/2025\/10\/00c4b0cb-e99c-46ae-b366-0eb355c55a76\"  style=\"object-position:0% 0%\" width=\"4029\"\/>Martinsen i trening p\u00e5 hjemmebane f\u00f8r VM i 1966.  Foto: Aktuell \/ NTB<\/p>\n<p class=\"_paragraph_o9xde_4 _paragraph_xtcu6_10 layout-component text-serif-m layout-normal text-serif-m layout-padded\">I Norge vant Martinsen syv NM-gull p\u00e5 stafett i perioden 1970 til 1978 og fikk tildelt to kongepokaler.<\/p>\n<p class=\"_paragraph_o9xde_4 _paragraph_xtcu6_10 layout-component text-serif-m layout-normal text-serif-m layout-padded\">Han ble tildelt Holmenkollmedaljen i 1969 og ble utnevnt til ridder av 1. klasse av Den kongelige norske St. Olavs Orden i 2014 p\u00e5 grunn av sin innsats for norsk og internasjonal skiidrett.<\/p>\n<p class=\"_paragraph_o9xde_4 _paragraph_xtcu6_10 layout-component text-serif-m layout-normal text-serif-m layout-padded\">Fra 1986 til 2002 var \u00abStafett-Martin\u00bb leder av langrennskomiteen i Det internasjonale skiforbundet (FIS).<\/p>\n<p class=\"_paragraph_o9xde_4 _paragraph_xtcu6_10 layout-component text-serif-m layout-normal text-serif-m layout-padded\">Martinsen er far til tidligere langrennsl\u00f8per Bente Skari, som selv vant tolv medaljer i OL og VM som langrennsl\u00f8per. Datteren vant OL-gull i 2002.<\/p>\n<p><img alt=\"Bente Skari feirer VM-gull sammen med sin far Odd.  Foto: Bj\u00f8rn Sigurds\u00f8n \/ NTB\" class=\"_image_qp4xg_65 layout-component layout-normal\" data-fullscreen- data-track-element-type=\"Article image fullscreen\" data-track-name=\"ImageFullscreen\" decoding=\"async\" loading=\"lazy\" height=\"2396\" itemprop=\"image\"  src=\"https:\/\/www.europesays.com\/no\/wp-content\/uploads\/2025\/10\/2b60199d-4386-4b45-ac30-3f9c8fe3dfc9\"  style=\"object-position:0% 0%\" width=\"1817\"\/>Bente Skari feirer VM-gull sammen med sin far Odd.  Foto: Bj\u00f8rn Sigurds\u00f8n \/ NTB<\/p>\n<p class=\"_paragraph_o9xde_4 _paragraph_xtcu6_10 layout-component text-serif-m layout-normal text-serif-m layout-padded\">Odd Martinsen startet i 1983 selskapet Finor hjemme i Nittedal. Familiebedriften har siden imponert Fischer-ski til Norge. S\u00f8nnen Harald Martinsen er i dag styreleder mens datteren Bente Skari sitter i styret. Odd Martinsen overlot i 1998 mesteparten av selskapet til arvingene.<\/p>\n<p class=\"_paragraph_o9xde_4 _paragraph_xtcu6_10 layout-component text-serif-m layout-normal text-serif-m layout-padded\">\u2013 Den virkelig store omsetningen f\u00e5r vi ikke f\u00f8r det ligger tjukt med sn\u00f8 p\u00e5 trappa til hvermansen. Det er da det blir tall ut av det, sa Odd Martinsen til <a href=\"https:\/\/www.dn.no\/trening\/sokkrik-pa-langrennsbolgen\/1-1-1726026\" class=\"_link_o9xde_39\" rel=\"nofollow noopener\" target=\"_blank\">Dagens N\u00e6ringsliv<\/a> i 2011. Selskapet hadde i 2024 en omsetning p\u00e5 137 millioner kroner.<\/p>\n<p class=\"_paragraph_o9xde_4 _paragraph_xtcu6_10 layout-component text-serif-m layout-normal text-serif-m layout-padded\">Langrennstradisjonen b\u00e6res n\u00e5 videre av barnebarnet Filip Skari. 20-\u00e5ringen vant sist sesong to  gull i junior-VM.<\/p>\n","protected":false},"excerpt":{"rendered":"Den olympiske mesteren fra 1968 ble 82 \u00e5r gammel. Odd Martinsen under \u00e5pningen av Norsk Idretts \u00c6resgalleri i&hellip;\n","protected":false},"author":2,"featured_media":71325,"comment_status":"","ping_status":"","sticky":false,"template":"","format":"standard","meta":{"footnotes":""},"categories":[5],"tags":[20,21,24,25,15,19,398,22,23,17,18,13,30,28,29,14,16,26,27,399],"class_list":{"0":"post-71324","1":"post","2":"type-post","3":"status-publish","4":"format-standard","5":"has-post-thumbnail","7":"category-overskrifter","8":"tag-breaking-news","9":"tag-breakingnews","10":"tag-featured-news","11":"tag-featurednews","12":"tag-headlines","13":"tag-hovedoppslag","14":"tag-langrenn","15":"tag-latest-news","16":"tag-latestnews","17":"tag-main-news","18":"tag-mainnews","19":"tag-news","20":"tag-no","21":"tag-norge","22":"tag-norway","23":"tag-nyheter","24":"tag-overskrifter","25":"tag-top-stories","26":"tag-topstories","27":"tag-vintersport"},"share_on_mastodon":{"url":"https:\/\/pubeurope.com\/@no\/115446444437363597","error":""},"_links":{"self":[{"href":"https:\/\/www.europesays.com\/no\/wp-json\/wp\/v2\/posts\/71324","targetHints":{"allow":["GET"]}}],"collection":[{"href":"https:\/\/www.europesays.com\/no\/wp-json\/wp\/v2\/posts"}],"about":[{"href":"https:\/\/www.europesays.com\/no\/wp-json\/wp\/v2\/types\/post"}],"author":[{"embeddable":true,"href":"https:\/\/www.europesays.com\/no\/wp-json\/wp\/v2\/users\/2"}],"replies":[{"embeddable":true,"href":"https:\/\/www.europesays.com\/no\/wp-json\/wp\/v2\/comments?post=71324"}],"version-history":[{"count":0,"href":"https:\/\/www.europesays.com\/no\/wp-json\/wp\/v2\/posts\/71324\/revisions"}],"wp:featuredmedia":[{"embeddable":true,"href":"https:\/\/www.europesays.com\/no\/wp-json\/wp\/v2\/media\/71325"}],"wp:attachment":[{"href":"https:\/\/www.europesays.com\/no\/wp-json\/wp\/v2\/media?parent=71324"}],"wp:term":[{"taxonomy":"category","embeddable":true,"href":"https:\/\/www.europesays.com\/no\/wp-json\/wp\/v2\/categories?post=71324"},{"taxonomy":"post_tag","embeddable":true,"href":"https:\/\/www.europesays.com\/no\/wp-json\/wp\/v2\/tags?post=71324"}],"curies":[{"name":"wp","href":"https:\/\/api.w.org\/{rel}","templated":true}]}}