{"id":71345,"date":"2025-10-27T14:09:09","date_gmt":"2025-10-27T14:09:09","guid":{"rendered":"https:\/\/www.europesays.com\/no\/71345\/"},"modified":"2025-10-27T14:09:09","modified_gmt":"2025-10-27T14:09:09","slug":"trafikk-e134-her-vil-det-kry-av-nodetater","status":"publish","type":"post","link":"https:\/\/www.europesays.com\/no\/71345\/","title":{"rendered":"Trafikk, E134 | Her vil det kry av n\u00f8detater"},"content":{"rendered":"\n<p><b>ASKER:<\/b> Statens vegvesen og n\u00f8detatene skal f\u00f8rstkommende onsdag \u00f8ve p\u00e5 h\u00e5ndtering av trafikkulykker i Elgskau\u00e5stunnelen p\u00e5 E134.<\/p>\n<p>\u00d8velsen gjennomf\u00f8res mellom klokka 10 og 12, og det vil v\u00e6re flere utrykningskj\u00f8ret\u00f8y i omr\u00e5det i dette tidsrommet.<\/p>\n<p><b>Tunnelen skal blir imidlertid ikke stengt under \u00f8velsen, som gjennomf\u00f8res som en ren utryknings\u00f8velse.<\/b><\/p>\n<p>  <a href=\"https:\/\/www.dt.no\/5-57-2720730\" class=\"related-teaser has-image default-story-teaser article--c-eRUmMG article--c-eRUmMG-jKCPdD-design-default\" rel=\"nofollow noopener\" target=\"_blank\"><\/p>\n<p>    <img decoding=\"async\" loading=\"lazy\"  src=\"https:\/\/www.europesays.com\/no\/wp-content\/uploads\/2025\/10\/Sikringsarbeid+Grimsrudveien.jpg\" alt=\"\" class=\"brick-c-cFOWSL\" style=\"\"\/><\/p>\n<p>\n            Les ogs\u00e5<\/p>\n<p>              Her blir det hektisk helikopteraktivitet\n        <\/p>\n<p>  <\/a><br \/>\n  \u2013 Slipp n\u00f8detatene fram<\/p>\n<p>M\u00e5let er \u00e5 styrke samarbeidet mellom n\u00f8detatene og Vegtrafikksentralen, og \u00e5 \u00f8ve p\u00e5 samhandling, kommunikasjon og innsats i sanntid.<\/p>\n<p>\u2013 Denne gangen velger vi \u00e5 fokusere p\u00e5 elementer rundt utrykning, slik som kommunikasjon og situasjonsforst\u00e5else, sier Hans Are Dahl, praktisk tunnelforvalter og brannvernleder i Statens vegvesen, i en pressemelding.<\/p>\n<p><b>Scenarioet holdes hemmelig for mannskapene for \u00e5 gj\u00f8re \u00f8velsen mest mulig realistisk.<\/b><\/p>\n<p>\u2013 Under \u00f8velsen vil det v\u00e6re en del kj\u00f8ret\u00f8y med bl\u00e5lys i omr\u00e5det, s\u00e5 det gjelder \u00e5 v\u00e6re oppmerksom og slippe utrykningskj\u00f8ret\u00f8yene fram p\u00e5 en trygg m\u00e5te, sier Dahl.<\/p>\n<p>B\u00e5de Asker og B\u00e6rum brann og redning, 110-sentralen, politiet, ambulansetjenesten og Vegtrafikksentralen deltar i \u00f8velsen.<\/p>\n<p>  <a href=\"https:\/\/www.dt.no\/5-57-2719151\" class=\"related-teaser default-story-teaser article--c-eRUmMG article--c-eRUmMG-jKCPdD-design-default article--c-eRUmMG-kpKLOW-cv\" rel=\"nofollow noopener\" target=\"_blank\"><\/p>\n<p>\n            Les ogs\u00e5<\/p>\n<p>              Claus skal trappe ned \u2013 disse vil ta over jobben hans\n        <\/p>\n<p>  <\/a><\/p>\n","protected":false},"excerpt":{"rendered":"ASKER: Statens vegvesen og n\u00f8detatene skal f\u00f8rstkommende onsdag \u00f8ve p\u00e5 h\u00e5ndtering av trafikkulykker i Elgskau\u00e5stunnelen p\u00e5 E134. \u00d8velsen&hellip;\n","protected":false},"author":2,"featured_media":24401,"comment_status":"","ping_status":"","sticky":false,"template":"","format":"standard","meta":{"footnotes":""},"categories":[10],"tags":[36,20,21,9974,24,25,15,22,23,13,30,28,29,14,16,8897,1510,26,27,224],"class_list":{"0":"post-71345","1":"post","2":"type-post","3":"status-publish","4":"format-standard","5":"has-post-thumbnail","7":"category-norge","8":"tag-art","9":"tag-breaking-news","10":"tag-breakingnews","11":"tag-e134","12":"tag-featured-news","13":"tag-featurednews","14":"tag-headlines","15":"tag-latest-news","16":"tag-latestnews","17":"tag-news","18":"tag-no","19":"tag-norge","20":"tag-norway","21":"tag-nyheter","22":"tag-overskrifter","23":"tag-ovelse","24":"tag-story","25":"tag-top-stories","26":"tag-topstories","27":"tag-trafikk"},"share_on_mastodon":{"url":"https:\/\/pubeurope.com\/@no\/115446531124633691","error":""},"_links":{"self":[{"href":"https:\/\/www.europesays.com\/no\/wp-json\/wp\/v2\/posts\/71345","targetHints":{"allow":["GET"]}}],"collection":[{"href":"https:\/\/www.europesays.com\/no\/wp-json\/wp\/v2\/posts"}],"about":[{"href":"https:\/\/www.europesays.com\/no\/wp-json\/wp\/v2\/types\/post"}],"author":[{"embeddable":true,"href":"https:\/\/www.europesays.com\/no\/wp-json\/wp\/v2\/users\/2"}],"replies":[{"embeddable":true,"href":"https:\/\/www.europesays.com\/no\/wp-json\/wp\/v2\/comments?post=71345"}],"version-history":[{"count":0,"href":"https:\/\/www.europesays.com\/no\/wp-json\/wp\/v2\/posts\/71345\/revisions"}],"wp:featuredmedia":[{"embeddable":true,"href":"https:\/\/www.europesays.com\/no\/wp-json\/wp\/v2\/media\/24401"}],"wp:attachment":[{"href":"https:\/\/www.europesays.com\/no\/wp-json\/wp\/v2\/media?parent=71345"}],"wp:term":[{"taxonomy":"category","embeddable":true,"href":"https:\/\/www.europesays.com\/no\/wp-json\/wp\/v2\/categories?post=71345"},{"taxonomy":"post_tag","embeddable":true,"href":"https:\/\/www.europesays.com\/no\/wp-json\/wp\/v2\/tags?post=71345"}],"curies":[{"name":"wp","href":"https:\/\/api.w.org\/{rel}","templated":true}]}}