{"id":71358,"date":"2025-10-27T14:21:10","date_gmt":"2025-10-27T14:21:10","guid":{"rendered":"https:\/\/www.europesays.com\/no\/71358\/"},"modified":"2025-10-27T14:21:10","modified_gmt":"2025-10-27T14:21:10","slug":"kultur-underholdning-anette-augdahl","status":"publish","type":"post","link":"https:\/\/www.europesays.com\/no\/71358\/","title":{"rendered":"Kultur &#038; underholdning, Anette Augdahl"},"content":{"rendered":"\n<p>\u2013 Dette var mer enn vi turte \u00e5 h\u00e5pe p\u00e5, forteller Trine Johansen, arrangementsansvarlig i AmaSing umiddelbart etter konserten.<\/p>\n<p>\u2013 Vi har hatt et helt kor med \u00abja-mennesker\u00bb som har jobbet i m\u00e5nedsvis for \u00e5 skaffe sponsorer, markedsf\u00f8re arrangementet og s\u00f8rget for at alle bitte sm\u00e5 praktiske detaljer er p\u00e5 plass.<\/p>\n<p>   <img decoding=\"async\" width=\"3024\" height=\"2629\" fetchpriority=\"low\"  loading=\"lazy\"  src=\"https:\/\/www.europesays.com\/no\/wp-content\/uploads\/2025\/10\/B%C3%A5thuset1.jpg\" alt=\"\" class=\"brick-c-cFOWSL\" style=\"--brick-image-ratio: 3024 \/ 2629;\"\/><\/p>\n<p>      Arrangementsansvarlig Trine Johansen og Atle Kristoffersen var str\u00e5lende forn\u00f8yd med konserten<br \/>\n      Foto: Kari J\u00f8rgensen\n    <\/p>\n<p>\u2013 N\u00e5r B\u00e5thuset fyrer i peisen, kor og band leverer til gull, er det ikke s\u00e5 mange andre plasser i distriktet som kan konkurrere p\u00e5 det vi \u00f8nsker, nemlig osemagi, sier Johansen.<\/p>\n<p>\u2013 Wow, jeg er s\u00e5 forn\u00f8yd, forteller Anette Augdahl, som har loset publikum igjennom 23 l\u00e5ter i spekteret fra Abba til Anne Grethe Preus og Odd Ren\u00e9.<\/p>\n<p>\u2013 Alts\u00e5, her har vi et fantastisk band som leverer, lyd som funker og solister ut av en annen verden. Det er bare god stemning, du vet da m\u00e5 vi bare \u00abkline til\u00bb.<\/p>\n<p>   <img decoding=\"async\" width=\"1125\" height=\"1015\" fetchpriority=\"low\"  loading=\"lazy\"  src=\"https:\/\/www.europesays.com\/no\/wp-content\/uploads\/2025\/10\/B%C3%A5thuset3.jpg\" alt=\"\" class=\"brick-c-cFOWSL\" style=\"--brick-image-ratio: 1125 \/ 1015;\"\/><\/p>\n<p>      Anette Augdahl beviste nok en gang hvilken stemmeprakt hun har.<br \/>\n      Foto: Raymond J\u00f8rgensen\n    <\/p>\n<p>Koret avsluttet f\u00f8rste bolk med \u00abFor Fredrikstad\u00bb og hele salen sang selvf\u00f8lgelig med.<\/p>\n<p>Anette beviste nok en gang hvilken stemmeprakt hun har n\u00e5r Alicia Keys\u2019 \u00abI\u2019ve got you\u00bb satte standarden for hva koret skulle by p\u00e5 etter pause.<\/p>\n<p>Det er ti \u00e5r siden voksenkoret hadde siste egne konsert p\u00e5 B\u00e5thuset, vi lover at ikke det blir like lenge til neste gang, for dette ble en suksess.<\/p>\n<p>\u2013 Konserten ble avsluttet med litt julegroove, og p\u00e5 tirsdag er det jul i fokus mot Domkirken 1. s\u00f8ndag i advent. Her er det bare \u00e5 glede seg og ta turen, avslutter Anette.<\/p>\n<p>   <img decoding=\"async\" width=\"973\" height=\"613\" fetchpriority=\"low\"  loading=\"lazy\"  src=\"https:\/\/www.europesays.com\/no\/wp-content\/uploads\/2025\/10\/88cac7e5-88e8-4e32-ae3d-8eae77498d62.bin\" alt=\"\" class=\"brick-c-cFOWSL\" style=\"--brick-image-ratio: 973 \/ 613;\"\/><\/p>\n<p>      AmaSings 59 korister fylte ogs\u00e5 scenen p\u00e5 B\u00e5thuset<br \/>\n      Foto: Raymond J\u00f8rgensen\n    <\/p>\n","protected":false},"excerpt":{"rendered":"\u2013 Dette var mer enn vi turte \u00e5 h\u00e5pe p\u00e5, forteller Trine Johansen, arrangementsansvarlig i AmaSing umiddelbart etter&hellip;\n","protected":false},"author":2,"featured_media":71359,"comment_status":"","ping_status":"","sticky":false,"template":"","format":"standard","meta":{"footnotes":""},"categories":[58],"tags":[9978,9977,36,9979,71,155,5782,282,221,30,28,29,1510,72],"class_list":{"0":"post-71358","1":"post","2":"type-post","3":"status-publish","4":"format-standard","5":"has-post-thumbnail","7":"category-underholdning","8":"tag-amasing","9":"tag-anette-augdahl","10":"tag-art","11":"tag-bathuset","12":"tag-entertainment","13":"tag-konsert","14":"tag-kor","15":"tag-kultur-underholdning","16":"tag-musikk","17":"tag-no","18":"tag-norge","19":"tag-norway","20":"tag-story","21":"tag-underholdning"},"share_on_mastodon":{"url":"https:\/\/pubeurope.com\/@no\/115446578248684915","error":""},"_links":{"self":[{"href":"https:\/\/www.europesays.com\/no\/wp-json\/wp\/v2\/posts\/71358","targetHints":{"allow":["GET"]}}],"collection":[{"href":"https:\/\/www.europesays.com\/no\/wp-json\/wp\/v2\/posts"}],"about":[{"href":"https:\/\/www.europesays.com\/no\/wp-json\/wp\/v2\/types\/post"}],"author":[{"embeddable":true,"href":"https:\/\/www.europesays.com\/no\/wp-json\/wp\/v2\/users\/2"}],"replies":[{"embeddable":true,"href":"https:\/\/www.europesays.com\/no\/wp-json\/wp\/v2\/comments?post=71358"}],"version-history":[{"count":0,"href":"https:\/\/www.europesays.com\/no\/wp-json\/wp\/v2\/posts\/71358\/revisions"}],"wp:featuredmedia":[{"embeddable":true,"href":"https:\/\/www.europesays.com\/no\/wp-json\/wp\/v2\/media\/71359"}],"wp:attachment":[{"href":"https:\/\/www.europesays.com\/no\/wp-json\/wp\/v2\/media?parent=71358"}],"wp:term":[{"taxonomy":"category","embeddable":true,"href":"https:\/\/www.europesays.com\/no\/wp-json\/wp\/v2\/categories?post=71358"},{"taxonomy":"post_tag","embeddable":true,"href":"https:\/\/www.europesays.com\/no\/wp-json\/wp\/v2\/tags?post=71358"}],"curies":[{"name":"wp","href":"https:\/\/api.w.org\/{rel}","templated":true}]}}