{"id":71364,"date":"2025-10-27T14:27:11","date_gmt":"2025-10-27T14:27:11","guid":{"rendered":"https:\/\/www.europesays.com\/no\/71364\/"},"modified":"2025-10-27T14:27:11","modified_gmt":"2025-10-27T14:27:11","slug":"klare-for-rettsmote-om-hoiby-boka-hvite-striper-sorte-far","status":"publish","type":"post","link":"https:\/\/www.europesays.com\/no\/71364\/","title":{"rendered":"Klare for rettsm\u00f8te om H\u00f8iby-boka \u00abHvite striper, sorte f\u00e5r\u00bb"},"content":{"rendered":"\n<p class=\"_paragraph_o9xde_4 _paragraph_xtcu6_10 layout-component text-serif-m layout-normal text-serif-m layout-padded\">Marius H\u00f8ibys forsvarere oppgir tre konkrete grunner til at de mener boken \u00abHvite striper, sorte f\u00e5r\u00bb m\u00e5 trekkes fra markedet. <\/p>\n<p class=\"_paragraph_o9xde_4 _paragraph_xtcu6_10 layout-component text-serif-m layout-normal text-serif-m layout-padded\"><strong class=\"_strong_o9xde_25\">Det kommer fram i Aschehougs tilsvar som ble sendt Oslo tingrett mandag morgen.<\/strong> <\/p>\n<p class=\"_paragraph_o9xde_4 _paragraph_xtcu6_10 layout-component text-serif-m layout-normal text-serif-m layout-padded\">Forlagssjef for sakprosa i Aschehoug, Live Fedog Thorsen, opplyser at de er klare for \u00e5 m\u00f8te motparten:<\/p>\n<p class=\"_paragraph_o9xde_4 _paragraph_xtcu6_10 layout-component text-serif-m layout-normal text-serif-m layout-padded\"><strong class=\"_strong_o9xde_25\">\u2013 Vi har f\u00e5tt beskjed fra Oslo tingrett om at det vil bli kalt inn til rettsm\u00f8te neste uke, skriver Fedog Thorsen i en SMS til VG.<\/strong><\/p>\n<p class=\"_paragraph_o9xde_4 _paragraph_xtcu6_10 layout-component text-serif-m layout-normal text-serif-m layout-padded\">Hun mener boken har stor offentlig interesse og er basert p\u00e5 vanlige journalistiske metoder.<\/p>\n<p class=\"_paragraph_o9xde_4 _paragraph_xtcu6_10 layout-component text-serif-m layout-normal text-serif-m layout-padded\">\u2013 \u00c5 fors\u00f8ke \u00e5 kneble en slik utgivelse er dypt problematisk, sier hun til VG.<\/p>\n<p class=\"_paragraph_o9xde_4 _paragraph_xtcu6_10 layout-component text-serif-m layout-normal text-serif-m layout-padded\">Det har stormet rundt boken \u00abHvite striper, sorte f\u00e5r\u00bb som ble sluppet i forrige uke. B\u00e5de H\u00f8ibys forsvarere og Kongehuset har v\u00e6rt kritiske til<a href=\"https:\/\/www.vg.no\/rampelys\/i\/8q3QRQ\/hoeibys-forsvarere-hardt-ut-mot-ny-bok\" data-track-element-type=\"Link\" data-track-id=\"link:8q3QRQ\" class=\"_link_o9xde_39\" rel=\"nofollow noopener\" target=\"_blank\"> deler av innholdet<\/a> i boken, og fredag sendte H\u00f8ibys forsvarere en begj\u00e6ring om midlertidig forf\u00f8yningmidlertidig forf\u00f8yningEn rettslig prosess hvor en part ber om en midlertidig rettsavgj\u00f8relse for \u00e5 forhindre skade eller tap mens en sak er under behandling.<\/p>\n<p> til retten med p\u00e5stand om \u00e5 stoppe boken.<\/p>\n<p class=\"_paragraph_o9xde_4 _paragraph_xtcu6_10 layout-component text-serif-m layout-normal text-serif-m layout-padded\"><strong class=\"_strong_o9xde_25\">\u2013 Vi gj\u00f8r dette grunnet forlagets manglende vilje til \u00e5 korrigere faktafeil, sa forsvarer Petar Sekulic til VG. <\/strong><\/p>\n<p> Tre grunner <img alt=\"Marius H\u00f8ibys forsvarere, Petar Sekulic og Ellen Holager Anden\u00e6s.  Foto: J\u00f8rgen Braastad \/ VG\" class=\"_image_qp4xg_65 layout-component layout-normal\" data-fullscreen- data-track-element-type=\"Article image fullscreen\" data-track-name=\"ImageFullscreen\" decoding=\"async\" loading=\"lazy\" height=\"4636\" itemprop=\"image\"  src=\"https:\/\/www.europesays.com\/no\/wp-content\/uploads\/2025\/10\/6fcfd6bb-4a1d-4b43-8961-254e28a35240\"  style=\"object-position:0% 0%\" width=\"6025\"\/>Marius H\u00f8ibys forsvarere, Petar Sekulic og Ellen Holager Anden\u00e6s.  Foto: J\u00f8rgen Braastad \/ VG<\/p>\n<p class=\"_paragraph_o9xde_4 _paragraph_xtcu6_10 layout-component text-serif-m layout-normal text-serif-m layout-padded\">Aschehoug bestrider kravet &#8211; og har mandag morgen sendt sitt tilsvar til retten. <\/p>\n<p class=\"_paragraph_o9xde_4 _paragraph_xtcu6_10 layout-component text-serif-m layout-normal text-serif-m layout-padded\"><strong class=\"_strong_o9xde_25\">Forlaget mener det helt klart ikke er grunnlag for \u00e5 stanse boken umiddelbart.<\/strong><\/p>\n<p class=\"_paragraph_o9xde_4 _paragraph_xtcu6_10 layout-component text-serif-m layout-normal text-serif-m layout-padded\">\u2013 Etter Aschehougs syn er vilk\u00e5rene for midlertidig forf\u00f8yning ikke oppfylt, skriver forlaget i tilsvaret som VG har f\u00e5tt tilgang p\u00e5.<\/p>\n<p class=\"_paragraph_o9xde_4 _paragraph_xtcu6_10 layout-component text-serif-m layout-normal text-serif-m layout-padded\"><strong class=\"_strong_o9xde_25\">I begj\u00e6ringen skal det if\u00f8lge tilsvaret v\u00e6re oppgitt tre hovedgrunner til at forsvarerne vil at boken skal bli trukket fra markedet:<\/strong><\/p>\n<ul class=\"_list_o9xde_3 _list_xtcu6_9 _unordered_o9xde_106 layout-component text-serif-m layout-normal text-serif-m layout-padded\">\n<li class=\"_item_o9xde_30\">Selve forsiden av boken. <\/li>\n<li class=\"_item_o9xde_30\">Omtale av salg av kokain p\u00e5 Karl Johan <\/li>\n<li class=\"_item_o9xde_30\">Omtale av vinkjelleren og tyveri av s\u00f8lvt\u00f8y p\u00e5 Skaugum<\/li>\n<\/ul>\n<p class=\"_paragraph_o9xde_4 _paragraph_xtcu6_10 layout-component text-serif-m layout-normal text-serif-m layout-padded\">VG har kontaktet H\u00f8ibys advokater for kommentar til denne saken, men forel\u00f8pig ikke f\u00e5tt det. <\/p>\n<p> Bokens forside<\/p>\n<p class=\"_paragraph_o9xde_4 _paragraph_xtcu6_10 layout-component text-serif-m layout-normal text-serif-m layout-padded\">Forsiden p\u00e5 boken er sammensatt av forskjellige bilder. <\/p>\n<p class=\"_paragraph_o9xde_4 _paragraph_xtcu6_10 layout-component text-serif-m layout-normal text-serif-m layout-padded\">Det viser et redigert bilde av H\u00f8iby, hvor han opprinnelig er sammen med en annen person. Men i forgrunnen har forlaget plassert det som ser ut som kokainstriper. Dette har forsvarerne reagert p\u00e5, if\u00f8lge tilsvaret. <\/p>\n<p><img alt=\"\" class=\"_image_qp4xg_65 layout-component layout-normal\" data-fullscreen- data-track-element-type=\"Article image fullscreen\" data-track-name=\"ImageFullscreen\" decoding=\"async\" loading=\"lazy\" height=\"1555\" itemprop=\"image\"  src=\"https:\/\/www.europesays.com\/no\/wp-content\/uploads\/2025\/10\/e1609a5d-8c55-41b4-900e-c2cd5192bd05\"  style=\"object-position:0% 0%\" width=\"1658\"\/><\/p>\n<p class=\"_paragraph_o9xde_4 _paragraph_xtcu6_10 layout-component text-serif-m layout-normal text-serif-m layout-padded\">Aschehoug forsvarer bokomslaget og skriver: <\/p>\n<p class=\"_paragraph_o9xde_4 _paragraph_xtcu6_10 layout-component text-serif-m layout-normal text-serif-m layout-padded\">\u2013 I tillegg viser forsiden ikke et rent bilde av H\u00f8iby, men et speilbilde, som understreker forsideillustrasjonens litter\u00e6re effekt. Bildet av H\u00f8iby er publisert flere ganger tidligere, skriver forlaget. <\/p>\n<p class=\"_paragraph_o9xde_4 _paragraph_xtcu6_10 layout-component text-serif-m layout-normal text-serif-m layout-padded\">Videre skriver forlaget at forsidebildet reflekterer det som er bokens hovedtema, og som ogs\u00e5 underbygges av undertittelen: \u00abEn reportasjebok om kokain, narkogjenger og kronprinsessens s\u00f8nn\u00bb.<\/p>\n<p class=\"_paragraph_o9xde_4 _paragraph_xtcu6_10 layout-component text-serif-m layout-normal text-serif-m layout-padded\">\u2013 Et sentralt tema i boken er hvordan H\u00f8iby ved flere anledninger har v\u00e6rt involvert med tungt kriminelle, blant annet personer som er domfelt for innf\u00f8rsel av sv\u00e6rt store mengder kokain. H\u00f8ibys egen befatning med kokain er tematisert flere steder i boka, uten at det er beskrivelser som er bestridt. <\/p>\n<p class=\"_paragraph_o9xde_4 _paragraph_xtcu6_10 layout-component text-serif-m layout-normal text-serif-m layout-padded\">\u2013 Det er derfor ikke noe \u00e6rekrenkende ved forsiden, og den er ogs\u00e5 godt innenfor rammene av Grunnloven \u00a7 100Grunnloven \u00a7 100Grunnloven \u00a7 100 er en del av Norges grunnlov som omhandler ytringsfrihet og retten til \u00e5 uttrykke seg fritt. og EMK artikkel 10EMK artikkel 10EMK artikkel 10 er en del av Den europeiske menneskerettighetskonvensjonen som beskytter retten til ytringsfrihet., skriver forlaget.<\/p>\n<p> Kokainsalg p\u00e5 Karl Johan<\/p>\n<p class=\"_paragraph_o9xde_4 _paragraph_xtcu6_10 layout-component text-serif-m layout-normal text-serif-m layout-padded\"><strong class=\"_strong_o9xde_25\">Forlaget viser til at H\u00f8iby i begj\u00e6ringen har bestridt at han har solgt kokain p\u00e5 Karl Johan. <\/strong><\/p>\n<p class=\"_paragraph_o9xde_4 _paragraph_xtcu6_10 layout-component text-serif-m layout-normal text-serif-m layout-padded\">Dette har H\u00f8ibys advokat, Ellen Holager Anden\u00e6s, ogs\u00e5 g\u00e5tt ut mot i media etter at boken kom ut:<\/p>\n<p><img decoding=\"async\" alt=\"Bilde av Ellen Holager Anden\u00e6s\" class=\"_image_ygndg_42\" height=\"27\" itemprop=\"image\" loading=\"lazy\"  src=\"https:\/\/www.europesays.com\/no\/wp-content\/uploads\/2025\/10\/dbce8f56-ba8a-40eb-94dd-26ff915d6468\"  width=\"40\"\/><strong class=\"_name_ygndg_51 title-serif-xs\">Ellen Holager Anden\u00e6s<\/strong><\/p>\n<p class=\"_paragraph_o9xde_4 text-sans-m _description_ygndg_56\">Forsvarsadvokat<\/p>\n<p class=\"_paragraph_o9xde_4 _paragraph_xtcu6_10 layout-component text-serif-m layout-normal text-serif-m layout-padded\">\u2013 Det eneste jeg \u00f8nsker \u00e5 g\u00e5 direkte ut mot er p\u00e5standen om at han solgte kokain p\u00e5 Karl Johan. Det er direkte uriktig. Klienten mener det er helt uten rot i virkeligheten, sa Anden\u00e6s til VG.<\/p>\n<p class=\"_paragraph_o9xde_4 _paragraph_xtcu6_10 layout-component text-serif-m layout-normal text-serif-m layout-padded\">Ogs\u00e5 politiet har avvist p\u00e5standen om at de skal ha sett H\u00f8iby selge kokain p\u00e5 Karl Johan.<\/p>\n<p class=\"_paragraph_o9xde_4 _paragraph_xtcu6_10 layout-component text-serif-m layout-normal text-serif-m layout-padded\">\u2013 Vi \u00f8nsker \u00e5 presisere at ut fra v\u00e5re opplysninger, har tjenestepersoner observert at han har v\u00e6rt ruset, men ikke at han har solgt narkotika, skrev pressesjef i Oslo politidistrikt Unni Gr\u00f8ndal i en sms til VG.<\/p>\n<p class=\"_paragraph_o9xde_4 _paragraph_xtcu6_10 layout-component text-serif-m layout-normal text-serif-m layout-padded\"><strong class=\"_strong_o9xde_25\">Dette mener Aschehoug at forfatterne har f\u00e5tt bekreftet fra uavhengige og troverdige kilder \u2013 og viser igjen til at H\u00f8iby har blitt gitt mulighet til samtidig im\u00f8teg\u00e5else. <\/strong><\/p>\n<p class=\"_paragraph_o9xde_4 _paragraph_xtcu6_10 layout-component text-serif-m layout-normal text-serif-m layout-padded\">Forlaget skriver i tilsvaret: <\/p>\n<p class=\"_paragraph_o9xde_4 _paragraph_xtcu6_10 layout-component text-serif-m layout-normal text-serif-m layout-padded\">\u2013 Det er i tillegg forhold av stor samfunnsmessig betydning. Et sentralt sp\u00f8rsm\u00e5l i boka er hvorvidt politiet i for stor grad har holdt sin h\u00e5nd over H\u00f8iby, noe som utvilsomt har offentlig interesse.<\/p>\n<p class=\"_paragraph_o9xde_4 _paragraph_xtcu6_10 layout-component text-serif-m layout-normal text-serif-m layout-padded\">Forlaget presiserer at de, allerede f\u00f8r de fikk vite om forsvarernes begj\u00e6ring om \u00e5 stoppe boken, hadde lagt til im\u00f8teg\u00e5else fra H\u00f8iby, Slottet og politiet n\u00e5r det gjelder H\u00f8ibys p\u00e5st\u00e5tte kokainsalg i neste opplag.<\/p>\n<p> Vinkjelleren og s\u00f8lvt\u00f8y<\/p>\n<p class=\"_paragraph_o9xde_4 _paragraph_xtcu6_10 layout-component text-serif-m layout-normal text-serif-m layout-padded\"><strong class=\"_strong_o9xde_25\">Den tredje grunnen i begj\u00e6ringen fra H\u00f8ibys advokater om \u00e5 stoppe boken, g\u00e5r if\u00f8lge tilsvaret p\u00e5 det som omtales som \u00abvinkjelleren og s\u00f8lvt\u00f8y p\u00e5 Skaugum\u00bb. <\/strong><\/p>\n<p class=\"_paragraph_o9xde_4 _paragraph_xtcu6_10 layout-component text-serif-m layout-normal text-serif-m layout-padded\">Her mener advokatene at det foreligger \u00e6rekrenkelser av H\u00f8iby, if\u00f8lge tilsvaret. <\/p>\n<p class=\"_paragraph_o9xde_4 _paragraph_xtcu6_10 layout-component text-serif-m layout-normal text-serif-m layout-padded\">Forlaget mener at n\u00e5r det gjelder sp\u00f8rsm\u00e5let om tyveri av s\u00f8lvt\u00f8y, s\u00e5 har forfatterne kildehenvist til saker publisert i b\u00e5de Se og H\u00f8r og Dagbladet. Forlaget skriver ogs\u00e5 at opplysningen om vinkjelleren er bygget p\u00e5 eget kildemateriale.<\/p>\n<p><img alt=\"Forfatterne: Forlaget forsvarer \u00d8istein Norum Monsen og Torgeir P. Krokfjords bruk av anonyme kilder i boken.   Foto: Agnete Brun \/ Agnete Brun\" class=\"_image_qp4xg_65 layout-component layout-normal\" data-fullscreen- data-track-element-type=\"Article image fullscreen\" data-track-name=\"ImageFullscreen\" decoding=\"async\" loading=\"lazy\" height=\"2877\" itemprop=\"image\"  src=\"https:\/\/www.europesays.com\/no\/wp-content\/uploads\/2025\/10\/bfd06c16-2ccf-4a58-ac8a-c4f4bb8d4614\"  style=\"object-position:0% 0%\" width=\"5114\"\/>Forfatterne: Forlaget forsvarer \u00d8istein Norum Monsen og Torgeir P. Krokfjords bruk av anonyme kilder i boken.   Foto: Agnete Brun \/ Agnete Brun<\/p>\n<p class=\"_paragraph_o9xde_4 _paragraph_xtcu6_10 layout-component text-serif-m layout-normal text-serif-m layout-padded\">\u2013 Forfatterne er trygge p\u00e5 sitt kildegrunnlag for \u00e5 kunne skrive og publisere dette. Ogs\u00e5 p\u00e5 dette punktet er opplysningene forelagt H\u00f8iby med mulighet for \u00e5 gi tilsvar. H\u00f8iby benyttet seg ikke av muligheten. <\/p>\n<p class=\"_paragraph_o9xde_4 _paragraph_xtcu6_10 layout-component text-serif-m layout-normal text-serif-m layout-padded\">Slottet har tidligere <a href=\"https:\/\/www.vg.no\/rampelys\/i\/AvV6Eq\/ny-podkast-om-marius-borg-hoeiby-slottet-avviser-tyveri-paa-skaugum\" data-track-element-type=\"Link\" data-track-id=\"link:AvV6Eq\" class=\"_link_o9xde_39\" rel=\"nofollow noopener\" target=\"_blank\">kommentert det p\u00e5st\u00e5tte tyveriet<\/a> slik overfor VG:<\/p>\n<p class=\"_paragraph_o9xde_4 _paragraph_xtcu6_10 layout-component text-serif-m layout-normal text-serif-m layout-padded\">\u2013 Vi har ikke klart \u00e5 avdekke at det har v\u00e6rt stj\u00e5let noe fra Skaugum av stor verdi, p\u00e5 den m\u00e5ten som er hevdet i flere artikler, skrev kommunikasjonssjef ved Det kongelige hoff, Guri Ofstad Varpe, i en e-post.<\/p>\n<p><img decoding=\"async\" alt=\"Bilde av Guri Ofstad Varpe\" class=\"_image_ygndg_42\" height=\"55\" itemprop=\"image\" loading=\"lazy\"  src=\"https:\/\/www.europesays.com\/no\/wp-content\/uploads\/2025\/10\/1246b6a5-51a9-4c63-95fb-f470029ed94f\"  width=\"40\"\/><strong class=\"_name_ygndg_51 title-serif-xs\">Guri Ofstad Varpe<\/strong><\/p>\n<p class=\"_paragraph_o9xde_4 text-sans-m _description_ygndg_56\">Kommunikasjonssjef<\/p>\n<p class=\"_paragraph_o9xde_4 _paragraph_xtcu6_10 layout-component text-serif-m layout-normal text-serif-m layout-padded\">Forlaget mener at Marius H\u00f8iby, gjennom sine advokater, har v\u00e6rt kjent med bokprosjektet siden 2024, og skriver i tilsvaret at han har blitt forelagt konkrete opplysninger for eventuell samtidig im\u00f8teg\u00e5else \u2013 og f\u00e5tt tilbud om \u00e5 lese gjennom det som omhandler ham i boken.<\/p>\n<p class=\"_paragraph_o9xde_4 _paragraph_xtcu6_10 layout-component text-serif-m layout-normal text-serif-m layout-padded\"><strong class=\"_strong_o9xde_25\">\u2013 Han har ikke benyttet seg av noen av disse mulighetene, skriver forlaget. <\/strong><\/p>\n<p class=\"_paragraph_o9xde_4 _paragraph_xtcu6_10 layout-component text-serif-m layout-normal text-serif-m layout-padded\">Forlaget bestrider at det i boken fremsettes rettsstridige \u00e6rekrenkende og\/eller privatlivskrenkende utsagn om H\u00f8iby.<\/p>\n<p class=\"_paragraph_o9xde_4 _paragraph_xtcu6_10 layout-component text-serif-m layout-normal text-serif-m layout-padded\">\u2013 Etter Aschehougs syn ligger alle de p\u00e5beropte forholdene trygt innenfor rammene av ytringsfriheten, skriver forlaget og fortsetter: <\/p>\n<p class=\"_paragraph_o9xde_4 _paragraph_xtcu6_10 layout-component text-serif-m layout-normal text-serif-m layout-padded\">\u2013 \u00c5 trekke boken fra markedet vil v\u00e6re et alvorlig inngrep i ytringsfriheten, samtidig som det ikke i nevneverdig grad vil kunne begrense den omtalen som p\u00e5beropes som skadelig.<\/p>\n<p class=\"_paragraph_o9xde_4 _paragraph_xtcu6_10 layout-component text-serif-m layout-normal text-serif-m layout-padded\">I sitt tilsvar redegj\u00f8r forlaget for arbeidsmetodene til forfatterne \u00d8istein Norum Monsen og Torgeir P. Krokfjord. De forsvarer bruken av anonyme kilder, og skriver: <\/p>\n<p class=\"_paragraph_o9xde_4 _paragraph_xtcu6_10 layout-component text-serif-m layout-normal text-serif-m layout-padded\">\u00abMange av kildene i denne boken, b\u00e5de hva gjelder kriminelle milj\u00f8er og politiets oppf\u00f8lging, befinner seg i en situasjon hvor sikkerheten deres vil bli truet hvis identiteten deres blir kjent.\u00bb<\/p>\n","protected":false},"excerpt":{"rendered":"Marius H\u00f8ibys forsvarere oppgir tre konkrete grunner til at de mener boken \u00abHvite striper, sorte f\u00e5r\u00bb m\u00e5 trekkes&hellip;\n","protected":false},"author":2,"featured_media":71365,"comment_status":"","ping_status":"","sticky":false,"template":"","format":"standard","meta":{"footnotes":""},"categories":[10],"tags":[150,20,21,24,25,15,22,23,400,13,30,28,29,14,16,26,27],"class_list":{"0":"post-71364","1":"post","2":"type-post","3":"status-publish","4":"format-standard","5":"has-post-thumbnail","7":"category-norge","8":"tag-bok","9":"tag-breaking-news","10":"tag-breakingnews","11":"tag-featured-news","12":"tag-featurednews","13":"tag-headlines","14":"tag-latest-news","15":"tag-latestnews","16":"tag-marius-borg-hoiby","17":"tag-news","18":"tag-no","19":"tag-norge","20":"tag-norway","21":"tag-nyheter","22":"tag-overskrifter","23":"tag-top-stories","24":"tag-topstories"},"share_on_mastodon":{"url":"https:\/\/pubeurope.com\/@no\/115446601928366300","error":""},"_links":{"self":[{"href":"https:\/\/www.europesays.com\/no\/wp-json\/wp\/v2\/posts\/71364","targetHints":{"allow":["GET"]}}],"collection":[{"href":"https:\/\/www.europesays.com\/no\/wp-json\/wp\/v2\/posts"}],"about":[{"href":"https:\/\/www.europesays.com\/no\/wp-json\/wp\/v2\/types\/post"}],"author":[{"embeddable":true,"href":"https:\/\/www.europesays.com\/no\/wp-json\/wp\/v2\/users\/2"}],"replies":[{"embeddable":true,"href":"https:\/\/www.europesays.com\/no\/wp-json\/wp\/v2\/comments?post=71364"}],"version-history":[{"count":0,"href":"https:\/\/www.europesays.com\/no\/wp-json\/wp\/v2\/posts\/71364\/revisions"}],"wp:featuredmedia":[{"embeddable":true,"href":"https:\/\/www.europesays.com\/no\/wp-json\/wp\/v2\/media\/71365"}],"wp:attachment":[{"href":"https:\/\/www.europesays.com\/no\/wp-json\/wp\/v2\/media?parent=71364"}],"wp:term":[{"taxonomy":"category","embeddable":true,"href":"https:\/\/www.europesays.com\/no\/wp-json\/wp\/v2\/categories?post=71364"},{"taxonomy":"post_tag","embeddable":true,"href":"https:\/\/www.europesays.com\/no\/wp-json\/wp\/v2\/tags?post=71364"}],"curies":[{"name":"wp","href":"https:\/\/api.w.org\/{rel}","templated":true}]}}