{"id":71372,"date":"2025-10-27T14:38:47","date_gmt":"2025-10-27T14:38:47","guid":{"rendered":"https:\/\/www.europesays.com\/no\/71372\/"},"modified":"2025-10-27T14:38:47","modified_gmt":"2025-10-27T14:38:47","slug":"spiser-i-en-bunkers-dagbladet","status":"publish","type":"post","link":"https:\/\/www.europesays.com\/no\/71372\/","title":{"rendered":"&#8211; Spiser i en bunkers &#8211; Dagbladet"},"content":{"rendered":"<ol>\n<li><a href=\"https:\/\/news.google.com\/rss\/articles\/CBMia0FVX3lxTE5ERGFJdDAzbi1DeFNyNE5TQVJhNFMyTTFqUjhLU09PTjVJR2dDNDZnMEtJWjRQTlpsdEZQQjNxTlEtbHF2aW5JWWFpaVBaaHJLOVJMLTQxeXBMZVYtVktFZmVFdmhRMlpnYUZz?oc=5\" target=\"_blank\" rel=\"nofollow noopener\">&#8211; Spiser i en bunkers<\/a>&nbsp;&nbsp;Dagbladet<\/li>\n<li><a href=\"https:\/\/news.google.com\/rss\/articles\/CBMiqwFBVV95cUxQU3NTdzBkY0ZvYmx2Q1M3am9hTTAzUUZfcEczRWpsS0hza2FiNWREdC1uQXNTckhvSV9TT01ZbWh4Vm1EMjVCemNtZ2R1QWgxalE4Ql9Ral9WN3ZiVmNINHNiTTdjNFlBRWNvYmxYNmp3ZVRkMFRpcVVyc0JsN3doV3B2RXpTV0FYLUVHX2d1el9EaDVMc2RTSG5BenVIcjlTN213RUstaVZiU0U?oc=5\" target=\"_blank\" rel=\"nofollow noopener\">Str\u00f8msgodsets dr\u00f8mmekveld spolert p\u00e5 overtid<\/a>&nbsp;&nbsp;VG<\/li>\n<li><a href=\"https:\/\/news.google.com\/rss\/articles\/CBMijwFBVV95cUxQSjkxMXN3VDRGT2VxZEcwN0V2NkYzQXRrMVpzeWdndG9rUktYZUtOc3k0SUlPRUpqUU0yYmxrdzVlSS1JRGhzc2E5b1ZUdUdDME5OMXpEbFVUSXFfOFFScGJVVEVmTTdBaFZ6cXlUckVyX09KeUNEZ0Q4ajVqZVdwOVFyTHptNUc3ZUNpMTVxTQ?oc=5\" target=\"_blank\" rel=\"nofollow noopener\">Sportsstudio &#8211; Godt nytt for Bryne \u2013 rival mistet livsviktig seier<\/a>&nbsp;&nbsp;Stavanger Aftenblad<\/li>\n<li><a href=\"https:\/\/news.google.com\/rss\/articles\/CBMibkFVX3lxTE4zSjA4REpkVjFmVzZTOWpTOURlWDlmZGc3dHMxcjE2R1BPX0pnMFhZYXF5S200bUd5RlhDSkFaYmdnZlhZcVZTdjMwM1dWTGUxTmZTRVFiMm9QOU9CbnJaNzFVWHg5ZTRpdXpwY093?oc=5\" target=\"_blank\" rel=\"nofollow noopener\">Str\u00f8msgodset, Fotball | Preget: \u2013 Jeg er tom akkurat n\u00e5<\/a>&nbsp;&nbsp;Drammens Tidende<\/li>\n<li><a href=\"https:\/\/news.google.com\/rss\/articles\/CBMihgFBVV95cUxQQm43ak9yUnJSRGhsS0FXdzVJSW9MT2ZZbVNvZXJMajR2UXdHbWVqeXhYWkRhcWM0R3FnU3V6WDNBUzVaUHVwUDdNbGJMNW1hWmY5WjVaVHZxYnBxQUdmaWp4Q0R6N19CRHRKaHh5bVh5blE1d25XLXhaeEtrTnZYQVFXbjFGUQ?oc=5\" target=\"_blank\" rel=\"nofollow noopener\">Kiil Olsen matchvinner 8 minutter p\u00e5 overtid<\/a>&nbsp;&nbsp;V\u00e5lerenga<\/li>\n<\/ol>\n","protected":false},"excerpt":{"rendered":"&#8211; Spiser i en bunkers&nbsp;&nbsp;Dagbladet Str\u00f8msgodsets dr\u00f8mmekveld spolert p\u00e5 overtid&nbsp;&nbsp;VG Sportsstudio &#8211; Godt nytt for Bryne \u2013 rival&hellip;\n","protected":false},"author":2,"featured_media":71373,"comment_status":"","ping_status":"","sticky":false,"template":"","format":"standard","meta":{"footnotes":""},"categories":[5],"tags":[20,21,134,24,25,92,15,19,22,23,17,18,13,30,28,29,14,16,83,26,27,2949],"class_list":{"0":"post-71372","1":"post","2":"type-post","3":"status-publish","4":"format-standard","5":"has-post-thumbnail","7":"category-overskrifter","8":"tag-breaking-news","9":"tag-breakingnews","10":"tag-eliteserien","11":"tag-featured-news","12":"tag-featurednews","13":"tag-fotball","14":"tag-headlines","15":"tag-hovedoppslag","16":"tag-latest-news","17":"tag-latestnews","18":"tag-main-news","19":"tag-mainnews","20":"tag-news","21":"tag-no","22":"tag-norge","23":"tag-norway","24":"tag-nyheter","25":"tag-overskrifter","26":"tag-sport","27":"tag-top-stories","28":"tag-topstories","29":"tag-valerenga"},"share_on_mastodon":{"url":"https:\/\/pubeurope.com\/@no\/115446644971708544","error":""},"_links":{"self":[{"href":"https:\/\/www.europesays.com\/no\/wp-json\/wp\/v2\/posts\/71372","targetHints":{"allow":["GET"]}}],"collection":[{"href":"https:\/\/www.europesays.com\/no\/wp-json\/wp\/v2\/posts"}],"about":[{"href":"https:\/\/www.europesays.com\/no\/wp-json\/wp\/v2\/types\/post"}],"author":[{"embeddable":true,"href":"https:\/\/www.europesays.com\/no\/wp-json\/wp\/v2\/users\/2"}],"replies":[{"embeddable":true,"href":"https:\/\/www.europesays.com\/no\/wp-json\/wp\/v2\/comments?post=71372"}],"version-history":[{"count":0,"href":"https:\/\/www.europesays.com\/no\/wp-json\/wp\/v2\/posts\/71372\/revisions"}],"wp:featuredmedia":[{"embeddable":true,"href":"https:\/\/www.europesays.com\/no\/wp-json\/wp\/v2\/media\/71373"}],"wp:attachment":[{"href":"https:\/\/www.europesays.com\/no\/wp-json\/wp\/v2\/media?parent=71372"}],"wp:term":[{"taxonomy":"category","embeddable":true,"href":"https:\/\/www.europesays.com\/no\/wp-json\/wp\/v2\/categories?post=71372"},{"taxonomy":"post_tag","embeddable":true,"href":"https:\/\/www.europesays.com\/no\/wp-json\/wp\/v2\/tags?post=71372"}],"curies":[{"name":"wp","href":"https:\/\/api.w.org\/{rel}","templated":true}]}}