{"id":71390,"date":"2025-10-27T15:04:15","date_gmt":"2025-10-27T15:04:15","guid":{"rendered":"https:\/\/www.europesays.com\/no\/71390\/"},"modified":"2025-10-27T15:04:15","modified_gmt":"2025-10-27T15:04:15","slug":"sport-odd-martinsen-tidligere-langrennsloper-odd-martinsen-er-dod","status":"publish","type":"post","link":"https:\/\/www.europesays.com\/no\/71390\/","title":{"rendered":"Sport, Odd Martinsen | Tidligere langrennsl\u00f8per Odd Martinsen er d\u00f8d"},"content":{"rendered":"\n<p>Familien til Martinsen opplyser til <a rel=\"noopener nofollow\" href=\"https:\/\/www.nrk.no\/sport\/tidlegare-langrennslopar-odd-willy-martinsen-_stafett-martin_-er-dod-1.15347602\" target=\"_blank\">NRK<\/a> at den tidligere langrennsl\u00f8peren d\u00f8de mandag.<\/p>\n<p>Kallenavnet \u00abStafett-Martin\u00bb fikk Martinsen for sine stafettegenskaper. Han var kjent for sin h\u00f8ye toppfart i sporet og ble av den grunn oftest plassert p\u00e5 f\u00f8rsteetappene p\u00e5 det norske stafettlaget. Under stafettene i 1966 (VM i Oslo) og 1968 (OL i Grenoble) sprengte han feltet p\u00e5 startetappene i stafetten. Begge endte med norsk gull.<\/p>\n<p>I tillegg til \u00e5 v\u00e6re en stafett-ekspert var Martinsen ogs\u00e5 en solid individuell ut\u00f8ver. I de to nevnte mesterskapene tok han ogs\u00e5 VM-bronse p\u00e5 15 kilometeren i Oslo og OL-s\u00f8lv p\u00e5 30 km i Grenoble. I tillegg tok han s\u00f8lv og bronse under VM i 1970 (15 km og 30 km), og kan i stafett-samlingen ogs\u00e5 plusse p\u00e5 VM-bronse (1974) og OL-s\u00f8lv (1976).<\/p>\n<p>Til tross for stor suksess i internasjonale renn ble det aldri noen individuelle OL- eller VM-gull. Men det erget han seg aldri over, fortalte Martinsen til V\u00e5rt Land i 2015.<\/p>\n<p>\u2013 De konkurransene var over da jeg gikk i m\u00e5l, og jeg aksepterte straks at andre hadde v\u00e6rt bedre. Selve opplevelsen, f\u00f8r og under l\u00f8pet, var viktigst, sa Martinsen da.<\/p>\n<p>\u2013 Odd har v\u00e6rt en markant profil b\u00e5de i Norge og internasjonalt. F\u00f8rst som l\u00f8per og en del av den legendariske gullkvartetten i Holmenkollen i 1966. Han har satt sitt preg p\u00e5 langrenn, sier langrennsekspert Torgeir Bj\u00f8rn til NRK.<\/p>\n<p>I over 30 \u00e5r bidro Odd Martinsen aktivt i skigruppa i Nittedal IL.<\/p>\n","protected":false},"excerpt":{"rendered":"Familien til Martinsen opplyser til NRK at den tidligere langrennsl\u00f8peren d\u00f8de mandag. Kallenavnet \u00abStafett-Martin\u00bb fikk Martinsen for sine&hellip;\n","protected":false},"author":2,"featured_media":71391,"comment_status":"","ping_status":"","sticky":false,"template":"","format":"standard","meta":{"footnotes":""},"categories":[5],"tags":[36,20,21,24,25,15,19,398,22,23,17,18,13,30,28,29,14,9980,16,83,1510,26,27],"class_list":{"0":"post-71390","1":"post","2":"type-post","3":"status-publish","4":"format-standard","5":"has-post-thumbnail","7":"category-overskrifter","8":"tag-art","9":"tag-breaking-news","10":"tag-breakingnews","11":"tag-featured-news","12":"tag-featurednews","13":"tag-headlines","14":"tag-hovedoppslag","15":"tag-langrenn","16":"tag-latest-news","17":"tag-latestnews","18":"tag-main-news","19":"tag-mainnews","20":"tag-news","21":"tag-no","22":"tag-norge","23":"tag-norway","24":"tag-nyheter","25":"tag-odd-martinsen","26":"tag-overskrifter","27":"tag-sport","28":"tag-story","29":"tag-top-stories","30":"tag-topstories"},"share_on_mastodon":{"url":"https:\/\/pubeurope.com\/@no\/115446747211509091","error":""},"_links":{"self":[{"href":"https:\/\/www.europesays.com\/no\/wp-json\/wp\/v2\/posts\/71390","targetHints":{"allow":["GET"]}}],"collection":[{"href":"https:\/\/www.europesays.com\/no\/wp-json\/wp\/v2\/posts"}],"about":[{"href":"https:\/\/www.europesays.com\/no\/wp-json\/wp\/v2\/types\/post"}],"author":[{"embeddable":true,"href":"https:\/\/www.europesays.com\/no\/wp-json\/wp\/v2\/users\/2"}],"replies":[{"embeddable":true,"href":"https:\/\/www.europesays.com\/no\/wp-json\/wp\/v2\/comments?post=71390"}],"version-history":[{"count":0,"href":"https:\/\/www.europesays.com\/no\/wp-json\/wp\/v2\/posts\/71390\/revisions"}],"wp:featuredmedia":[{"embeddable":true,"href":"https:\/\/www.europesays.com\/no\/wp-json\/wp\/v2\/media\/71391"}],"wp:attachment":[{"href":"https:\/\/www.europesays.com\/no\/wp-json\/wp\/v2\/media?parent=71390"}],"wp:term":[{"taxonomy":"category","embeddable":true,"href":"https:\/\/www.europesays.com\/no\/wp-json\/wp\/v2\/categories?post=71390"},{"taxonomy":"post_tag","embeddable":true,"href":"https:\/\/www.europesays.com\/no\/wp-json\/wp\/v2\/tags?post=71390"}],"curies":[{"name":"wp","href":"https:\/\/api.w.org\/{rel}","templated":true}]}}