{"id":71392,"date":"2025-10-27T15:06:17","date_gmt":"2025-10-27T15:06:17","guid":{"rendered":"https:\/\/www.europesays.com\/no\/71392\/"},"modified":"2025-10-27T15:06:17","modified_gmt":"2025-10-27T15:06:17","slug":"sydney-sweeney-debuterer-med-platinablond-bob-pa-rod-loper","status":"publish","type":"post","link":"https:\/\/www.europesays.com\/no\/71392\/","title":{"rendered":"Sydney Sweeney debuterer med platinablond bob p\u00e5 r\u00f8d l\u00f8per"},"content":{"rendered":"<p class=\"kicker \" style=\"\">Sydney Sweeney:\u00a0<\/p>\n<p>  Skuespilleren har kvittet seg med sine lange, m\u00f8rkere lokker.\u00a0<\/p>\n<p>\n    FORVANDLING: Sydney Sweeney har g\u00e5tt gjennom en h\u00e5rforvandling og har f\u00e5tt en helt ny frisyre. Foto: Scott A Garfitt \/ Invision \/ AP \/ NTB\n  <\/p>\n<p>Skuespiller <a href=\"https:\/\/www.seher.no\/kjendis\/sammen-hand-i-hand\/83670335\" rel=\"nofollow noopener\" target=\"_blank\">Sydney Sweeney (28)<\/a> dukket l\u00f8rdag kveld opp p\u00e5 r\u00f8d l\u00f8per i forbindelse med visningen av filmen \u00abChristy\u00bb i Los Angeles. Der overrasket hun med en helt ny sveis.\u00a0<\/p>\n<p>    <a itemprop=\"url\" href=\"https:\/\/www.seher.no\/kjendis\/sammen-hand-i-hand\/83670335\" rel=\"nofollow noopener\" target=\"_blank\"><\/p>\n<p>      <img loading=\"lazy\" decoding=\"async\" src=\"https:\/\/www.europesays.com\/no\/wp-content\/uploads\/2025\/10\/1761577573_544_83671180.webp\" width=\"147\" height=\"98\" title=\"Sammen h\u00e5nd i h\u00e5nd\" alt=\"\" class=\"lazyload\" style=\"--aspect-ratio-image: 1.50; \"\/><\/p>\n<p>        Sammen h\u00e5nd i h\u00e5nd<\/p>\n<p>    <\/a><\/p>\n<p>28-\u00e5ringen har nemlig byttet ut sine lange, m\u00f8rkere lokker med en platinablond bob-frisyre. Det skriver blant andre <a href=\"https:\/\/pagesix.com\/2025\/10\/26\/style\/sydney-sweeney-debuts-shocking-new-haircut-on-the-red-carpet\/\" rel=\"nofollow noopener\" target=\"_blank\">Page Six<\/a>.\u00a0<\/p>\n<p>        NY FL\u00d8RT?: Superstjerna Sydney Sweeneys \u00abintime\u00bb \u00f8yeblikk under en Kygo-konsert i Las Vegas har f\u00e5tt kommentarfeltet til \u00e5 koke. Video: Page Six\/ Instagram\/ @kygo\/ @palmtreebeachclub\/ TikTok\/ Sanne Holt\/ R\u00f8d L\u00f8per<\/p>\n<p>Fris\u00f8ren Glen Coco Oropeza, som st\u00e5r bak forvandlingen, skrev f\u00f8lgende om den ukelange prosessen p\u00e5 Instagram:\u00a0<\/p>\n<p class=\"font-weight-bold m-font-weight-bold\" data-lab-font_weight=\"font-weight-bold\">\u00abKunne ikke v\u00e6rt mer forn\u00f8yd med dette dr\u00f8mmeaktige og glansfulle resultatet\u00bb.\u00a0<\/p>\n<p class=\"font-weight-normal m-font-weight-normal\" data-lab-font_weight=\"font-weight-normal\">Og resultatet har falt i smak hos flere:\u00a0<\/p>\n<p>          <img loading=\"lazy\" decoding=\"async\" src=\"https:\/\/www.europesays.com\/no\/wp-content\/uploads\/2025\/10\/83774502.webp\" width=\"686\" height=\"460\" title=\"NY SVEIS: Sydney Sweeney har g\u00e5tt for en blond bob-frisyre. Foto: Jordan Strauss \/ Invision \/ AP \/ NTB\" alt=\"\" class=\"\" style=\"--aspect-ratio-image: 1.49; \"\/><\/p>\n<p>\n          NY SVEIS: Sydney Sweeney har g\u00e5tt for en blond bob-frisyre. Foto: Jordan Strauss \/ Invision \/ AP \/ NTB\n      <\/p>\n<p class=\"font-weight-bold m-font-weight-bold\" data-lab-font_weight=\"font-weight-bold\"> \u00abHerregud, n\u00e5 er jeg klar til \u00e5 klippe h\u00e5ret mitt igjen! \u00c5h, det er s\u00e5 bra\u00bb, skriver en f\u00f8lger i kommentarfeltet.\u00a0\u00a0\u00a0<\/p>\n<p class=\"font-weight-normal m-font-weight-normal\" data-lab-font_weight=\"font-weight-normal\">\u00abJeg ELSKER det kortet h\u00e5ret hennes\u00bb, f\u00f8lger en annen opp.\u00a0<\/p>\n<p>    <a itemprop=\"url\" href=\"https:\/\/www.seher.no\/kjendis\/slik-ser-hun-ikke-ut-lenger\/83502195\" rel=\"nofollow noopener\" target=\"_blank\"><\/p>\n<p>      <img loading=\"lazy\" decoding=\"async\" src=\"https:\/\/www.europesays.com\/no\/wp-content\/uploads\/2025\/10\/83502439.webp\" width=\"147\" height=\"98\" title=\"Slik ser hun ikke ut lenger\" alt=\"\" class=\"lazyload\" style=\"--aspect-ratio-image: 1.50; \"\/><\/p>\n<p>        Slik ser hun ikke ut lenger<\/p>\n<p>    <\/a><\/p>\n<p>Spesialist p\u00e5 fargebehandling, Jacob Schwartz, kalte den nye fargen for \u00abbleached suede blond\u00bb, eller\u00a0\u00abbleket semsket blond\u00bb som det heter p\u00e5 norsk.\u00a0<\/p>\n<p>          <img loading=\"lazy\" decoding=\"async\" src=\"https:\/\/www.europesays.com\/no\/wp-content\/uploads\/2025\/10\/83774509.webp\" width=\"686\" height=\"1016\" title=\"BLONDE LOKKER: Skuespilleren har kvittet seg med de lange lokkene til fordel for en kortere frisyre. Foto: Jordan Strauss \/ Invision \/ AP \/ NTB\" alt=\"\" class=\"\" style=\"--aspect-ratio-image: 0.68; \"\/><\/p>\n<p>\n          BLONDE LOKKER: Skuespilleren har kvittet seg med de lange lokkene til fordel for en kortere frisyre. Foto: Jordan Strauss \/ Invision \/ AP \/ NTB\n      <\/p>\n<p>\u00abEuphoria\u00bb-stjernen kombinerte den nye looken med en lyserosa kjole med belte i midjen fra Miu Miu.<\/p>\n<p>    <a itemprop=\"url\" href=\"https:\/\/www.seher.no\/kjendis\/avviser-sporsmal-om-kritikken\/83486555\" rel=\"nofollow noopener\" target=\"_blank\"><\/p>\n<p>      <img loading=\"lazy\" decoding=\"async\" src=\"https:\/\/www.europesays.com\/no\/wp-content\/uploads\/2025\/10\/83485755.webp\" width=\"980\" height=\"441\" title=\"Avviser sp\u00f8rsm\u00e5l om kritikken\" alt=\"\" class=\"lazyload\" style=\"--aspect-ratio-image: 2.22; \"\/><\/p>\n<p>        Avviser sp\u00f8rsm\u00e5l om kritikken<\/p>\n<p>    <\/a><\/p>\n<p>Sweeney er for tiden aktuell med\u00a0filmen \u00abChristy\u00bb, og har f\u00e5tt\u00a0mye oppmerksomhet for sin rolle som den tidligere profesjonelle bokseren Christy Martin (57).\u00a0<\/p>\n<p>          <img loading=\"lazy\" decoding=\"async\" src=\"https:\/\/www.europesays.com\/no\/wp-content\/uploads\/2025\/10\/83774661.webp\" width=\"686\" height=\"995\" title=\"B\u00d8LGER: Sweeney dukket opp i Venezia f\u00f8r Bezos-bryllupet i juni. Her har hun sin gamle h\u00e5rsveis. Foto: GPress \/ SplashNews.com\" alt=\"\" class=\"\" style=\"--aspect-ratio-image: 0.69; \"\/><\/p>\n<p>\n          B\u00d8LGER: Sweeney dukket opp i Venezia f\u00f8r Bezos-bryllupet i juni. Her har hun sin gamle h\u00e5rsveis. Foto: GPress \/ SplashNews.com\n      <\/p>\n<p>F\u00f8r innspillingen startet, gjennomgikk hun nemlig en stor kroppslig forvandling &#8211; hun la p\u00e5 seg 14 kilo muskler og hadde en brun mullet-frisyre.<\/p>\n<p class=\"font-weight-bold m-font-weight-bold\" data-lab-font_weight=\"font-weight-bold\">&#8211; Jeg passet ikke i noen av kl\u00e6rne mine. Jeg bruker vanligvis st\u00f8rrelse 23 i jeans, og jeg brukte st\u00f8rrelse 27, sa hun i et tidligere intervju med W Magazine, if\u00f8lge Page Six, og fortsatte:\u00a0<\/p>\n<p>        SJOKKERER: Vi viste noen av \u00e5rets deltakere den argentinske versjonen av \u00abSkal vi danse\u00bb. Video: \u00abBailando por un Sue\u00f1o\u00bb &#8211; El Trece, R\u00f8d L\u00f8per\/<br \/>\nDanny Son Ngoc To\/Nora Skavhaug<\/p>\n<p>&#8211; Brystene mine ble st\u00f8rre. Og rumpa mi ble enorm. Det var galt! Jeg bare: \u00ab\u00c5, herregud\u00bb.<\/p>\n","protected":false},"excerpt":{"rendered":"Sydney Sweeney:\u00a0 Skuespilleren har kvittet seg med sine lange, m\u00f8rkere lokker.\u00a0 FORVANDLING: Sydney Sweeney har g\u00e5tt gjennom en&hellip;\n","protected":false},"author":2,"featured_media":71393,"comment_status":"","ping_status":"","sticky":false,"template":"","format":"standard","meta":{"footnotes":""},"categories":[58],"tags":[71,7919,479,2543,30,28,29,9981,7921,3049,72],"class_list":{"0":"post-71392","1":"post","2":"type-post","3":"status-publish","4":"format-standard","5":"has-post-thumbnail","7":"category-underholdning","8":"tag-entertainment","9":"tag-forvandling","10":"tag-kjendis","11":"tag-kjendisdesken","12":"tag-no","13":"tag-norge","14":"tag-norway","15":"tag-ny-frisyre","16":"tag-overrasker","17":"tag-sydney-sweeney","18":"tag-underholdning"},"share_on_mastodon":{"url":"https:\/\/pubeurope.com\/@no\/115446755250327136","error":""},"_links":{"self":[{"href":"https:\/\/www.europesays.com\/no\/wp-json\/wp\/v2\/posts\/71392","targetHints":{"allow":["GET"]}}],"collection":[{"href":"https:\/\/www.europesays.com\/no\/wp-json\/wp\/v2\/posts"}],"about":[{"href":"https:\/\/www.europesays.com\/no\/wp-json\/wp\/v2\/types\/post"}],"author":[{"embeddable":true,"href":"https:\/\/www.europesays.com\/no\/wp-json\/wp\/v2\/users\/2"}],"replies":[{"embeddable":true,"href":"https:\/\/www.europesays.com\/no\/wp-json\/wp\/v2\/comments?post=71392"}],"version-history":[{"count":0,"href":"https:\/\/www.europesays.com\/no\/wp-json\/wp\/v2\/posts\/71392\/revisions"}],"wp:featuredmedia":[{"embeddable":true,"href":"https:\/\/www.europesays.com\/no\/wp-json\/wp\/v2\/media\/71393"}],"wp:attachment":[{"href":"https:\/\/www.europesays.com\/no\/wp-json\/wp\/v2\/media?parent=71392"}],"wp:term":[{"taxonomy":"category","embeddable":true,"href":"https:\/\/www.europesays.com\/no\/wp-json\/wp\/v2\/categories?post=71392"},{"taxonomy":"post_tag","embeddable":true,"href":"https:\/\/www.europesays.com\/no\/wp-json\/wp\/v2\/tags?post=71392"}],"curies":[{"name":"wp","href":"https:\/\/api.w.org\/{rel}","templated":true}]}}