{"id":71442,"date":"2025-10-27T16:34:12","date_gmt":"2025-10-27T16:34:12","guid":{"rendered":"https:\/\/www.europesays.com\/no\/71442\/"},"modified":"2025-10-27T16:34:12","modified_gmt":"2025-10-27T16:34:12","slug":"flere-tiltalt-etter-pastander-om-at-frankrikes-forstedame-brigitte-macron-er-mann","status":"publish","type":"post","link":"https:\/\/www.europesays.com\/no\/71442\/","title":{"rendered":"Flere tiltalt etter p\u00e5stander om at Frankrikes f\u00f8rstedame, Brigitte Macron, er mann"},"content":{"rendered":"\n<p class=\"_lead_o9xde_2 _lead_xtcu6_50 layout-component text-serif-m layout-normal text-serif-l layout-component layout-wide layout-padded _wide_17hqh_1 layout-padded\">Ti personer er tiltalt for \u00e6rekrenkelser mot Brigitte Macron, Frankrikes f\u00f8rstedame, ved \u00e5 p\u00e5st\u00e5 i nettinnlegg at hun er en mann.<\/p>\n<p><img alt=\"Frankrikes president Emmanuel Macron og kona, Brigitte Macron.  Foto: Benoit Tessier \/ Reuters \/ NTB\" class=\"_image_qp4xg_65 layout-component layout-wide\" data-fullscreen- data-track-element-type=\"Article image fullscreen\" data-track-name=\"ImageFullscreen\" fetchpriority=\"high\" decoding=\"sync\" loading=\"eager\" height=\"3424\" itemprop=\"image\"  src=\"https:\/\/www.europesays.com\/no\/wp-content\/uploads\/2025\/10\/198ca04a-891e-4e35-9387-c1457fe6cd7e\"  style=\"object-position:0% 0%\" width=\"5136\"\/>Frankrikes president Emmanuel Macron og kona, Brigitte Macron.  Foto: Benoit Tessier \/ Reuters \/ NTB<\/p>\n<ul aria-hidden=\"true\" class=\"_images_18f0k_111\">\n<li><a class=\"_link_18f0k_116\" href=\"https:\/\/www.vg.no\/forfatter\/harpreet-kaur-nijjer\" style=\"z-index:2\" title=\"Harpreet Kaur Nijjer\" rel=\"nofollow noopener\" target=\"_blank\"><img alt=\"Bilde av Harpreet Kaur Nijjer\" class=\"_image_18f0k_93\" fetchpriority=\"low\" loading=\"lazy\" decoding=\"async\" itemprop=\"image\"  src=\"https:\/\/www.europesays.com\/no\/wp-content\/uploads\/2025\/10\/1761582849_51_9915841b-33cb-470f-8ab4-1d1650cff10e\"  width=\"480\"\/><\/a><\/li>\n<li><a class=\"_link_18f0k_116\" href=\"https:\/\/www.vg.no\/forfatter\/ntb\" style=\"z-index:1\" title=\"NTB\" rel=\"nofollow noopener\" target=\"_blank\"><img alt=\"Bilde av NTB\" class=\"_image_18f0k_93\" fetchpriority=\"low\" loading=\"lazy\" decoding=\"async\" itemprop=\"image\"  src=\"https:\/\/www.europesays.com\/no\/wp-content\/uploads\/2025\/10\/1761582850_617_c33980b0-5d07-4027-84a1-813f90a7c8d6\"  width=\"480\"\/><\/a><\/li>\n<\/ul>\n<p> Oppdatert mandag 27. oktober kl. 16:30     <\/p>\n<p class=\"_paragraph_o9xde_4 _paragraph_xtcu6_10 layout-component text-serif-m layout-normal text-serif-m layout-padded\">Brigitte Macron var ikke selv til stede da de tiltalte mandag m\u00f8tte i retten i Paris. <\/p>\n<p class=\"_paragraph_o9xde_4 _paragraph_xtcu6_10 layout-component text-serif-m layout-normal text-serif-m layout-padded\">De tiltalte er mellom 41 og 60 \u00e5r gamle, hvorav \u00e5tte menn og to kvinner. Flere av dem skal v\u00e6re sv\u00e6rt aktive i sosiale medier, og enkelte skal ha skrevet innlegg som har f\u00e5tt titusener av klikk. <\/p>\n<p class=\"_paragraph_o9xde_4 _paragraph_xtcu6_10 layout-component text-serif-m layout-normal text-serif-m layout-padded\">If\u00f8lge p\u00e5talemyndigheten har de gjort seg skyldige i \u00e5 ha spredt ondsinnede kommentarer om Brigitte Macrons kj\u00f8nn og seksualitet, og om aldersforskjellen p\u00e5 25 \u00e5r mellom henne og ektemannen.<\/p>\n<p class=\"_paragraph_o9xde_4 _paragraph_xtcu6_10 layout-component text-serif-m layout-normal text-serif-m layout-padded\"> If\u00f8lge <a href=\"https:\/\/www.lemonde.fr\/en\/police-and-justice\/article\/2024\/12\/13\/four-men-face-trial-for-online-harassment-of-french-first-lady-brigitte-macron_6736027_105.html#\" class=\"_link_o9xde_39\" rel=\"nofollow noopener\" target=\"_blank\">Le Monde<\/a> har f\u00f8rstedamen blant annet blitt kalt \u00abpedofil\u00bb.<\/p>\n<ul class=\"_gallery_1qa3s_23\" tabindex=\"0\">\n<li class=\"_item_1qa3s_37\" data-index=\"0\"><img decoding=\"async\" class=\"_image_foru8_23 _articleGallery_foru8_39\" data-fullscreen- width=\"6824\" height=\"4549\" itemprop=\"image\" loading=\"lazy\"  src=\"https:\/\/www.europesays.com\/no\/wp-content\/uploads\/2025\/10\/4afc5f4d-4f51-4625-9167-46995e3655bd\"  style=\"object-position:50% 50%;aspect-ratio:var(--gallery-aspect-ratio, 16 \/ 9)\"\/>En av de tiltalte, Aurelien Poirson-Atlan (i midten), ankommer rettssalen mandag. Han og ni andre er tiltalt for \u00e5 ha spredt ondsinnede rykter om Brigitte Macron.  Foto: Michel Euler \/ AP \/ NTB<\/li>\n<li class=\"_item_1qa3s_37\" data-index=\"1\"><img decoding=\"async\" class=\"_image_foru8_23 _articleGallery_foru8_39\" data-fullscreen- width=\"7330\" height=\"4887\" itemprop=\"image\" loading=\"lazy\"  src=\"https:\/\/www.europesays.com\/no\/wp-content\/uploads\/2025\/10\/f6c7fa2c-d9fb-42a8-b08e-4a60e431d366\"  style=\"object-position:50% 50%;aspect-ratio:var(--gallery-aspect-ratio, 16 \/ 9)\"\/>En av de tiltalte, Delphine Jegousse, kjent som Amandine Roy, ankommer rettssalen i Paris mandag.  Foto: Michel Euler \/ AP \/ NTB<\/li>\n<li class=\"_item_1qa3s_37\" data-index=\"2\"><img decoding=\"async\" class=\"_image_foru8_23 _articleGallery_foru8_39\" data-fullscreen- width=\"6469\" height=\"4313\" itemprop=\"image\" loading=\"lazy\"  src=\"https:\/\/www.europesays.com\/no\/wp-content\/uploads\/2025\/10\/a01840ef-9362-4ad4-8807-27dcea56e842\"  style=\"object-position:50% 50%;aspect-ratio:var(--gallery-aspect-ratio, 16 \/ 9)\"\/>Frankrikes f\u00f8rstedame Brigitte Macron sammen med ektemannen Emmanuel Macron under en FN-konferanse i Nice i juni i \u00e5r.  Foto: Laurent Cipriani \/ AP \/ NTB<\/li>\n<\/ul>\n<p>En av de tiltalte, Aurelien Poirson-Atlan (i midten), ankommer rettssalen mandag. Han og ni andre er tiltalt for \u00e5 ha spredt ondsinnede rykter om Brigitte Macron.  Foto: Michel Euler \/ AP \/ NTB<\/p>\n<p class=\"_paragraph_o9xde_4 _paragraph_xtcu6_10 layout-component text-serif-m layout-normal text-serif-m layout-padded\">If\u00f8lge den franske avisen skal en av de tiltalte v\u00e6re \u00abet medium\u00bb if\u00f8lge seg selv. Vedkommende skal ha lagt ut en fire timer lang video hvor Brigitte Macron sin fortid og kj\u00f8nnsidentitet ble diskutert i 2021. <\/p>\n<p class=\"_paragraph_o9xde_4 _paragraph_xtcu6_10 layout-component text-serif-m layout-normal text-serif-m layout-padded\"><a href=\"https:\/\/www.bbc.com\/news\/articles\/ce3knel0895o\" class=\"_link_o9xde_39\" rel=\"nofollow noopener\" target=\"_blank\">BBC <\/a>skriver at ogs\u00e5 en l\u00e6rer og en politiker skal v\u00e6re blant de tiltalte. <\/p>\n<p>Hevdet Brigitte ble f\u00f8dt som Jean-Michel <\/p>\n<p class=\"_paragraph_o9xde_4 _paragraph_xtcu6_10 layout-component text-serif-m layout-normal text-serif-m layout-padded\">Frankrikes president <a href=\"https:\/\/www.vg.no\/tag\/emmanuel-macron?utm_source=vg-article&amp;utm_medium=auto-tagger&amp;utm_campaign=73X1LK\" class=\"_link_o9xde_39\" rel=\"nofollow noopener\" target=\"_blank\">Emmanuel Macron<\/a> og hans kone har i \u00e5revis m\u00e5ttet forholde seg til p\u00e5stander om at Brigitte Macron ble f\u00f8dt som Jean-Michel Trogneux. <\/p>\n<p class=\"_paragraph_o9xde_4 _paragraph_xtcu6_10 layout-component text-serif-m layout-normal text-serif-m layout-padded\">Spekulasjonene g\u00e5r ut p\u00e5 at Brigitte Macron er transkvinne, og derfor har tatt navnet Brigitte. <\/p>\n<p class=\"_paragraph_o9xde_4 _paragraph_xtcu6_10 layout-component text-serif-m layout-normal text-serif-m layout-padded\">Jean-Michel Trogneux er navnet til Brigitte Macrons bror.<\/p>\n<p class=\"_paragraph_o9xde_4 _paragraph_xtcu6_10 layout-component text-serif-m layout-normal text-serif-m layout-padded\">Det er satt av to dager i retten til saken i Frankrike. <\/p>\n<p>Amerikansk influencer ogs\u00e5 tiltalt <\/p>\n<p class=\"_paragraph_o9xde_4 _paragraph_xtcu6_10 layout-component text-serif-m layout-normal text-serif-m layout-padded\">Samtidig p\u00e5g\u00e5r det en annen sak i USA, der ekteparet Macron har <a href=\"https:\/\/www.vg.no\/nyheter\/i\/Rzk3xA\/macron-vil-bevise-at-kona-er-kvinne-i-amerikansk-rettssak\" data-track-element-type=\"Link\" data-track-id=\"link:Rzk3xA\" class=\"_link_o9xde_39\" rel=\"nofollow noopener\" target=\"_blank\">anmeldt den konservative influenceren og podkasteren Candace Owens<\/a> for \u00e6rekrenkelser. <\/p>\n<p class=\"_paragraph_o9xde_4 _paragraph_xtcu6_10 layout-component text-serif-m layout-normal text-serif-m layout-padded\">Owens skal ha nektet \u00e5 trekke tilbake en p\u00e5stand om at Brigitte Macron tidligere var mann.<\/p>\n<p><img alt=\"Influencer og podkaster, Candace Owens.   Foto: Rebecca Cook \/ Reuters \/ NTB\" class=\"_image_qp4xg_65 layout-component layout-normal\" data-fullscreen- data-track-element-type=\"Article image fullscreen\" data-track-name=\"ImageFullscreen\" decoding=\"async\" loading=\"lazy\" height=\"2403\" itemprop=\"image\"  src=\"https:\/\/www.europesays.com\/no\/wp-content\/uploads\/2025\/10\/567b2b34-dfd1-4d11-bf25-26292b3fe536\"  style=\"object-position:0% 0%\" width=\"3301\"\/>Influencer og podkaster, Candace Owens.   Foto: Rebecca Cook \/ Reuters \/ NTB<\/p>\n<p class=\"_paragraph_o9xde_4 _paragraph_xtcu6_10 layout-component text-serif-m layout-normal text-serif-m layout-padded\">Ekteparet Macron planlegger \u00e5 legge frem fotografiske og vitenskapelige bevis for \u00e5 bevise at Brigitte er kvinne. <\/p>\n<p class=\"_paragraph_o9xde_4 _paragraph_xtcu6_10 layout-component text-serif-m layout-normal text-serif-m layout-padded\">Owens, som har millioner av f\u00f8lgere p\u00e5 sosiale medier, sa i mars 2024 at hun ville satse hele sitt \u00abprofesjonelle rykte\u00bb p\u00e5 p\u00e5standen.<\/p>\n","protected":false},"excerpt":{"rendered":"Ti personer er tiltalt for \u00e6rekrenkelser mot Brigitte Macron, Frankrikes f\u00f8rstedame, ved \u00e5 p\u00e5st\u00e5 i nettinnlegg at hun&hellip;\n","protected":false},"author":2,"featured_media":71443,"comment_status":"","ping_status":"","sticky":false,"template":"","format":"standard","meta":{"footnotes":""},"categories":[12],"tags":[20,21,1241,24,25,9983,1244,15,22,23,13,30,28,29,14,16,3140,26,27,42,43,44,45],"class_list":{"0":"post-71442","1":"post","2":"type-post","3":"status-publish","4":"format-standard","5":"has-post-thumbnail","7":"category-verden","8":"tag-breaking-news","9":"tag-breakingnews","10":"tag-emmanuel-macron","11":"tag-featured-news","12":"tag-featurednews","13":"tag-forstedame","14":"tag-frankrike","15":"tag-headlines","16":"tag-latest-news","17":"tag-latestnews","18":"tag-news","19":"tag-no","20":"tag-norge","21":"tag-norway","22":"tag-nyheter","23":"tag-overskrifter","24":"tag-paris","25":"tag-top-stories","26":"tag-topstories","27":"tag-verden","28":"tag-world","29":"tag-world-news","30":"tag-worldnews"},"share_on_mastodon":{"url":"https:\/\/pubeurope.com\/@no\/115447101309520742","error":""},"_links":{"self":[{"href":"https:\/\/www.europesays.com\/no\/wp-json\/wp\/v2\/posts\/71442","targetHints":{"allow":["GET"]}}],"collection":[{"href":"https:\/\/www.europesays.com\/no\/wp-json\/wp\/v2\/posts"}],"about":[{"href":"https:\/\/www.europesays.com\/no\/wp-json\/wp\/v2\/types\/post"}],"author":[{"embeddable":true,"href":"https:\/\/www.europesays.com\/no\/wp-json\/wp\/v2\/users\/2"}],"replies":[{"embeddable":true,"href":"https:\/\/www.europesays.com\/no\/wp-json\/wp\/v2\/comments?post=71442"}],"version-history":[{"count":0,"href":"https:\/\/www.europesays.com\/no\/wp-json\/wp\/v2\/posts\/71442\/revisions"}],"wp:featuredmedia":[{"embeddable":true,"href":"https:\/\/www.europesays.com\/no\/wp-json\/wp\/v2\/media\/71443"}],"wp:attachment":[{"href":"https:\/\/www.europesays.com\/no\/wp-json\/wp\/v2\/media?parent=71442"}],"wp:term":[{"taxonomy":"category","embeddable":true,"href":"https:\/\/www.europesays.com\/no\/wp-json\/wp\/v2\/categories?post=71442"},{"taxonomy":"post_tag","embeddable":true,"href":"https:\/\/www.europesays.com\/no\/wp-json\/wp\/v2\/tags?post=71442"}],"curies":[{"name":"wp","href":"https:\/\/api.w.org\/{rel}","templated":true}]}}