{"id":71500,"date":"2025-10-27T17:44:14","date_gmt":"2025-10-27T17:44:14","guid":{"rendered":"https:\/\/www.europesays.com\/no\/71500\/"},"modified":"2025-10-27T17:44:14","modified_gmt":"2025-10-27T17:44:14","slug":"fjordfiske-havfiskeflaten-stopp-havgaende-fartoy","status":"publish","type":"post","link":"https:\/\/www.europesays.com\/no\/71500\/","title":{"rendered":"Fjordfiske, Havfiskefl\u00e5ten | Stopp havg\u00e5ende fart\u00f8y"},"content":{"rendered":"<p>  Hold den havg\u00e5ende fiskefl\u00e5ta utafor fjordlinja \u2013 fjordene m\u00e5 f\u00e5 puste!<\/p>\n<p>I Kv\u00e6nangen og i Loppa reagerer vi sterkt p\u00e5 at store havg\u00e5ende fiskefart\u00f8y fortsatt f\u00e5r drive fiske innenfor fjordlinja i Nord-Troms og Vest-Finnmark. Denne praksisen har alvorlige konsekvenser for b\u00e5de \u00f8kosystemet og for framtida til den lokale fiskerin\u00e6ringen.<\/p>\n<p>Ringnotfisket inne i fjordene f\u00f8rer til at store mengder sm\u00e5sei, fjordtorsk og annen yngel blir fanget og \u00f8delagt. Dette er fisk som skulle v\u00e6rt framtidas bestand og grunnlaget for et b\u00e6rekraftig, lokalt fiske. Fjordene v\u00e5re er s\u00e5rbare oppvekstomr\u00e5der \u2013 ikke industriomr\u00e5der. N\u00e5r store fart\u00f8y med h\u00f8y fangstkapasitet opererer s\u00e5 n\u00e6rt land, forstyrres hele det \u00f8kologiske systemet.<\/p>\n<p>Samtidig blir sv\u00e6rt lite av verdiskapingen igjen i lokalsamfunnene.<\/p>\n<p>N\u00e5r den havg\u00e5ende ringnot- og snurrevadfl\u00e5ten tar ut ressursene i fjordene, mister de lokale fiskerne og kystfl\u00e5ten b\u00e5de inntekt og tilgang til tradisjonelle fiskeplasser. Dette undergraver grunnlaget for bosetting og n\u00e6ringsliv langs kysten. Fjordfiskerne st\u00e5r igjen med tomme bruk og tomme mottak.<\/p>\n<p>Vi ber derfor myndighetene om \u00e5 gripe inn:<\/p>\n<p>\u2013 Forby havfiskefl\u00e5tens fiske med ringnot, snurrevad og andre aktive redskap innenfor fjordlinja.<\/p>\n<p>\u2013 Verne fjordene som oppvekstomr\u00e5der for torsk, sei, kveite og annen kystn\u00e6r fisk.<\/p>\n<p>\u2013 Sikre at lokale fjordfiskere og kystfl\u00e5ta f\u00e5r forrang i sine egne n\u00e6romr\u00e5der.<\/p>\n<p>Dette handler ikke om \u00e5 v\u00e6re mot n\u00e6ringsutvikling, men tvert imot om \u00e5 sikre livsgrunnlaget for framtidige generasjoner. Vi m\u00e5 forvalte ressursene slik at fjordene fortsatt kan gi mat, arbeid og verdier til kystsamfunnene i nord.<\/p>\n<p>La fjordene f\u00e5 puste \u2013 Hold den havg\u00e5ende fiskefl\u00e5ta utafor fjordlinja!<\/p>\n","protected":false},"excerpt":{"rendered":"Hold den havg\u00e5ende fiskefl\u00e5ta utafor fjordlinja \u2013 fjordene m\u00e5 f\u00e5 puste! I Kv\u00e6nangen og i Loppa reagerer vi&hellip;\n","protected":false},"author":2,"featured_media":71501,"comment_status":"","ping_status":"","sticky":false,"template":"","format":"standard","meta":{"footnotes":""},"categories":[5],"tags":[36,20,21,24,25,9132,9990,9991,15,19,22,23,17,18,13,30,28,29,14,1533,16,9992,26,27],"class_list":{"0":"post-71500","1":"post","2":"type-post","3":"status-publish","4":"format-standard","5":"has-post-thumbnail","7":"category-overskrifter","8":"tag-art","9":"tag-breaking-news","10":"tag-breakingnews","11":"tag-featured-news","12":"tag-featurednews","13":"tag-fiskerinaeringa","14":"tag-fjordfiske","15":"tag-havfiskeflaten","16":"tag-headlines","17":"tag-hovedoppslag","18":"tag-latest-news","19":"tag-latestnews","20":"tag-main-news","21":"tag-mainnews","22":"tag-news","23":"tag-no","24":"tag-norge","25":"tag-norway","26":"tag-nyheter","27":"tag-opinion","28":"tag-overskrifter","29":"tag-snurrevad","30":"tag-top-stories","31":"tag-topstories"},"share_on_mastodon":{"url":"https:\/\/pubeurope.com\/@no\/115447376445115702","error":""},"_links":{"self":[{"href":"https:\/\/www.europesays.com\/no\/wp-json\/wp\/v2\/posts\/71500","targetHints":{"allow":["GET"]}}],"collection":[{"href":"https:\/\/www.europesays.com\/no\/wp-json\/wp\/v2\/posts"}],"about":[{"href":"https:\/\/www.europesays.com\/no\/wp-json\/wp\/v2\/types\/post"}],"author":[{"embeddable":true,"href":"https:\/\/www.europesays.com\/no\/wp-json\/wp\/v2\/users\/2"}],"replies":[{"embeddable":true,"href":"https:\/\/www.europesays.com\/no\/wp-json\/wp\/v2\/comments?post=71500"}],"version-history":[{"count":0,"href":"https:\/\/www.europesays.com\/no\/wp-json\/wp\/v2\/posts\/71500\/revisions"}],"wp:featuredmedia":[{"embeddable":true,"href":"https:\/\/www.europesays.com\/no\/wp-json\/wp\/v2\/media\/71501"}],"wp:attachment":[{"href":"https:\/\/www.europesays.com\/no\/wp-json\/wp\/v2\/media?parent=71500"}],"wp:term":[{"taxonomy":"category","embeddable":true,"href":"https:\/\/www.europesays.com\/no\/wp-json\/wp\/v2\/categories?post=71500"},{"taxonomy":"post_tag","embeddable":true,"href":"https:\/\/www.europesays.com\/no\/wp-json\/wp\/v2\/tags?post=71500"}],"curies":[{"name":"wp","href":"https:\/\/api.w.org\/{rel}","templated":true}]}}