{"id":71521,"date":"2025-10-27T18:02:08","date_gmt":"2025-10-27T18:02:08","guid":{"rendered":"https:\/\/www.europesays.com\/no\/71521\/"},"modified":"2025-10-27T18:02:08","modified_gmt":"2025-10-27T18:02:08","slug":"hailey-bieber-avslorer-sin-botox-regel","status":"publish","type":"post","link":"https:\/\/www.europesays.com\/no\/71521\/","title":{"rendered":"Hailey Bieber avsl\u00f8rer sin botox-regel"},"content":{"rendered":"\n<p class=\"_lead_o9xde_2 _lead_xtcu6_50 layout-component text-serif-m layout-normal text-serif-l layout-component layout-wide layout-padded _wide_17hqh_1 layout-padded\">Modellen har satt en aldersgrense for n\u00e5r hun f\u00e5r lov til \u00e5 fikse p\u00e5 ansiktet.<\/p>\n<p><img alt=\"Naturlig skj\u00f8nn, enn s\u00e5 lenge, lover Hailey Bieber, her under den \u00e5rlige Academy Museum Gala i Los Angeles sist helg. Foto: Mario Anzuoni \/ Reuters \/ NTB\" class=\"_image_qp4xg_65 layout-component layout-wide\" data-fullscreen- data-track-element-type=\"Article image fullscreen\" data-track-name=\"ImageFullscreen\" fetchpriority=\"high\" decoding=\"sync\" loading=\"eager\" height=\"3471\" itemprop=\"image\"  src=\"https:\/\/www.europesays.com\/no\/wp-content\/uploads\/2025\/10\/e423080b-5562-4d8d-82d9-b23f59f535a0\"  style=\"object-position:0% 0%\" width=\"5363\"\/>Naturlig skj\u00f8nn, enn s\u00e5 lenge, lover Hailey Bieber, her under den \u00e5rlige Academy Museum Gala i Los Angeles sist helg. Foto: Mario Anzuoni \/ Reuters \/ NTB<\/p>\n<ul aria-hidden=\"true\" class=\"_images_18f0k_111\">\n<li><a class=\"_link_18f0k_116\" href=\"https:\/\/www.vg.no\/forfatter\/hanne-kretuz-hansen\" style=\"z-index:1\" title=\"Hanne Kreutz-Hansen\" rel=\"nofollow noopener\" target=\"_blank\"><img alt=\"Bilde av Hanne Kreutz-Hansen\" class=\"_image_18f0k_93\" fetchpriority=\"low\" loading=\"lazy\" decoding=\"async\" itemprop=\"image\"  src=\"https:\/\/www.europesays.com\/no\/wp-content\/uploads\/2025\/10\/1761588128_153_91499188-43f5-43fa-b038-5716eac94ffb\"  width=\"480\"\/><\/a><\/li>\n<\/ul>\n<p> Oppdatert mandag 27. oktober kl. 18:36    <\/p>\n<ul class=\"_list_o9xde_3 _list_64s2r_85 _unordered_o9xde_106 text-sans-m\">\n<li class=\"_item_o9xde_30\">Hailey Bieber (28) sier hun venter med Botox til 30-\u00e5rene, og nekter for kosmetisk bruk; hun bruker kun injeksjoner i kjeven for kjeveleddsplager.<\/li>\n<li class=\"_item_o9xde_30\">Hun solgte merket Rhode til Elf Beauty for \u00e9n milliard dollar, fortsetter som grunnlegger og strategisk r\u00e5dgiver, og sier pengene skal sikre s\u00f8nnens fremtid.<\/li>\n<\/ul>\n<p>Vis mer <\/p>\n<p class=\"_paragraph_o9xde_4 _paragraph_xtcu6_10 layout-component text-serif-m layout-normal text-serif-m layout-padded\">Ingen Botox f\u00f8r hun er i 30 \u00e5rene.<\/p>\n<p class=\"_paragraph_o9xde_4 _paragraph_xtcu6_10 layout-component text-serif-m layout-normal text-serif-m layout-padded\">\u2013 N\u00e5r jeg kommer dit, skal jeg se om jeg i det hele tatt vil gj\u00f8re det.<\/p>\n<p class=\"_paragraph_o9xde_4 _paragraph_xtcu6_10 layout-component text-serif-m layout-normal text-serif-m layout-padded\">Det fortalte den 28 \u00e5r gamle modellen og sminkegr\u00fcnderen i podkasten \u00abIn Your Dreams\u00bb.<\/p>\n<p class=\"_paragraph_o9xde_4 _paragraph_xtcu6_10 layout-component text-serif-m layout-normal text-serif-m layout-padded\"><a href=\"https:\/\/www.vg.no\/tag\/hailey-bieber?utm_source=vg-article&amp;utm_medium=auto-tagger&amp;utm_campaign=VzyLP3\" class=\"_link_o9xde_39\" rel=\"nofollow noopener\" target=\"_blank\">Hailey Bieber<\/a> nekter for \u00e5 ha brukt Botox. I alle fall ikke til skj\u00f8nnhetsform\u00e5l. Hun innr\u00f8mmer at hun bruker Botox i kjeven for \u00e5 behandle kjeveleddsplager, melder<a href=\"https:\/\/www.eonline.com\/news\/1424288\/hailey-bieber-on-botox-use-cosmetic-procedures\" class=\"_link_o9xde_39\" rel=\"nofollow noopener\" target=\"_blank\"> Enews.<\/a><\/p>\n<p class=\"_paragraph_o9xde_4 _paragraph_xtcu6_10 layout-component text-serif-m layout-normal text-serif-m layout-padded\">Selv om hun er avventende til Botox, har hun fors\u00f8kt en rekke andre kosmetiske behandlinger, forteller hun i podkasten: Som laserbehandlinger og injeksjon av blodplater fra eget blod.<\/p>\n<p class=\"_paragraph_o9xde_4 _paragraph_xtcu6_10 layout-component text-serif-m layout-normal text-serif-m layout-padded\">I 2022 lanserte Bieber sminke &#8211; og hudpleiemerket Rhode.<\/p>\n<p><img alt=\"Hailey Bieber p\u00e5 Met Gallaen i New York i mai.  Foto: Mario Anzuoni \/ Reuters \/ NTB\" class=\"_image_qp4xg_65 layout-component layout-normal\" data-fullscreen- data-track-element-type=\"Article image fullscreen\" data-track-name=\"ImageFullscreen\" decoding=\"async\" loading=\"lazy\" height=\"3069\" itemprop=\"image\"  src=\"https:\/\/www.europesays.com\/no\/wp-content\/uploads\/2025\/10\/1f25d06b-3db3-43db-9be7-714e31379ec3\"  style=\"object-position:0% 0%\" width=\"4604\"\/>Hailey Bieber p\u00e5 Met Gallaen i New York i mai.  Foto: Mario Anzuoni \/ Reuters \/ NTB<\/p>\n<p class=\"_paragraph_o9xde_4 _paragraph_xtcu6_10 layout-component text-serif-m layout-normal text-serif-m layout-padded\">Merket gikk snart viralt p\u00e5 TikTok. I v\u00e5r <a href=\"https:\/\/www.vg.no\/rampelys\/i\/zAKLw5\/hailey-bieber-selger-sminkemerket-sitt-for-en-milliard-dollar\" data-track-element-type=\"Link\" data-track-id=\"link:zAKLw5\" class=\"_link_o9xde_39\" rel=\"nofollow noopener\" target=\"_blank\">solgte hun det popul\u00e6re<\/a> merket til kosmetikkgiganten Elf Beauty for \u00e9n milliard dollar. Omregnet til norske kroner er det nesten 10,2 milliarder.<\/p>\n<p class=\"_paragraph_o9xde_4 _paragraph_xtcu6_10 layout-component text-serif-m layout-normal text-serif-m layout-padded\">Hun fortsetter som grunnlegger og strategisk r\u00e5dgiver for merket. <\/p>\n<p class=\"_paragraph_o9xde_4 _paragraph_xtcu6_10 layout-component text-serif-m layout-normal text-serif-m layout-padded\">I podkasten sier hun at milliardene skal sikre s\u00f8nnens fremtid. <\/p>\n<p class=\"_paragraph_o9xde_4 _paragraph_xtcu6_10 layout-component text-serif-m layout-normal text-serif-m layout-padded\">Hailey Bieber er gift med Justin Bieber, sammen har de s\u00f8nnen Jack Blues p\u00e5 14 m\u00e5neder. Onkelen er Alec Baldwin.<\/p>\n<p class=\"_paragraph_o9xde_4 _paragraph_xtcu6_10 layout-component text-serif-m layout-normal text-serif-m layout-padded\">Tidligere i oktober la hun ut flere bilder av s\u00f8nnen, blant annet kledd i Justin Bieber-hettegenser.<\/p>\n<p class=\"_paragraph_o9xde_4 _paragraph_xtcu6_10 layout-component text-serif-m layout-normal text-serif-m layout-padded\">Bieber sier at moren hennes, Kennya Baldwin, er et skj\u00f8nnhetseksempel til etterf\u00f8lgelse. <\/p>\n<p class=\"_paragraph_o9xde_4 _paragraph_xtcu6_10 layout-component text-serif-m layout-normal text-serif-m layout-padded\">\u2013 Moren min tar ikke Botox, hun gj\u00f8r ingenting med huden sin og hun ser fantastisk ut.<\/p>\n","protected":false},"excerpt":{"rendered":"Modellen har satt en aldersgrense for n\u00e5r hun f\u00e5r lov til \u00e5 fikse p\u00e5 ansiktet. Naturlig skj\u00f8nn, enn&hellip;\n","protected":false},"author":2,"featured_media":71522,"comment_status":"","ping_status":"","sticky":false,"template":"","format":"standard","meta":{"footnotes":""},"categories":[58],"tags":[3032,71,7448,30,28,29,72,46],"class_list":{"0":"post-71521","1":"post","2":"type-post","3":"status-publish","4":"format-standard","5":"has-post-thumbnail","7":"category-underholdning","8":"tag-botox","9":"tag-entertainment","10":"tag-hailey-bieber","11":"tag-no","12":"tag-norge","13":"tag-norway","14":"tag-underholdning","15":"tag-vgai"},"share_on_mastodon":{"url":"https:\/\/pubeurope.com\/@no\/115447447181721714","error":""},"_links":{"self":[{"href":"https:\/\/www.europesays.com\/no\/wp-json\/wp\/v2\/posts\/71521","targetHints":{"allow":["GET"]}}],"collection":[{"href":"https:\/\/www.europesays.com\/no\/wp-json\/wp\/v2\/posts"}],"about":[{"href":"https:\/\/www.europesays.com\/no\/wp-json\/wp\/v2\/types\/post"}],"author":[{"embeddable":true,"href":"https:\/\/www.europesays.com\/no\/wp-json\/wp\/v2\/users\/2"}],"replies":[{"embeddable":true,"href":"https:\/\/www.europesays.com\/no\/wp-json\/wp\/v2\/comments?post=71521"}],"version-history":[{"count":0,"href":"https:\/\/www.europesays.com\/no\/wp-json\/wp\/v2\/posts\/71521\/revisions"}],"wp:featuredmedia":[{"embeddable":true,"href":"https:\/\/www.europesays.com\/no\/wp-json\/wp\/v2\/media\/71522"}],"wp:attachment":[{"href":"https:\/\/www.europesays.com\/no\/wp-json\/wp\/v2\/media?parent=71521"}],"wp:term":[{"taxonomy":"category","embeddable":true,"href":"https:\/\/www.europesays.com\/no\/wp-json\/wp\/v2\/categories?post=71521"},{"taxonomy":"post_tag","embeddable":true,"href":"https:\/\/www.europesays.com\/no\/wp-json\/wp\/v2\/tags?post=71521"}],"curies":[{"name":"wp","href":"https:\/\/api.w.org\/{rel}","templated":true}]}}