{"id":71525,"date":"2025-10-27T18:05:19","date_gmt":"2025-10-27T18:05:19","guid":{"rendered":"https:\/\/www.europesays.com\/no\/71525\/"},"modified":"2025-10-27T18:05:19","modified_gmt":"2025-10-27T18:05:19","slug":"over-tusen-katter-samlet-til-verdens-storste-katteutstilling","status":"publish","type":"post","link":"https:\/\/www.europesays.com\/no\/71525\/","title":{"rendered":"Over tusen katter samlet til verdens st\u00f8rste katteutstilling"},"content":{"rendered":"\n<p aria-hidden=\"true\" class=\"_introduction_17m6h_13\">Lytt til saken<\/p>\n<p class=\"_paragraph_o9xde_4 _paragraph_xtcu6_10 layout-component text-serif-m layout-normal text-serif-m layout-padded _medium_xtcu6_25\">Katteoppdrettere og eiere fra over 30 land har samlet seg i Romania for FIFe World Show, verdens st\u00f8rste kattearrangement. <\/p>\n<p><img alt=\"\" class=\"_image_qp4xg_65 layout-component layout-right\" data-fullscreen- data-track-element-type=\"Article image fullscreen\" data-track-name=\"ImageFullscreen\" decoding=\"async\" loading=\"lazy\" height=\"2660\" itemprop=\"image\"  src=\"https:\/\/www.europesays.com\/no\/wp-content\/uploads\/2025\/10\/6406ac42-8cc3-4548-9084-f5cfec9a29a7\"  style=\"object-position:52.225778295024725% 59.79323308270676%\" width=\"3437\"\/><img alt=\"\" class=\"_image_qp4xg_65 layout-component layout-left\" data-fullscreen- data-track-element-type=\"Article image fullscreen\" data-track-name=\"ImageFullscreen\" decoding=\"async\" loading=\"lazy\" height=\"4625\" itemprop=\"image\"  src=\"https:\/\/www.europesays.com\/no\/wp-content\/uploads\/2025\/10\/3845e2fd-fd73-4a08-8fc3-f83ec6b2d310\"  style=\"object-position:0% 0%\" width=\"6938\"\/><img alt=\"Alle foto: Andreea Alexandru \/ AP\" class=\"_image_qp4xg_65 layout-component layout-right\" data-fullscreen- data-track-element-type=\"Article image fullscreen\" data-track-name=\"ImageFullscreen\" decoding=\"async\" loading=\"lazy\" height=\"3832\" itemprop=\"image\"  src=\"https:\/\/www.europesays.com\/no\/wp-content\/uploads\/2025\/10\/b9c32cbd-30ec-4e6a-8d7b-26aaf94c92df\"  style=\"object-position:0% 0%\" width=\"4642\"\/>Alle foto: Andreea Alexandru \/ AP<\/p>\n<p class=\"_paragraph_o9xde_4 _paragraph_xtcu6_10 layout-component text-serif-m layout-normal text-serif-m layout-padded _medium_xtcu6_25\">Mer enn tusen katter deltok i utstillingen som ble holdt i Bucuresti denne helgen, melder <a href=\"https:\/\/apnews.com\/photo-gallery\/feline-cats-fife-photos-romania-show-59395ab1d1b3f1d2b298ed8658143e6a\" class=\"_link_o9xde_39\" rel=\"nofollow noopener\" target=\"_blank\">AP News<\/a>.<\/p>\n<p><img alt=\"\" class=\"_image_qp4xg_65 layout-component layout-left\" data-fullscreen- data-track-element-type=\"Article image fullscreen\" data-track-name=\"ImageFullscreen\" decoding=\"async\" loading=\"lazy\" height=\"4633\" itemprop=\"image\"  src=\"https:\/\/www.europesays.com\/no\/wp-content\/uploads\/2025\/10\/a1e46ae9-7876-4adf-84fb-20e8e36dc2fb\"  style=\"object-position:0% 0%\" width=\"5189\"\/><img alt=\"\" class=\"_image_qp4xg_65 layout-component layout-right\" data-fullscreen- data-track-element-type=\"Article image fullscreen\" data-track-name=\"ImageFullscreen\" decoding=\"async\" loading=\"lazy\" height=\"3229\" itemprop=\"image\"  src=\"https:\/\/www.europesays.com\/no\/wp-content\/uploads\/2025\/10\/18993571-17cc-458e-b506-6db9f38c5ec3\"  style=\"object-position:0% 0%\" width=\"4483\"\/><img alt=\"\" class=\"_image_qp4xg_65 layout-component layout-left\" data-fullscreen- data-track-element-type=\"Article image fullscreen\" data-track-name=\"ImageFullscreen\" decoding=\"async\" loading=\"lazy\" height=\"3393\" itemprop=\"image\"  src=\"https:\/\/www.europesays.com\/no\/wp-content\/uploads\/2025\/10\/27fd49e0-be13-4f88-af9f-259e9db65a15\"  style=\"object-position:0% 0%\" width=\"3378\"\/><\/p>\n<p class=\"_paragraph_o9xde_4 _paragraph_xtcu6_10 layout-component text-serif-m layout-normal text-serif-m layout-padded _medium_xtcu6_25\">Et stort antall katteraser ble vurdert av dommere. Blant deltakerne var orientalsk korth\u00e5r, Don Sphynx, Cornish Rex, perserkatter, Devon Rex og abyssinerkatter.<\/p>\n<p><img alt=\"\" class=\"_image_qp4xg_65 layout-component layout-left\" data-fullscreen- data-track-element-type=\"Article image fullscreen\" data-track-name=\"ImageFullscreen\" decoding=\"async\" loading=\"lazy\" height=\"3206\" itemprop=\"image\"  src=\"https:\/\/www.europesays.com\/no\/wp-content\/uploads\/2025\/10\/c0027b2d-53d2-46e7-a067-3a0ada5a42cb\"  style=\"object-position:0% 0%\" width=\"3321\"\/><img alt=\"\" class=\"_image_qp4xg_65 layout-component layout-right\" data-fullscreen- data-track-element-type=\"Article image fullscreen\" data-track-name=\"ImageFullscreen\" decoding=\"async\" loading=\"lazy\" height=\"3229\" itemprop=\"image\"  src=\"https:\/\/www.europesays.com\/no\/wp-content\/uploads\/2025\/10\/09644110-f5c5-47a4-b3bc-c4d6311b26a6\"  style=\"object-position:0% 0%\" width=\"3393\"\/><img alt=\"\" class=\"_image_qp4xg_65 layout-component layout-left\" data-fullscreen- data-track-element-type=\"Article image fullscreen\" data-track-name=\"ImageFullscreen\" decoding=\"async\" loading=\"lazy\" height=\"4079\" itemprop=\"image\"  src=\"https:\/\/www.europesays.com\/no\/wp-content\/uploads\/2025\/10\/ff4b62e3-f45a-4936-8646-eb293c9dc1a3\"  style=\"object-position:0% 0%\" width=\"5323\"\/><\/p>\n<p class=\"_paragraph_o9xde_4 _paragraph_xtcu6_10 layout-component text-serif-m layout-normal text-serif-m layout-padded _medium_xtcu6_25\">Utstillingen gir katteoppdrettere og entusiaster mulighet til \u00e5 vise frem sine dyr og konkurrere p\u00e5 internasjonalt niv\u00e5. Arrangementet trekker deltakere fra hele verden som reiser langt for \u00e5 delta i denne prestisjetunge konkurransen.<\/p>\n<p><img alt=\"\" class=\"_image_qp4xg_65 layout-component layout-left\" data-fullscreen- data-track-element-type=\"Article image fullscreen\" data-track-name=\"ImageFullscreen\" decoding=\"async\" loading=\"lazy\" height=\"2096\" itemprop=\"image\"  src=\"https:\/\/www.europesays.com\/no\/wp-content\/uploads\/2025\/10\/6ee347ab-f7f1-4f82-b983-017b3594c98d\"  style=\"object-position:0% 0%\" width=\"2637\"\/><img alt=\"\" class=\"_image_qp4xg_65 layout-component layout-right\" data-fullscreen- data-track-element-type=\"Article image fullscreen\" data-track-name=\"ImageFullscreen\" decoding=\"async\" loading=\"lazy\" height=\"3963\" itemprop=\"image\"  src=\"https:\/\/www.europesays.com\/no\/wp-content\/uploads\/2025\/10\/ac4f1d16-072b-400f-9f2c-87513a7fbb69\"  style=\"object-position:0% 0%\" width=\"5261\"\/><img alt=\"\" class=\"_image_qp4xg_65 layout-component layout-left\" data-fullscreen- data-track-element-type=\"Article image fullscreen\" data-track-name=\"ImageFullscreen\" decoding=\"async\" loading=\"lazy\" height=\"3404\" itemprop=\"image\"  src=\"https:\/\/www.europesays.com\/no\/wp-content\/uploads\/2025\/10\/f16d9ee8-a229-4693-b91f-1658a3200a41\"  style=\"object-position:0% 0%\" width=\"4002\"\/><\/p>\n<p class=\"_paragraph_o9xde_4 _paragraph_xtcu6_10 layout-component text-serif-m layout-normal text-serif-m layout-padded _medium_xtcu6_25\"><strong class=\"_strong_o9xde_25\">Her kan du f\u00f8lge <a href=\"https:\/\/www.instagram.com\/vgfoto\/\" class=\"_link_o9xde_39\" rel=\"nofollow noopener\" target=\"_blank\">VGs fotojournalister p\u00e5 Instagram<\/a><\/strong><\/p>\n<p class=\"_paragraph_o9xde_4 _paragraph_xtcu6_10 layout-component text-serif-m layout-normal text-serif-m layout-padded _medium_xtcu6_25\"><strong class=\"_strong_o9xde_25\">Her kan du lese flere bildesaker:<\/strong><\/p>\n<p>Les ogs\u00e5<\/p>\n<ul class=\"_list_9vrga_2\">\n<li class=\"_item_9vrga_3\"><a class=\"_link_1woao_14\" data-track-id=\"teaser:OoLln1\" data-track-impression=\"true\" data-track-name=\"Historisk kino revet\" href=\"https:\/\/www.vg.no\/nyheter\/i\/OoLln1\/det-historiske-kinoteater-i-det-hvite-hus-er-revet\" rel=\"nofollow noopener\" target=\"_blank\">Historisk kino revet<img decoding=\"async\" alt=\"\" class=\"_image_1woao_6\" height=\"2333\" loading=\"lazy\"  src=\"https:\/\/www.europesays.com\/no\/wp-content\/uploads\/2025\/10\/2a8836b6-d03d-4622-8c57-1586c5ad8bdb\"  width=\"3500\"\/><\/a><\/li>\n<li class=\"_item_9vrga_3\"><a class=\"_link_1woao_14\" data-track-id=\"teaser:Xjx5W7\" data-track-impression=\"true\" data-track-name=\"Forlatt for \u00e5 forfalle\" href=\"https:\/\/www.vg.no\/nyheter\/i\/Xjx5W7\/kjoepte-50-biler-paa-50-aarsdagen-lot-dem-raatne-i-skogen\" rel=\"nofollow noopener\" target=\"_blank\">Forlatt for \u00e5 forfalle<img decoding=\"async\" alt=\"\" class=\"_image_1woao_6\" height=\"5397\" loading=\"lazy\"  src=\"https:\/\/www.europesays.com\/no\/wp-content\/uploads\/2025\/10\/21f6cf4d-5199-4e53-87ce-9a29c46064c8\"  width=\"6705\"\/><\/a><\/li>\n<li class=\"_item_9vrga_3\"><a class=\"_link_1woao_14\" data-track-id=\"teaser:5EPb8X\" data-track-impression=\"true\" data-track-name=\"Rush!\" href=\"https:\/\/www.vg.no\/nyheter\/i\/5EPb8X\/bilister-i-koe-paa-kinas-stoerste-bomstasjon\" rel=\"nofollow noopener\" target=\"_blank\">Rush!<img decoding=\"async\" alt=\"\" class=\"_image_1woao_6\" height=\"2325\" loading=\"lazy\"  src=\"https:\/\/www.europesays.com\/no\/wp-content\/uploads\/2025\/10\/1761588314_69_19e84923-5546-4d71-92e9-ca683aabf39e\"  width=\"3032\"\/><\/a><\/li>\n<li class=\"_item_9vrga_3\"><a class=\"_link_1woao_14\" data-track-id=\"teaser:Ppk9Le\" data-track-impression=\"true\" data-track-name=\"Ambulanse-karavanen\" href=\"https:\/\/www.vg.no\/nyheter\/i\/Ppk9Le\/ambulanse-karavanen\" rel=\"nofollow noopener\" target=\"_blank\">Ambulanse-karavanen<img decoding=\"async\" alt=\"\" class=\"_image_1woao_6\" height=\"181\" loading=\"lazy\"  src=\"https:\/\/www.europesays.com\/no\/wp-content\/uploads\/2025\/10\/1761205816_663_acbc9dc397891f1974c7f86ad2667fd1.jpg\"  width=\"102\"\/><\/a><\/li>\n<li class=\"_item_9vrga_3\"><a class=\"_link_1woao_14\" data-track-id=\"teaser:dR6yWw\" data-track-impression=\"true\" data-track-name=\"Blod\u00adbadet\" href=\"https:\/\/www.vg.no\/nyheter\/i\/dR6yWw\/ukrainsk-sanatorium-hit-kommer-de-for-aa-skylle-vekk-marerittene\" rel=\"nofollow noopener\" target=\"_blank\">Blod\u00adbadet<img decoding=\"async\" alt=\"\" class=\"_image_1woao_6\" height=\"5481\" loading=\"lazy\"  src=\"https:\/\/www.europesays.com\/no\/wp-content\/uploads\/2025\/10\/1761588316_405_126e38b1-4dd6-4587-88a3-ccc8a54cc119\"  width=\"8214\"\/><\/a><\/li>\n<li class=\"_item_9vrga_3\"><a class=\"_link_1woao_14\" data-track-id=\"teaser:XjyG77\" data-track-impression=\"true\" data-track-name=\"Flyttet kirken fem kilometer\" href=\"https:\/\/www.vg.no\/nyheter\/i\/XjyG77\/kiruna-kirke-ble-flyttet-fem-kilometer\" rel=\"nofollow noopener\" target=\"_blank\">Flyttet kirken fem kilometer<img decoding=\"async\" alt=\"\" class=\"_image_1woao_6\" height=\"3640\" loading=\"lazy\"  src=\"https:\/\/www.europesays.com\/no\/wp-content\/uploads\/2025\/10\/1761588317_951_f2a1f7b1-fc84-4bff-a088-53f1491a6318\"  width=\"5464\"\/><\/a><\/li>\n<li class=\"_item_9vrga_3\"><a class=\"_link_1woao_14\" data-track-id=\"teaser:252Vxq\" data-track-impression=\"true\" data-track-name=\"\u00d8ye for brann\u00adfare \" href=\"https:\/\/www.vg.no\/nyheter\/i\/252Vxq\/geiter-brukes-som-brannvern-i-spania\" rel=\"nofollow noopener\" target=\"_blank\">\u00d8ye for brann\u00adfare <img decoding=\"async\" alt=\"\" class=\"_image_1woao_6\" height=\"2510\" loading=\"lazy\"  src=\"https:\/\/www.europesays.com\/no\/wp-content\/uploads\/2025\/10\/1761588317_147_14d7f733-120d-4671-a8cd-4ea993ab0dbb\"  width=\"3459\"\/><\/a><\/li>\n<li class=\"_item_9vrga_3\"><a class=\"_link_1woao_14\" data-track-id=\"teaser:1MAPXl\" data-track-impression=\"true\" data-track-name=\"Stinkende sj\u00f8gress invaderer Karibia\" href=\"https:\/\/www.vg.no\/nyheter\/i\/1MAPXl\/rekordmengder-stinkende-sjoegress-invaderer-karibiens-strender\" rel=\"nofollow noopener\" target=\"_blank\">Stinkende sj\u00f8gress invaderer Karibia<img decoding=\"async\" alt=\"\" class=\"_image_1woao_6\" height=\"4160\" loading=\"lazy\"  src=\"https:\/\/www.europesays.com\/no\/wp-content\/uploads\/2025\/10\/1761588318_231_3298c9c8-47c1-441d-893c-4090d3cfcfd8\"  width=\"5046\"\/><\/a><\/li>\n<li class=\"_item_9vrga_3\"><a class=\"_link_1woao_14\" data-track-id=\"teaser:wgQPKG\" data-track-impression=\"true\" data-track-name=\"Hest og fest\" href=\"https:\/\/www.vg.no\/nyheter\/i\/wgQPKG\/hest-og-fest-i-liverpool\" rel=\"nofollow noopener\" target=\"_blank\">Hest og fest<img decoding=\"async\" alt=\"\" class=\"_image_1woao_6\" height=\"2969\" loading=\"lazy\"  src=\"https:\/\/www.europesays.com\/no\/wp-content\/uploads\/2025\/10\/1761588318_534_cff3be83-0af3-4157-b244-d5a50a2e4f64\"  width=\"4115\"\/><\/a><\/li>\n<li class=\"_item_9vrga_3\"><a class=\"_link_1woao_14\" data-track-id=\"teaser:kw7pxA\" data-track-impression=\"true\" data-track-name=\"Gigantisk st\u00f8vstorm\" href=\"https:\/\/www.vg.no\/nyheter\/i\/kw7pxA\/gigantisk-stoevstorm-i-phoenix\" rel=\"nofollow noopener\" target=\"_blank\">Gigantisk st\u00f8vstorm<img decoding=\"async\" alt=\"\" class=\"_image_1woao_6\" height=\"3456\" loading=\"lazy\"  src=\"https:\/\/www.europesays.com\/no\/wp-content\/uploads\/2025\/10\/1761588319_252_a63b5551-6f34-4339-a968-38efae8b6467\"  width=\"6433\"\/><\/a><\/li>\n<\/ul>\n<p>    <script async src=\"\/\/www.instagram.com\/embed.js\"><\/script><\/p>\n","protected":false},"excerpt":{"rendered":"Lytt til saken Katteoppdrettere og eiere fra over 30 land har samlet seg i Romania for FIFe World&hellip;\n","protected":false},"author":2,"featured_media":71526,"comment_status":"","ping_status":"","sticky":false,"template":"","format":"standard","meta":{"footnotes":""},"categories":[12],"tags":[290,20,21,24,25,15,1168,22,23,13,30,28,29,14,16,26,27,781,42,46,43,44,45],"class_list":{"0":"post-71525","1":"post","2":"type-post","3":"status-publish","4":"format-standard","5":"has-post-thumbnail","7":"category-verden","8":"tag-bildefortellingen","9":"tag-breaking-news","10":"tag-breakingnews","11":"tag-featured-news","12":"tag-featurednews","13":"tag-headlines","14":"tag-katt","15":"tag-latest-news","16":"tag-latestnews","17":"tag-news","18":"tag-no","19":"tag-norge","20":"tag-norway","21":"tag-nyheter","22":"tag-overskrifter","23":"tag-top-stories","24":"tag-topstories","25":"tag-utstilling","26":"tag-verden","27":"tag-vgai","28":"tag-world","29":"tag-world-news","30":"tag-worldnews"},"share_on_mastodon":{"url":"https:\/\/pubeurope.com\/@no\/115447459365777041","error":""},"_links":{"self":[{"href":"https:\/\/www.europesays.com\/no\/wp-json\/wp\/v2\/posts\/71525","targetHints":{"allow":["GET"]}}],"collection":[{"href":"https:\/\/www.europesays.com\/no\/wp-json\/wp\/v2\/posts"}],"about":[{"href":"https:\/\/www.europesays.com\/no\/wp-json\/wp\/v2\/types\/post"}],"author":[{"embeddable":true,"href":"https:\/\/www.europesays.com\/no\/wp-json\/wp\/v2\/users\/2"}],"replies":[{"embeddable":true,"href":"https:\/\/www.europesays.com\/no\/wp-json\/wp\/v2\/comments?post=71525"}],"version-history":[{"count":0,"href":"https:\/\/www.europesays.com\/no\/wp-json\/wp\/v2\/posts\/71525\/revisions"}],"wp:featuredmedia":[{"embeddable":true,"href":"https:\/\/www.europesays.com\/no\/wp-json\/wp\/v2\/media\/71526"}],"wp:attachment":[{"href":"https:\/\/www.europesays.com\/no\/wp-json\/wp\/v2\/media?parent=71525"}],"wp:term":[{"taxonomy":"category","embeddable":true,"href":"https:\/\/www.europesays.com\/no\/wp-json\/wp\/v2\/categories?post=71525"},{"taxonomy":"post_tag","embeddable":true,"href":"https:\/\/www.europesays.com\/no\/wp-json\/wp\/v2\/tags?post=71525"}],"curies":[{"name":"wp","href":"https:\/\/api.w.org\/{rel}","templated":true}]}}