{"id":71533,"date":"2025-10-27T18:09:09","date_gmt":"2025-10-27T18:09:09","guid":{"rendered":"https:\/\/www.europesays.com\/no\/71533\/"},"modified":"2025-10-27T18:09:09","modified_gmt":"2025-10-27T18:09:09","slug":"karsten-blomvik-avslorer-detaljer-om-frieriet","status":"publish","type":"post","link":"https:\/\/www.europesays.com\/no\/71533\/","title":{"rendered":"Karsten Blomvik avsl\u00f8rer detaljer om frieriet:"},"content":{"rendered":"<p class=\"kicker \" style=\"\">Karsten Blomvik:\u00a0<\/p>\n<p>  \u00abHotellet\u00bb-aktuelle Karsten Blomvik letter p\u00e5 sl\u00f8ret om frieriet, og r\u00f8per n\u00e5r bryllupet skal finne sted.<\/p>\n<p>\n    GIFTER SEG: Karsten Blomvik og forloveden Sofia J\u00f8ssang Kerchaoui forlovet seg i august. Foto: Andreas Fadum \/ Se og H\u00f8r\n  <\/p>\n<p> Komiker og TV-profil <a href=\"https:\/\/www.seher.no\/studio\/kjendisdognet-\/664?post=186783\" rel=\"nofollow noopener\" target=\"_blank\">Karsten Blomvik (31)<\/a> kunne i august r\u00f8pe at han og kj\u00e6resten Sofia J\u00f8ssang\u00a0Kerchaoui hadde blitt forlovet. Det gjorde han da han gjestet i radio-programmet \u00abL\u00f8rdagsr\u00e5det\u00bb p\u00e5 NRK P3.\u00a0<\/p>\n<p>&#8211; Sist gang jeg var her hadde jeg en samboer, n\u00e5 har jeg en forlovede, fortalte en oppr\u00f8mt Blomvik da han gjestet i radio-programmet \u00abL\u00f8rdagsr\u00e5det\u00bb p\u00e5 NRK P3. <\/p>\n<p>    <a itemprop=\"url\" href=\"https:\/\/www.seher.no\/kjendis\/roper-gladnyhet\/83776003\" rel=\"nofollow noopener\" target=\"_blank\"><\/p>\n<p>      <img loading=\"lazy\" decoding=\"async\" src=\"https:\/\/www.europesays.com\/no\/wp-content\/uploads\/2025\/10\/83776027.webp\" width=\"147\" height=\"98\" title=\"R\u00f8per gladnyhet\" alt=\"\" class=\"lazyload\" style=\"--aspect-ratio-image: 1.50; \"\/><\/p>\n<p>        R\u00f8per gladnyhet<\/p>\n<p>    <\/a><\/p>\n<p>N\u00e5r Se og H\u00f8r m\u00f8ter 31-\u00e5ringen p\u00e5 pressetreffet for den nye TV 2-satsingen \u00abHotellet\u00bb, deler han ytterligere detaljer om frieriet, samt n\u00e5r bryllupet skal finne sted.\u00a0<\/p>\n<p>        BRYTEKAMP: Konkurranseinstinktet tar fullstendig overh\u00e5nd under en konkurranse i realityprogrammet \u00abHotellet\u00bb. Video: TV 2 \/ Thea Hope \/ Kine Falch<\/p>\n<p class=\"font-weight-bold m-font-weight-bold\" data-lab-font_weight=\"font-weight-bold\">&#8211; Jeg fridde i \u00d8stmarka til verdens beste dame &#8211; og hun sa ja. Vi spiste boller, s\u00e5 p\u00e5 endene og gikk en tur i skogen. Da vi kom\u00a0hjem spiste vi vafler og fritert kylling til forlovelsesmiddag, sier han med et stort smil.\u00a0<\/p>\n<p>Like etter frieriet sendte Karsten et bilde av ringen til makker Mohammed Basefer (37), som ogs\u00e5 er hans beste venn. Svaret hans ble imidlertid ikke helt som forventet:\u00a0<\/p>\n<p>          <img loading=\"lazy\" decoding=\"async\" src=\"https:\/\/www.europesays.com\/no\/wp-content\/uploads\/2025\/10\/83776791.webp\" width=\"686\" height=\"686\" title=\"SAMMEN: Karsten her sammen med kj\u00e6resten Sofia. Foto: Andreas Fadum \/ Se og H\u00f8r\" alt=\"\" class=\"\" style=\"--aspect-ratio-image: 1.00; \"\/><\/p>\n<p>\n          SAMMEN: Karsten her sammen med kj\u00e6resten Sofia. Foto: Andreas Fadum \/ Se og H\u00f8r\n      <\/p>\n<p class=\"font-weight-normal m-font-weight-normal\" data-lab-font_weight=\"font-weight-normal\">&#8211; Han sa ikke gratulerer engang, han svarte bare: \u00abDu skulle ha gjort det i fjor, bedre sent enn aldri\u00bb, forteller Karsten, f\u00f8r Mohammed skyter inn:\u00a0\u00a0<\/p>\n<p>&#8211; Det er jo en s\u00e5 fantastisk dame, s\u00e5 han m\u00e5 bare fange henne mens han kan. Da kan man ikke vente lenger.\u00a0<\/p>\n<p>        TERNINGKAST \u00c9N: Fredag 24. oktober slapp influenser og reality-profil Cristian Brennhovd russel\u00e5ten \u00abPenger, Fitte, Cola\u00bb, som er kj\u00f8pt og betalt av russegruppa Siberia fra Asker. Dagbladets musikkanmelder Ralf Lofstad kaller sangen \u00abfor j\u00e6vlig\u00bb. Video: R\u00f8d L\u00f8per. Reporter: Christina H. Korneliussen<\/p>\n<p class=\"italic m-italic\" data-lab-italic=\"italic\">&#8211; N\u00e5r blir det bryllup?<\/p>\n<p>&#8211; Det blir nok sommeren 2027 p\u00e5 Vestlandet, og vi satser p\u00e5 at det blir i juni. Vi har ikke bestemt oss for dato helt enn\u00e5, sier Karsten, samtidig som han kommer med en avsl\u00f8ring overfor bestekompisen:\u00a0<\/p>\n<p>          <img loading=\"lazy\" decoding=\"async\" src=\"https:\/\/www.europesays.com\/no\/wp-content\/uploads\/2025\/10\/83776820.webp\" width=\"686\" height=\"488\" title=\"KOMPISER. Karsten og bestekompisen Mohammed Basefer er begge \u00e5 se i TV 2s nye storsatsing Hotellet. Foto: Andreas Fadum \/ Se og H\u00f8r\" alt=\"\" class=\"\" style=\"--aspect-ratio-image: 1.41; \"\/><\/p>\n<p>\n          KOMPISER. Karsten og bestekompisen Mohammed Basefer er begge \u00e5 se i TV 2s nye storsatsing Hotellet. Foto: Andreas Fadum \/ Se og H\u00f8r\n      <\/p>\n<p class=\"font-weight-bold m-font-weight-bold\" data-lab-font_weight=\"font-weight-bold\">&#8211; Mohammed skal v\u00e6re forlover, det f\u00e5r han vite n\u00e5. Jeg har jo enn\u00e5 ikke spurt han, men han skal ikke f\u00e5 s\u00e5 mye ansvar for planlegging og s\u00e5nn. S\u00e5 jeg har ansatt noen andre som skal f\u00e5 lov til \u00e5 gj\u00f8re det.<\/p>\n<p class=\"italic m-italic\" data-lab-italic=\"italic\">&#8211; Hvorfor f\u00e5r han ikke lov til det?<\/p>\n<p>&#8211; Fordi han har veldig ADHD, sier Karsten.\u00a0<\/p>\n<p>    <a itemprop=\"url\" href=\"https:\/\/www.seher.no\/kjendis\/frykter-for-livet-hennes\/83774165\" rel=\"nofollow noopener\" target=\"_blank\"><\/p>\n<p>      <img loading=\"lazy\" decoding=\"async\" src=\"https:\/\/www.europesays.com\/no\/wp-content\/uploads\/2025\/10\/83759676.webp\" width=\"980\" height=\"441\" title=\"Frykter for livet\" alt=\"\" class=\"lazyload\" style=\"--aspect-ratio-image: 2.22; \"\/><\/p>\n<p>        Frykter for livet<\/p>\n<p>    <\/a><\/p>\n<p>&#8211; Ja ja, jeg vet mine begrensninger. Men det betyr utrolig mye at han vil at jeg skal v\u00e6re forloveren hans, legger Mohammed til, som har t\u00e5rer i \u00f8ynene.\u00a0<\/p>\n","protected":false},"excerpt":{"rendered":"Karsten Blomvik:\u00a0 \u00abHotellet\u00bb-aktuelle Karsten Blomvik letter p\u00e5 sl\u00f8ret om frieriet, og r\u00f8per n\u00e5r bryllupet skal finne sted. GIFTER&hellip;\n","protected":false},"author":2,"featured_media":71534,"comment_status":"","ping_status":"","sticky":false,"template":"","format":"standard","meta":{"footnotes":""},"categories":[58],"tags":[183,71,5365,10000,479,2543,30,28,29,9999,10001,72],"class_list":{"0":"post-71533","1":"post","2":"type-post","3":"status-publish","4":"format-standard","5":"has-post-thumbnail","7":"category-underholdning","8":"tag-bryllup","9":"tag-entertainment","10":"tag-forlovet","11":"tag-karsten-blomvik","12":"tag-kjendis","13":"tag-kjendisdesken","14":"tag-no","15":"tag-norge","16":"tag-norway","17":"tag-nye-detaljer","18":"tag-sofia-jossang-kerchaoui","19":"tag-underholdning"},"share_on_mastodon":{"url":"https:\/\/pubeurope.com\/@no\/115447474707380594","error":""},"_links":{"self":[{"href":"https:\/\/www.europesays.com\/no\/wp-json\/wp\/v2\/posts\/71533","targetHints":{"allow":["GET"]}}],"collection":[{"href":"https:\/\/www.europesays.com\/no\/wp-json\/wp\/v2\/posts"}],"about":[{"href":"https:\/\/www.europesays.com\/no\/wp-json\/wp\/v2\/types\/post"}],"author":[{"embeddable":true,"href":"https:\/\/www.europesays.com\/no\/wp-json\/wp\/v2\/users\/2"}],"replies":[{"embeddable":true,"href":"https:\/\/www.europesays.com\/no\/wp-json\/wp\/v2\/comments?post=71533"}],"version-history":[{"count":0,"href":"https:\/\/www.europesays.com\/no\/wp-json\/wp\/v2\/posts\/71533\/revisions"}],"wp:featuredmedia":[{"embeddable":true,"href":"https:\/\/www.europesays.com\/no\/wp-json\/wp\/v2\/media\/71534"}],"wp:attachment":[{"href":"https:\/\/www.europesays.com\/no\/wp-json\/wp\/v2\/media?parent=71533"}],"wp:term":[{"taxonomy":"category","embeddable":true,"href":"https:\/\/www.europesays.com\/no\/wp-json\/wp\/v2\/categories?post=71533"},{"taxonomy":"post_tag","embeddable":true,"href":"https:\/\/www.europesays.com\/no\/wp-json\/wp\/v2\/tags?post=71533"}],"curies":[{"name":"wp","href":"https:\/\/api.w.org\/{rel}","templated":true}]}}