{"id":71543,"date":"2025-10-27T18:21:19","date_gmt":"2025-10-27T18:21:19","guid":{"rendered":"https:\/\/www.europesays.com\/no\/71543\/"},"modified":"2025-10-27T18:21:19","modified_gmt":"2025-10-27T18:21:19","slug":"saken-mot-den-siste-lorenskog-siktede-er-henlagt","status":"publish","type":"post","link":"https:\/\/www.europesays.com\/no\/71543\/","title":{"rendered":"Saken mot den siste L\u00f8renskog-siktede er henlagt"},"content":{"rendered":"<p>  Politiet har henlagt saken mot den 34 \u00e5r gamle mannen som har v\u00e6rt siktet for medvirkning til drap p\u00e5 Anne-Elisabeth Hagen.<\/p>\n<p>\n    HENLAGT: Saken mot den siste L\u00f8renskog-siktede er henlagt Foto: \u00d8rn E. Borgen \/ NTB\n  <\/p>\n<p>Saken har blitt henlagt som \u00abintet straffbart forhold anses bevist\u00bb.<\/p>\n<p>\n\u2013 Etterforskningen har vist at mistanken mot ham var feil, at det ikke var riktig av politiet \u00e5 sikte ham for forholdet. H\u00f8yere p\u00e5talemyndighet har n\u00e5 konkludert med at han er uskyldig, at han ikke har gjort det han var siktet for. Vi er tilfreds med konklusjonen, men mener den burde ha kommet f\u00f8r, sier mannens forsvarer Marius Dietrichson til <a href=\"https:\/\/www.vg.no\/nyheter\/i\/1MgewM\/henlegger-saken-mot-siste-loerenskog-siktet\" target=\"_blank\" rel=\"nofollow noopener\">VG<\/a>.<\/p>\n<p>    <a itemprop=\"url\" href=\"https:\/\/sol.no\/nyheter\/bevegelse-i-raset-pa-carl-berner\/83774379\" rel=\"nofollow noopener\" target=\"_blank\"><\/p>\n<p>      <img loading=\"lazy\" decoding=\"async\" src=\"https:\/\/www.europesays.com\/no\/wp-content\/uploads\/2025\/10\/83774390.webp\" width=\"980\" height=\"441\" title=\"Bevegelse i raset p\u00e5 Carl Berner\" alt=\"\" class=\"lazyload\" style=\"--aspect-ratio-image: 2.22; \"\/><\/p>\n<p>        Bevegelse i raset p\u00e5 Carl Berner<\/p>\n<p>sol.no<\/p>\n<p>    <\/a><\/p>\n<p>Dermed er det ikke lenger noen siktede i L\u00f8renskog-saken. <\/p>\n<p>Anne-Elisabeth Hagen forsvant 31. oktober 2018 fra hjemmet hun delte med ektemannen i Sloraveien i L\u00f8renskog utenfor Oslo. Tilbake l\u00e5 noen ytterst f\u00e5 spor, blant annet brev fra angivelige kidnappere med krav om l\u00f8sepenger. Selv om hun aldri er funnet, mener politiet at 68 \u00e5r gamle Hagen ble drept f\u00f8r hun ble fraktet bort fra huset.<\/p>\n<p>    <a itemprop=\"url\" href=\"https:\/\/sol.no\/nyheter\/salget-har-eksplodert\/83774092\" rel=\"nofollow noopener\" target=\"_blank\"><\/p>\n<p>      <img loading=\"lazy\" decoding=\"async\" src=\"https:\/\/www.europesays.com\/no\/wp-content\/uploads\/2025\/10\/83774101.webp\" width=\"980\" height=\"441\" title=\"Salget har eksplodert\" alt=\"\" class=\"lazyload\" style=\"--aspect-ratio-image: 2.22; \"\/><\/p>\n<p>        Salget har eksplodert <\/p>\n<p>sol.no<\/p>\n<p>    <\/a><\/p>\n<p>Ektemannen, milliard\u00e6r Tom Hagen, ble 28. april 2020 p\u00e5grepet og siktet for drap eller medvirkning til drap p\u00e5 kona. Han ble l\u00f8slatt etter en dr\u00f8y uke i varetekt og fikk sin siktelse henlagt i oktober i fjor.<\/p>\n","protected":false},"excerpt":{"rendered":"Politiet har henlagt saken mot den 34 \u00e5r gamle mannen som har v\u00e6rt siktet for medvirkning til drap&hellip;\n","protected":false},"author":2,"featured_media":71544,"comment_status":"","ping_status":"","sticky":false,"template":"","format":"standard","meta":{"footnotes":""},"categories":[10],"tags":[20,21,24,25,15,983,22,23,9963,13,30,28,29,14,16,26,27],"class_list":{"0":"post-71543","1":"post","2":"type-post","3":"status-publish","4":"format-standard","5":"has-post-thumbnail","7":"category-norge","8":"tag-breaking-news","9":"tag-breakingnews","10":"tag-featured-news","11":"tag-featurednews","12":"tag-headlines","13":"tag-krim","14":"tag-latest-news","15":"tag-latestnews","16":"tag-lorenskog-forsvinningen","17":"tag-news","18":"tag-no","19":"tag-norge","20":"tag-norway","21":"tag-nyheter","22":"tag-overskrifter","23":"tag-top-stories","24":"tag-topstories"},"share_on_mastodon":{"url":"https:\/\/pubeurope.com\/@no\/115447521877294954","error":""},"_links":{"self":[{"href":"https:\/\/www.europesays.com\/no\/wp-json\/wp\/v2\/posts\/71543","targetHints":{"allow":["GET"]}}],"collection":[{"href":"https:\/\/www.europesays.com\/no\/wp-json\/wp\/v2\/posts"}],"about":[{"href":"https:\/\/www.europesays.com\/no\/wp-json\/wp\/v2\/types\/post"}],"author":[{"embeddable":true,"href":"https:\/\/www.europesays.com\/no\/wp-json\/wp\/v2\/users\/2"}],"replies":[{"embeddable":true,"href":"https:\/\/www.europesays.com\/no\/wp-json\/wp\/v2\/comments?post=71543"}],"version-history":[{"count":0,"href":"https:\/\/www.europesays.com\/no\/wp-json\/wp\/v2\/posts\/71543\/revisions"}],"wp:featuredmedia":[{"embeddable":true,"href":"https:\/\/www.europesays.com\/no\/wp-json\/wp\/v2\/media\/71544"}],"wp:attachment":[{"href":"https:\/\/www.europesays.com\/no\/wp-json\/wp\/v2\/media?parent=71543"}],"wp:term":[{"taxonomy":"category","embeddable":true,"href":"https:\/\/www.europesays.com\/no\/wp-json\/wp\/v2\/categories?post=71543"},{"taxonomy":"post_tag","embeddable":true,"href":"https:\/\/www.europesays.com\/no\/wp-json\/wp\/v2\/tags?post=71543"}],"curies":[{"name":"wp","href":"https:\/\/api.w.org\/{rel}","templated":true}]}}