{"id":71569,"date":"2025-10-27T19:08:39","date_gmt":"2025-10-27T19:08:39","guid":{"rendered":"https:\/\/www.europesays.com\/no\/71569\/"},"modified":"2025-10-27T19:08:39","modified_gmt":"2025-10-27T19:08:39","slug":"linnea-lotvedt-og-anny-isabella-gar-til-kamp-mot-stig-andre-berge","status":"publish","type":"post","link":"https:\/\/www.europesays.com\/no\/71569\/","title":{"rendered":"Linnea L\u00f8tvedt og Anny Isabella g\u00e5r til kamp mot Stig-Andr\u00e9 Berge"},"content":{"rendered":"<p class=\"kicker \" style=\"\">Hotellet<\/p>\n<p>  Linnea og Anny Isabella g\u00e5r til kamp mot tidligere OL-mester i bryting.<\/p>\n<p>\n    HOTELLET: Linnea forteller at hun overrasket seg selv p\u00e5 Hotellet. Foto: Ida Bergersen\n  <\/p>\n<p>&#8211; Det var mye drama. Sykt mye drama. <\/p>\n<p>Influenser Linnea L\u00f8tvedt snakker om \u00abHotellet\u00bb &#8211; den nye<br \/>\nstorsatsningen til TV 2, hvor 11 par kjemper om \u00e5 vinne pengekofferten \u2013 og unng\u00e5<br \/>\n\u00e5 bli sendt hjem.<\/p>\n<p class=\"font-weight-bold m-font-weight-bold\" data-lab-font_weight=\"font-weight-bold\">&#8211; Det er veldig mye spill og taktikk, men likevel var det<br \/>\nskamg\u00f8y! Men jeg m\u00e5 si at det er morsommere \u00e5 se det p\u00e5 tv, enn det f\u00f8ltes da<br \/>\nvi var der \u2013 for da var det blodseri\u00f8st, sier Linnea.<\/p>\n<p class=\"italic m-italic\" data-lab-italic=\"italic\">&#8211; Er du god p\u00e5 spill?<\/p>\n<p>&#8211; Nei, men etter at jeg var med p\u00e5 \u00abHotellet\u00bb f\u00f8ler jeg at jeg<br \/>\nnailet det. Men jeg kunne ha gjort det bedre. Likevel var jeg bedre til \u00e5 lyve<br \/>\nenn jeg trodde jeg skulle v\u00e6re, for jeg hater \u00e5 lyve. Om folk stiller<br \/>\noppf\u00f8lgingssp\u00f8rsm\u00e5l til l\u00f8gnen min, er det vanskelig \u00e5 holde maska. Men jeg gikk<br \/>\nvirkelig inn i spillmodus, og da kan du ikke bry deg om hvilke t\u00e6r du tr\u00e5kker<br \/>\np\u00e5.<\/p>\n<p>          <img loading=\"lazy\" decoding=\"async\" src=\"https:\/\/www.europesays.com\/no\/wp-content\/uploads\/2025\/10\/83761504.webp\" width=\"686\" height=\"474\" title=\"Foto: Vegard Breie\" alt=\"\" class=\"\" style=\"--aspect-ratio-image: 1.45; \"\/><\/p>\n<p>\n          Foto: Vegard Breie\n      <\/p>\n<p>    <a itemprop=\"url\" href=\"https:\/\/www.kk.no\/underholdning\/genuin-skuffelse\/83730887\" rel=\"nofollow noopener\" target=\"_blank\"><\/p>\n<p>      <img loading=\"lazy\" decoding=\"async\" src=\"https:\/\/www.europesays.com\/no\/wp-content\/uploads\/2025\/10\/1761592112_606_83481631.webp\" width=\"980\" height=\"441\" title=\"- Genuin skuffelse\" alt=\"\" class=\"lazyload\" style=\"--aspect-ratio-image: 2.22; \"\/><\/p>\n<p>        &#8211; Genuin skuffelse<\/p>\n<p>    <\/a><\/p>\n<p>Blir sendt hjem\t<\/p>\n<p class=\"italic m-italic font-weight-bold m-font-weight-bold\" data-lab-italic=\"italic\" data-lab-font_weight=\"font-weight-bold\">NB: Spoiler for fredagens episode av Hotellet<\/p>\n<p>I f\u00f8rste episode m\u00e5tte Eva og Anne B. Ragde reise hjem \u2013<br \/>\nallerede f\u00f8r de hadde rukket \u00e5 sjekke inn p\u00e5 hotellet. Neste par ut ble Oskar<br \/>\nWesterlin og pappaen hans, Petter. <\/p>\n<p>Linnea er i makkerpar med influenser-venninnen Anny Isabella<br \/>\n\u00d8vrehus. I dagens episode skal deltakere ut i en konkurranse hvor de p\u00e5 forh\u00e5nd<br \/>\nf\u00e5r vite at en amulett, festet p\u00e5 en lysestake, potensielt kan gi en fordel. Linnea<br \/>\nog Anny Isabella er fast bestemt p\u00e5 \u00e5 f\u00e5 tak i den lysestaken.<\/p>\n<p>Men det er ogs\u00e5 tidligere olympisk mester i bryting, Stig-Andr\u00e9<br \/>\nBerge.<\/p>\n<p class=\"font-weight-bold m-font-weight-bold\" data-lab-font_weight=\"font-weight-bold\">&#8211; Jeg gruer meg til \u00e5 se det p\u00e5 tv, sier Linnea.<\/p>\n<p>          <img loading=\"lazy\" decoding=\"async\" src=\"https:\/\/www.europesays.com\/no\/wp-content\/uploads\/2025\/10\/83761500.webp\" width=\"686\" height=\"426\" title=\"KRIG: Anny Isabella og Linnea kjempet mot Stig-Andr\u00e9 om amuletten. Foto: TV 2\" alt=\"\" class=\"\" style=\"--aspect-ratio-image: 1.61; \"\/><\/p>\n<p>\n          KRIG: Anny Isabella og Linnea kjempet mot Stig-Andr\u00e9 om amuletten. Foto: TV 2\n      <\/p>\n<p>    <a itemprop=\"url\" href=\"https:\/\/www.kk.no\/underholdning\/dette-koster-det-a-sjekke-inn-pa-hotellet\/83750620\" rel=\"nofollow noopener\" target=\"_blank\"><\/p>\n<p>      <img loading=\"lazy\" decoding=\"async\" src=\"https:\/\/www.europesays.com\/no\/wp-content\/uploads\/2025\/10\/83750749.webp\" width=\"980\" height=\"441\" title=\"Dette koster det \u00e5 sjekke inn p\u00e5 \u00abHotellet\u00bb\" alt=\"\" class=\"lazyload\" style=\"--aspect-ratio-image: 2.22; \"\/><\/p>\n<p>        Dette koster det \u00e5 sjekke inn p\u00e5 \u00abHotellet\u00bb<\/p>\n<p>    <\/a><\/p>\n<p>&#8211; Jeg vet ikke hvor h\u00e5pet om \u00e5 vinne den kampen kom fra, men<br \/>\nvi var veldig selvsikre p\u00e5 at vi skulle f\u00e5 det til. Konkurranseinstinktet var<br \/>\ndet ikke noe \u00e5 si p\u00e5, men vi hadde jo ikke sjans. Stig-Andr\u00e9 klarte \u00e5 holde seg<br \/>\nlitt skjerpet og ikke gi alt \u2013 for han har ogs\u00e5 et voldsomt<br \/>\nkonkurranseinstinkt. Hadde han gitt alt, tror jeg vi hadde knekt en arm eller<br \/>\nbein, for jeg f\u00f8ler virkelig at jeg aldri har kriget s\u00e5 hardt i hele mitt liv,<br \/>\nler hun.<\/p>\n<p>Linnea forteller at b\u00e5de hun og Anny Isabella hadde masse<br \/>\nbl\u00e5merker etter kampen om lysestaken \u2013 som Stig-Andr\u00e9 til slutt vant.<\/p>\n<p>&#8211; Det f\u00f8ltes ut som at den kampen varte i en evighet, men den<br \/>\ngjorde nok ikke det. Jeg tror det ser veldig dumt ut, men jeg hadde s\u00e5 mye<br \/>\nadrenalin at jeg ikke tenkte over hvem vi kjempet mot.<\/p>\n<p>          <img loading=\"lazy\" decoding=\"async\" src=\"https:\/\/www.europesays.com\/no\/wp-content\/uploads\/2025\/10\/83761464.webp\" width=\"686\" height=\"879\" title=\"Foto: Ida Bergersen\" alt=\"\" class=\"\" style=\"--aspect-ratio-image: 0.78; \"\/><\/p>\n<p>\n          Foto: Ida Bergersen\n      <\/p>\n<p>    <a itemprop=\"url\" href=\"https:\/\/www.kk.no\/underholdning\/det-er-litt-tabu-men-jeg-er-stolt-av-at-jeg-star-i-det\/83755781\" rel=\"nofollow noopener\" target=\"_blank\"><\/p>\n<p>      <img loading=\"lazy\" decoding=\"async\" src=\"https:\/\/www.europesays.com\/no\/wp-content\/uploads\/2025\/10\/1761592118_253_83756665.webp\" width=\"980\" height=\"441\" title=\"- Det er litt tabu, men jeg er stolt av at jeg st\u00e5r i det\" alt=\"\" class=\"lazyload\" style=\"--aspect-ratio-image: 2.22; \"\/><\/p>\n<p>        &#8211; Det er litt tabu, men jeg er stolt av at jeg st\u00e5r i det<\/p>\n<p>    <\/a><\/p>\n<p>\u00a0Havnet bakp\u00e5<\/p>\n<p>Til slutt er det Anny Isabella og Linnea som sitter igjen<br \/>\nmed utsjekkskortet, og m\u00e5 reise hjem fra hotellet.<\/p>\n<p class=\"italic m-italic\" data-lab-italic=\"italic\">&#8211; Hva var mest utfordrende?<\/p>\n<p>&#8211; Det ble veldig fort allianser. Anny Isabella og jeg rakk knapt<br \/>\n\u00e5 blunke f\u00f8r allianser var dannet. Vi sto ganske alene, og f\u00f8lte det var umulig<br \/>\n\u00e5 komme inn i noen av alliansene. Flere av parene kjente hverandre fra f\u00f8r. Tiden<br \/>\nvi brukte p\u00e5 \u00e5 bli kjent med folk, brukte de p\u00e5 \u00e5 ta relasjonen et steg videre<br \/>\nog skape allianser, s\u00e5 vi ble hengende bakp\u00e5 helt fra start. S\u00e5 det var ingen<br \/>\nfordel.<\/p>\n<p>            <img loading=\"lazy\" decoding=\"async\" src=\"https:\/\/www.europesays.com\/no\/wp-content\/uploads\/2025\/10\/1761592119_880_81859885.webp\" width=\"196\" height=\"155\" title=\"Har du et tips?\" alt=\"\" class=\"\" style=\"--aspect-ratio-image: 1.26; \"\/><\/p>\n<p>        Har du et tips?<\/p>\n<p class=\"subtitle\">Hei, jeg heter Ida Bergersen, og er journalist i KK. Har du et tips, en historie du vil fortelle eller et felt du mener vi b\u00f8r skrive om?<\/p>\n","protected":false},"excerpt":{"rendered":"Hotellet Linnea og Anny Isabella g\u00e5r til kamp mot tidligere OL-mester i bryting. HOTELLET: Linnea forteller at hun&hellip;\n","protected":false},"author":2,"featured_media":71570,"comment_status":"","ping_status":"","sticky":false,"template":"","format":"standard","meta":{"footnotes":""},"categories":[58],"tags":[7214,71,8212,8549,30,28,29,7128,72],"class_list":{"0":"post-71569","1":"post","2":"type-post","3":"status-publish","4":"format-standard","5":"has-post-thumbnail","7":"category-underholdning","8":"tag-anny-isabella-ovrehus","9":"tag-entertainment","10":"tag-hotellet","11":"tag-linnea-lotvedt","12":"tag-no","13":"tag-norge","14":"tag-norway","15":"tag-stig-andre-berge","16":"tag-underholdning"},"share_on_mastodon":{"url":"https:\/\/pubeurope.com\/@no\/115447706988004650","error":""},"_links":{"self":[{"href":"https:\/\/www.europesays.com\/no\/wp-json\/wp\/v2\/posts\/71569","targetHints":{"allow":["GET"]}}],"collection":[{"href":"https:\/\/www.europesays.com\/no\/wp-json\/wp\/v2\/posts"}],"about":[{"href":"https:\/\/www.europesays.com\/no\/wp-json\/wp\/v2\/types\/post"}],"author":[{"embeddable":true,"href":"https:\/\/www.europesays.com\/no\/wp-json\/wp\/v2\/users\/2"}],"replies":[{"embeddable":true,"href":"https:\/\/www.europesays.com\/no\/wp-json\/wp\/v2\/comments?post=71569"}],"version-history":[{"count":0,"href":"https:\/\/www.europesays.com\/no\/wp-json\/wp\/v2\/posts\/71569\/revisions"}],"wp:featuredmedia":[{"embeddable":true,"href":"https:\/\/www.europesays.com\/no\/wp-json\/wp\/v2\/media\/71570"}],"wp:attachment":[{"href":"https:\/\/www.europesays.com\/no\/wp-json\/wp\/v2\/media?parent=71569"}],"wp:term":[{"taxonomy":"category","embeddable":true,"href":"https:\/\/www.europesays.com\/no\/wp-json\/wp\/v2\/categories?post=71569"},{"taxonomy":"post_tag","embeddable":true,"href":"https:\/\/www.europesays.com\/no\/wp-json\/wp\/v2\/tags?post=71569"}],"curies":[{"name":"wp","href":"https:\/\/api.w.org\/{rel}","templated":true}]}}