{"id":71611,"date":"2025-10-27T20:12:08","date_gmt":"2025-10-27T20:12:08","guid":{"rendered":"https:\/\/www.europesays.com\/no\/71611\/"},"modified":"2025-10-27T20:12:08","modified_gmt":"2025-10-27T20:12:08","slug":"meiningar-politikk-det-her-skal-arbeidarpartiet-levere","status":"publish","type":"post","link":"https:\/\/www.europesays.com\/no\/71611\/","title":{"rendered":"Meiningar, Politikk | Det her skal Arbeidarpartiet levere"},"content":{"rendered":"\n<p><strong>Gjett om eg blei forbanna. Gratis ferjer og sletting av studiegjeld l\u00e5g ikkje inne som avtalt i f\u00f8rste runde av statsbudsjettet. Vi gjekk p\u00e5 trynet.<\/strong><\/p>\n<p><strong>Tilbakemeldinga fr\u00e5 v\u00e5re eigne<\/strong> lokale partimedlemmer var krystallklar: Desse to sakene er det Arbeidarpartiet som skal levere, og det m\u00e5 vi gjere no.<\/p>\n<p><strong>Vi mobiliserte.<\/strong> Fr\u00e5 Sogn og Fjordane tok eg med alt fr\u00e5 nye medlemmer til etablerte ordf\u00f8rarar. Arbeidet gjekk i ufiltrerte telefonar og m\u00f8ter. Som person har eg meir enn nok av b\u00e5de feil og manglar, men eg seier det eg meiner.<\/p>\n<p><strong>Vi k\u00f8dda det til.<\/strong> D\u00e5 er det avgjerande at vi erkjenner feilen, og rydda opp.<\/p>\n<p><strong>Eg er lei meg<\/strong> for den siste veka. Det var b\u00e5de seigt og un\u00f8dvendig. Tillit er s\u00e5rbart. Eg skal jobbe hardt for \u00e5 vere den verdig.<\/p>\n<p><strong>Samstundes er eg takknemleg<\/strong> for alle v\u00e5re lokale medlemmer og folkevalde i Arbeidarpartiet som har st\u00e5tt med meg i arbeidet.<\/p>\n<p><strong>P\u00e5 tysdag fekk grasrota <\/strong>i partiet v\u00e5rt gjennomslag for b\u00e5de ferjene og sletting av studiegjeld.<\/p>\n<p>Vi sa vi skulle gjennomf\u00f8re.<\/p>\n<p><strong>Det her skal Arbeidarpartiet levere.<\/strong><\/p>\n","protected":false},"excerpt":{"rendered":"Gjett om eg blei forbanna. Gratis ferjer og sletting av studiegjeld l\u00e5g ikkje inne som avtalt i f\u00f8rste&hellip;\n","protected":false},"author":2,"featured_media":71612,"comment_status":"","ping_status":"","sticky":false,"template":"","format":"standard","meta":{"footnotes":""},"categories":[10],"tags":[36,20,21,24,25,15,22,23,1939,13,30,28,29,14,1533,16,41,8578,26,27],"class_list":{"0":"post-71611","1":"post","2":"type-post","3":"status-publish","4":"format-standard","5":"has-post-thumbnail","7":"category-norge","8":"tag-art","9":"tag-breaking-news","10":"tag-breakingnews","11":"tag-featured-news","12":"tag-featurednews","13":"tag-headlines","14":"tag-latest-news","15":"tag-latestnews","16":"tag-meiningar","17":"tag-news","18":"tag-no","19":"tag-norge","20":"tag-norway","21":"tag-nyheter","22":"tag-opinion","23":"tag-overskrifter","24":"tag-politikk","25":"tag-statsbudsjettet","26":"tag-top-stories","27":"tag-topstories"},"share_on_mastodon":{"url":"https:\/\/pubeurope.com\/@no\/115447958294310756","error":""},"_links":{"self":[{"href":"https:\/\/www.europesays.com\/no\/wp-json\/wp\/v2\/posts\/71611","targetHints":{"allow":["GET"]}}],"collection":[{"href":"https:\/\/www.europesays.com\/no\/wp-json\/wp\/v2\/posts"}],"about":[{"href":"https:\/\/www.europesays.com\/no\/wp-json\/wp\/v2\/types\/post"}],"author":[{"embeddable":true,"href":"https:\/\/www.europesays.com\/no\/wp-json\/wp\/v2\/users\/2"}],"replies":[{"embeddable":true,"href":"https:\/\/www.europesays.com\/no\/wp-json\/wp\/v2\/comments?post=71611"}],"version-history":[{"count":0,"href":"https:\/\/www.europesays.com\/no\/wp-json\/wp\/v2\/posts\/71611\/revisions"}],"wp:featuredmedia":[{"embeddable":true,"href":"https:\/\/www.europesays.com\/no\/wp-json\/wp\/v2\/media\/71612"}],"wp:attachment":[{"href":"https:\/\/www.europesays.com\/no\/wp-json\/wp\/v2\/media?parent=71611"}],"wp:term":[{"taxonomy":"category","embeddable":true,"href":"https:\/\/www.europesays.com\/no\/wp-json\/wp\/v2\/categories?post=71611"},{"taxonomy":"post_tag","embeddable":true,"href":"https:\/\/www.europesays.com\/no\/wp-json\/wp\/v2\/tags?post=71611"}],"curies":[{"name":"wp","href":"https:\/\/api.w.org\/{rel}","templated":true}]}}