{"id":71781,"date":"2025-10-28T04:25:09","date_gmt":"2025-10-28T04:25:09","guid":{"rendered":"https:\/\/www.europesays.com\/no\/71781\/"},"modified":"2025-10-28T04:25:09","modified_gmt":"2025-10-28T04:25:09","slug":"romte-fra-fengsel-ingen-spor","status":"publish","type":"post","link":"https:\/\/www.europesays.com\/no\/71781\/","title":{"rendered":"R\u00f8mte fra fengsel: Ingen spor"},"content":{"rendered":"<p class=\"kicker \" style=\"\">Bast\u00f8y fengsel:<\/p>\n<p>  Mannen som forsvant fra Bast\u00f8y fengsel natt til s\u00f8ndag ble ikke funnet etter omfattende s\u00f8k s\u00f8ndag.\u00a0<\/p>\n<p>\n    HER SKJEDDE DET: Flyfoto fra Bast\u00f8y fengsel og Bast\u00f8y kirke som er en del av fengselet. Foto: Cornelius Poppe \/ NTB\n  <\/p>\n<p>Mannen som ble meldt savnet fra Bast\u00f8y fengsel natt til s\u00f8ndag er ikke p\u00e5 \u00f8ya lenger. Det konkluderte fengselsleder Bj\u00f8rn Robert Orten Groven med etter omfattende s\u00f8k s\u00f8ndag.<\/p>\n<p>Han ansl\u00e5r at rundt 30 personer har v\u00e6rt i sving gjennom dagen. De har v\u00e6rt inne i alle rommene i de over 80 bygningene p\u00e5 \u00f8ya.<\/p>\n<p>De har ogs\u00e5 s\u00f8kt i alle bukter og viker rundt \u00f8ya med b\u00e5t. Politiet har bist\u00e5tt med to patruljer og s\u00f8kt med drone.<\/p>\n<p>&#8211; Vi har avsluttet s\u00f8ket. Til tross for stor innsats er det ikke gjort noen funn. Det er jo p\u00e5 en m\u00e5te et funn det og. Derfor har vi konkludert med at han ikke er p\u00e5 \u00f8ya, sier fengselsleder Bj\u00f8rn Robert Orten Groven ved Bast\u00f8y fengsel til Dagbladet.<\/p>\n<p>    <a itemprop=\"url\" href=\"https:\/\/www.dagbladet.no\/kjendis\/ryster-britene-flytt-na\/83772046\" rel=\"nofollow noopener\" target=\"_blank\"><\/p>\n<p>      <img loading=\"lazy\" decoding=\"async\" src=\"https:\/\/www.europesays.com\/no\/wp-content\/uploads\/2025\/10\/1761625506_554_83772057.webp\" width=\"980\" height=\"441\" title=\"Ryster britene: \u00abFlytt n\u00e5\u00bb\" alt=\"\" class=\"lazyload\" style=\"--aspect-ratio-image: 2.22; \"\/><\/p>\n<p>        Ryster britene: \u00abFlytt n\u00e5\u00bb<\/p>\n<p>    <\/a><\/p>\n<p>Etterlyst av politiet\t<\/p>\n<p>Politiet har tatt over saken og etterlyst mannen, opplyser Groven. De sitter igjen uten spor etter mannen etter \u00e5 ha lett i n\u00e6rmere ett d\u00f8gn.<\/p>\n<p>&#8211; Vi har ikke noe sikker informasjon om hvordan han kan ha forlatt \u00f8ya eller hvor han er, sier Groven.<\/p>\n<p>Han \u00f8nsker ikke \u00e5 dele ytterligere detaljer om mannens bakgrunn eller soning.\u00a0<\/p>\n<p>        FULLSTENDIG OVERTENNING: Politiet ber om tips etter at en enebolig i Oslo brant ned. Reporter: \u00d8ystein S\u00e6thre<\/p>\n<p>Norges st\u00f8rste\t<\/p>\n<p>Bast\u00f8y\u00a0fengsel det st\u00f8rste lavsikkerhetsfengselet i Norge, med kapasitet p\u00e5 115 innsatte, if\u00f8lge\u00a0<a href=\"https:\/\/www.kriminalomsorgen.no\/bastoey-fengsel.5018998-237612.html\" target=\"_blank\" rel=\"nofollow noopener\">Kriminalomsorgen<\/a>. Det er kun menn som gjennomf\u00f8rer straff p\u00e5\u00a0Bast\u00f8y.<\/p>\n<p>Fengselet, som tar imot innsatte som n\u00e6rmer seg slutten av lengre dommer, ligger p\u00e5\u00a0Bast\u00f8y\u00a0i Oslofjorden i Horten kommune. \u00d8ya fungerer som et lite lokalsamfunn med rundt 80 bygninger \u2013 med blant annet butikk, kirke, veier, strandsoner, fotballbane, skog og skole.<\/p>\n<p>    <a itemprop=\"url\" href=\"https:\/\/www.dagbladet.no\/nyheter\/et-nasjonalistisk-fascistisk-land\/83765280\" rel=\"nofollow noopener\" target=\"_blank\"><\/p>\n<p>      <img loading=\"lazy\" decoding=\"async\" src=\"https:\/\/www.europesays.com\/no\/wp-content\/uploads\/2025\/10\/1761625509_650_83765865.webp\" width=\"980\" height=\"441\" title=\"- Et nasjonalistisk, fascistisk land\" alt=\"\" class=\"lazyload\" style=\"--aspect-ratio-image: 2.22; \"\/><\/p>\n<p>        &#8211; Et nasjonalistisk, fascistisk land<\/p>\n<p>    <\/a><\/p>\n<p>De innsatte blir talt opp tre ganger hver dag og det var ved opptellingen l\u00f8rdag kveld det ble oppdaget at den savnede var borte.<\/p>\n<p class=\"italic m-italic\" data-lab-italic=\"italic\">&#8211; Kommer dere til \u00e5 gj\u00f8re noen endringer p\u00e5 sikkerhetsrutinene deres?\u00a0<\/p>\n<p>&#8211; Det gjenst\u00e5r \u00e5 se, men vi vil jo ta en evaluering i etterkant, svarer fengselsleder Groven.<\/p>\n<p class=\"italic m-italic\" data-lab-italic=\"italic\">Dagbladet fikk f\u00f8rst opplyst av fengselet at mannen var internasjonalt etterlyst. Politiet har korrigert dette: Det dreier seg om en nasjonal etterlysning.<\/p>\n","protected":false},"excerpt":{"rendered":"Bast\u00f8y fengsel: Mannen som forsvant fra Bast\u00f8y fengsel natt til s\u00f8ndag ble ikke funnet etter omfattende s\u00f8k s\u00f8ndag.\u00a0&hellip;\n","protected":false},"author":2,"featured_media":71782,"comment_status":"","ping_status":"","sticky":false,"template":"","format":"standard","meta":{"footnotes":""},"categories":[5],"tags":[20,21,24,25,15,19,2539,22,23,17,18,13,30,28,29,14,16,26,27],"class_list":{"0":"post-71781","1":"post","2":"type-post","3":"status-publish","4":"format-standard","5":"has-post-thumbnail","7":"category-overskrifter","8":"tag-breaking-news","9":"tag-breakingnews","10":"tag-featured-news","11":"tag-featurednews","12":"tag-headlines","13":"tag-hovedoppslag","14":"tag-innenriks","15":"tag-latest-news","16":"tag-latestnews","17":"tag-main-news","18":"tag-mainnews","19":"tag-news","20":"tag-no","21":"tag-norge","22":"tag-norway","23":"tag-nyheter","24":"tag-overskrifter","25":"tag-top-stories","26":"tag-topstories"},"share_on_mastodon":{"url":"https:\/\/pubeurope.com\/@no\/115449896922466418","error":""},"_links":{"self":[{"href":"https:\/\/www.europesays.com\/no\/wp-json\/wp\/v2\/posts\/71781","targetHints":{"allow":["GET"]}}],"collection":[{"href":"https:\/\/www.europesays.com\/no\/wp-json\/wp\/v2\/posts"}],"about":[{"href":"https:\/\/www.europesays.com\/no\/wp-json\/wp\/v2\/types\/post"}],"author":[{"embeddable":true,"href":"https:\/\/www.europesays.com\/no\/wp-json\/wp\/v2\/users\/2"}],"replies":[{"embeddable":true,"href":"https:\/\/www.europesays.com\/no\/wp-json\/wp\/v2\/comments?post=71781"}],"version-history":[{"count":0,"href":"https:\/\/www.europesays.com\/no\/wp-json\/wp\/v2\/posts\/71781\/revisions"}],"wp:featuredmedia":[{"embeddable":true,"href":"https:\/\/www.europesays.com\/no\/wp-json\/wp\/v2\/media\/71782"}],"wp:attachment":[{"href":"https:\/\/www.europesays.com\/no\/wp-json\/wp\/v2\/media?parent=71781"}],"wp:term":[{"taxonomy":"category","embeddable":true,"href":"https:\/\/www.europesays.com\/no\/wp-json\/wp\/v2\/categories?post=71781"},{"taxonomy":"post_tag","embeddable":true,"href":"https:\/\/www.europesays.com\/no\/wp-json\/wp\/v2\/tags?post=71781"}],"curies":[{"name":"wp","href":"https:\/\/api.w.org\/{rel}","templated":true}]}}