{"id":71913,"date":"2025-10-28T08:30:14","date_gmt":"2025-10-28T08:30:14","guid":{"rendered":"https:\/\/www.europesays.com\/no\/71913\/"},"modified":"2025-10-28T08:30:14","modified_gmt":"2025-10-28T08:30:14","slug":"dn-beklager-etter-lorry-krangel","status":"publish","type":"post","link":"https:\/\/www.europesays.com\/no\/71913\/","title":{"rendered":"DN: Beklager etter Lorry-krangel"},"content":{"rendered":"\n<p class=\"_lead_o9xde_2 _lead_xtcu6_50 layout-component text-serif-m layout-normal text-serif-l layout-component layout-wide layout-padded _wide_17hqh_1 layout-padded\">H\u00f8yre-politiker Nikolai Astrup skal ha hyttet med neven mot politisk redakt\u00f8r Eirik Mosveen. <\/p>\n<p><img alt=\"H\u00f8yre-politiker Nikolai Astrup.  Foto: G\u00f8ran Bohlin \/ VG\" class=\"_image_qp4xg_65 layout-component layout-wide\" data-fullscreen- data-track-element-type=\"Article image fullscreen\" data-track-name=\"ImageFullscreen\" fetchpriority=\"high\" decoding=\"sync\" loading=\"eager\" height=\"5504\" itemprop=\"image\"  src=\"https:\/\/www.europesays.com\/no\/wp-content\/uploads\/2025\/10\/4cc032ac-d859-4792-89f4-9658e6928a99\"  style=\"object-position:0% 0%\" width=\"8256\"\/>H\u00f8yre-politiker Nikolai Astrup.  Foto: G\u00f8ran Bohlin \/ VG<\/p>\n<ul aria-hidden=\"true\" class=\"_images_18f0k_111\">\n<li><a class=\"_link_18f0k_116\" href=\"https:\/\/www.vg.no\/forfatter\/bendik-hansen\" style=\"z-index:1\" title=\"Bendik Hansen\" rel=\"nofollow noopener\" target=\"_blank\"><img alt=\"Bilde av Bendik Hansen\" class=\"_image_18f0k_93\" fetchpriority=\"low\" loading=\"lazy\" decoding=\"async\" itemprop=\"image\"  src=\"https:\/\/www.europesays.com\/no\/wp-content\/uploads\/2025\/10\/1761640214_821_236bc5a3-2236-4046-b957-81f29d024aa6\"  width=\"480\"\/><\/a><\/li>\n<\/ul>\n<p> Oppdatert mandag 27. oktober kl. 22:06    <\/p>\n<ul class=\"_list_o9xde_3 _list_64s2r_85 _unordered_o9xde_106 text-sans-m\">\n<li class=\"_item_o9xde_30\">H\u00f8yre-politiker Nikolai Astrup skal ha hyttet med neven mot politisk redakt\u00f8r Eirik Mosveen.<\/li>\n<li class=\"_item_o9xde_30\">Hendelsen skjedde etter stortingspolitikernes slottsmiddag.<\/li>\n<li class=\"_item_o9xde_30\">Astrup skal ha blitt sint p\u00e5 grunn av en politisk kommentar skrevet av Mosveen f\u00f8r valget.<\/li>\n<li class=\"_item_o9xde_30\">Astrup sier at de to gjorde opp samme kveld.<\/li>\n<li class=\"_item_o9xde_30\">Mosveen bekrefter at Astrup har gitt en uforbeholden beklagelse, som han aksepterte.<\/li>\n<\/ul>\n<p>Vis mer <\/p>\n<p class=\"_paragraph_o9xde_4 _paragraph_xtcu6_10 layout-component text-serif-m layout-normal text-serif-m layout-padded\">Det skriver <a href=\"https:\/\/www.dn.no\/politikk\/nikolai-astrup-beklaget-etter-lorry-episode-hyttet-med-neven-mot-redaktor\/2-1-1891551\" class=\"_link_o9xde_39\" rel=\"nofollow noopener\" target=\"_blank\">Dagens N\u00e6ringsliv<\/a>. <\/p>\n<p class=\"_paragraph_o9xde_4 _paragraph_xtcu6_10 layout-component text-serif-m layout-normal text-serif-m layout-padded\">Hendelsen skal ha skjedd etter stortingspolitikernes slottsmiddag forrige uke. Da er det tradisjon for at de folkevalgte rusler gjennom Slottsparken og bort til restauranten Lorry. <\/p>\n<p class=\"_paragraph_o9xde_4 _paragraph_xtcu6_10 layout-component text-serif-m layout-normal text-serif-m layout-padded\">If\u00f8lge kilder avisen har snakket med skal politisk redakt\u00f8r i Avisa Oslo, Eirik Mosveen, ha blitt invitert bort til bordet der H\u00f8yre-toppen satt. Der skal Astrup ha skjelt ut Mosveen for <a href=\"https:\/\/www.ao.no\/ingen-slagord-bare-seks-millioner-i-skattelette-til-nikolai-astrup\/o\/5-128-1117474?ns_campaign=editorial.pushalert&amp;pushalert_publication=avisao&amp;pushalert_premium=false&amp;pushalert_messageId=43e11756469738203T5-128-1117474\" class=\"_link_o9xde_39\" rel=\"nofollow noopener\" target=\"_blank\">en politisk kommentar<\/a> fra f\u00f8r valget, der redakt\u00f8ren skrev: <\/p>\n<p class=\"_paragraph_o9xde_4 _paragraph_xtcu6_10 layout-component text-serif-m layout-normal text-serif-m layout-padded\">\u00abHvis borgerlig side vinner valget 8. september, vil H\u00f8yres annenkandidat i Oslo<br \/>f\u00e5 500 ganger mer i skattelette enn han vil gi deg.\u00bb<\/p>\n<p><img alt=\"Det er tradisjon for at stortingspolitikerne rusler videre fra slottsmiddagen og til nachspiel p\u00e5 utestedet Lorry.   Foto: Fredrik Solstad \/ VG\" class=\"_image_qp4xg_65 layout-component layout-normal\" data-fullscreen- data-track-element-type=\"Article image fullscreen\" data-track-name=\"ImageFullscreen\" decoding=\"async\" loading=\"lazy\" height=\"3648\" itemprop=\"image\"  src=\"https:\/\/www.europesays.com\/no\/wp-content\/uploads\/2025\/10\/6ac1cbc2-44bf-4d8c-9f69-da30279d728e\"  style=\"object-position:0% 0%\" width=\"5472\"\/>Det er tradisjon for at stortingspolitikerne rusler videre fra slottsmiddagen og til nachspiel p\u00e5 utestedet Lorry.   Foto: Fredrik Solstad \/ VG<\/p>\n<p class=\"_paragraph_o9xde_4 _paragraph_xtcu6_10 layout-component text-serif-m layout-normal text-serif-m layout-padded\">If\u00f8lge DN skal Mosveen ha forsvart seg mot p\u00e5stander om at han i kommentaren impliserte at Astrup har g\u00e5tt inn i politikken for \u00e5 berike seg selv. <\/p>\n<p class=\"_paragraph_o9xde_4 _paragraph_xtcu6_10 layout-component text-serif-m layout-normal text-serif-m layout-padded\">P\u00e5 et tidspunkt skal det ha eskalert, if\u00f8lge avisen. <\/p>\n<p class=\"_paragraph_o9xde_4 _paragraph_xtcu6_10 layout-component text-serif-m layout-normal text-serif-m layout-padded\"><strong class=\"_strong_o9xde_25\">If\u00f8lge DNs kilder skal Astrup ha hyttet med knyttneven opp i ansiktet p\u00e5 Mosveen. Ogs\u00e5 Avisa Oslos redakt\u00f8r Eirik Hoff Lysholm har <a href=\"https:\/\/www.ao.no\/derfor-er-det-overhodet-ikke-greit-at-nikolai-astrup-hevet-knyttneven-mot-eirik-mosveen\/o\/5-128-1178189\" class=\"_link_o9xde_39\" rel=\"nofollow noopener\" target=\"_blank\">kommentert hendelsen og knyttneven<\/a>.<\/strong><\/p>\n<p class=\"_paragraph_o9xde_4 _paragraph_xtcu6_10 layout-component text-serif-m layout-normal text-serif-m layout-padded\">DN har v\u00e6rt i kontakt med Astrup som sier at han og Mosveen gjorde opp allerede samme kveld. Til avisen sier han at de ogs\u00e5 hadde en hyggelig prat dagen etter, og at han ikke har noe usagt med Mosveen n\u00e5. <\/p>\n<p class=\"_paragraph_o9xde_4 _paragraph_xtcu6_10 layout-component text-serif-m layout-normal layout-padded\"><strong class=\"_strong_o9xde_25\">Les ogs\u00e5:<\/strong> <a href=\"https:\/\/www.vg.no\/i\/PpW0aJ\" data-track-element-type=\"Link\" data-track-id=\"link:PpW0aJ\" class=\"_link_o9xde_39\" rel=\"nofollow noopener\" target=\"_blank\">St\u00f8re: \u2013 Kongen er helt konge<\/a><\/p>\n<p class=\"_paragraph_o9xde_4 _paragraph_xtcu6_10 layout-component text-serif-m layout-normal text-serif-m layout-padded\">Mosveen bekrefter til DN at Astrup ringte ham morgenen etter. <\/p>\n<p class=\"_paragraph_o9xde_4 _paragraph_xtcu6_10 layout-component text-serif-m layout-normal text-serif-m layout-padded\">\u2013 Astrup kom i samtalen med en uforbeholden og grundig beklagelse, sier Mosveen til DN. Han aksepterte beklagelsen. <\/p>\n","protected":false},"excerpt":{"rendered":"H\u00f8yre-politiker Nikolai Astrup skal ha hyttet med neven mot politisk redakt\u00f8r Eirik Mosveen. H\u00f8yre-politiker Nikolai Astrup. Foto: G\u00f8ran&hellip;\n","protected":false},"author":2,"featured_media":71914,"comment_status":"","ping_status":"","sticky":false,"template":"","format":"standard","meta":{"footnotes":""},"categories":[10],"tags":[20,21,982,24,25,15,1213,22,23,13,504,30,28,29,14,16,41,26,27],"class_list":{"0":"post-71913","1":"post","2":"type-post","3":"status-publish","4":"format-standard","5":"has-post-thumbnail","7":"category-norge","8":"tag-breaking-news","9":"tag-breakingnews","10":"tag-dagens-naeringsliv","11":"tag-featured-news","12":"tag-featurednews","13":"tag-headlines","14":"tag-hoyre-h","15":"tag-latest-news","16":"tag-latestnews","17":"tag-news","18":"tag-nikolai-astrup","19":"tag-no","20":"tag-norge","21":"tag-norway","22":"tag-nyheter","23":"tag-overskrifter","24":"tag-politikk","25":"tag-top-stories","26":"tag-topstories"},"share_on_mastodon":{"url":"https:\/\/pubeurope.com\/@no\/115450860306913619","error":""},"_links":{"self":[{"href":"https:\/\/www.europesays.com\/no\/wp-json\/wp\/v2\/posts\/71913","targetHints":{"allow":["GET"]}}],"collection":[{"href":"https:\/\/www.europesays.com\/no\/wp-json\/wp\/v2\/posts"}],"about":[{"href":"https:\/\/www.europesays.com\/no\/wp-json\/wp\/v2\/types\/post"}],"author":[{"embeddable":true,"href":"https:\/\/www.europesays.com\/no\/wp-json\/wp\/v2\/users\/2"}],"replies":[{"embeddable":true,"href":"https:\/\/www.europesays.com\/no\/wp-json\/wp\/v2\/comments?post=71913"}],"version-history":[{"count":0,"href":"https:\/\/www.europesays.com\/no\/wp-json\/wp\/v2\/posts\/71913\/revisions"}],"wp:featuredmedia":[{"embeddable":true,"href":"https:\/\/www.europesays.com\/no\/wp-json\/wp\/v2\/media\/71914"}],"wp:attachment":[{"href":"https:\/\/www.europesays.com\/no\/wp-json\/wp\/v2\/media?parent=71913"}],"wp:term":[{"taxonomy":"category","embeddable":true,"href":"https:\/\/www.europesays.com\/no\/wp-json\/wp\/v2\/categories?post=71913"},{"taxonomy":"post_tag","embeddable":true,"href":"https:\/\/www.europesays.com\/no\/wp-json\/wp\/v2\/tags?post=71913"}],"curies":[{"name":"wp","href":"https:\/\/api.w.org\/{rel}","templated":true}]}}