{"id":71919,"date":"2025-10-28T08:36:11","date_gmt":"2025-10-28T08:36:11","guid":{"rendered":"https:\/\/www.europesays.com\/no\/71919\/"},"modified":"2025-10-28T08:36:11","modified_gmt":"2025-10-28T08:36:11","slug":"avdekker-nye-forbrytelser-umenneskelig","status":"publish","type":"post","link":"https:\/\/www.europesays.com\/no\/71919\/","title":{"rendered":"Avdekker nye forbrytelser: &#8211; Umenneskelig"},"content":{"rendered":"<p class=\"kicker \" style=\"\">FN-granskning:<\/p>\n<p>  Russland har beg\u00e5tt nye forbrytelser mot menneskeheten med vedvarende droneangrep rettet mot sivile i Ukraina, viser en FN-st\u00f8ttet gransking mandag.<\/p>\n<p>\n    Russlands president Vladimir Putin. Foto: Vladimir Smirnov \/ AP \/ NTB\n  <\/p>\n<p>Angrepene har drevet folk p\u00e5 flukt i de ukrainskkontrollerte delene av landet, skriver FNs uavhengige internasjonale granskingskommisjon for Ukraina.<\/p>\n<p>I tillegg sier kommisjonen at Russland har beg\u00e5tt krigsforbrytelser i form av deportering og overf\u00f8ring av sivile fra okkuperte omr\u00e5der i regionen Zaporizjzja.<\/p>\n<p>    <a itemprop=\"url\" href=\"https:\/\/sol.no\/nyheter\/kaller-russisk-missiltest-upassende\/83773967\" rel=\"nofollow noopener\" target=\"_blank\"><\/p>\n<p>      <img loading=\"lazy\" decoding=\"async\" src=\"https:\/\/www.europesays.com\/no\/wp-content\/uploads\/2025\/10\/1761640569_109_83773972.webp\" width=\"980\" height=\"441\" title=\"Kaller russisk missiltest \u00abupassende\u00bb\" alt=\"\" class=\"lazyload\" style=\"--aspect-ratio-image: 2.22; \"\/><\/p>\n<p>        Kaller russisk missiltest \u00abupassende\u00bb<\/p>\n<p>sol.no<\/p>\n<p>    <\/a><\/p>\n<p>\u2013 Russiske myndigheter har systematisk samordnet innsatsen for \u00e5 drive ukrainske sivile ut fra omr\u00e5dene de bor i, gjennom droneangrep, i tillegg til deportasjoner og overf\u00f8ringer, heter det i granskingen som ble lagt fram mandag.<\/p>\n<p>300 kilometer\t<\/p>\n<p>Kommisjonen, som ble etablerte kort tid etter Russlands fullskalainvasjon i februar 2022, har ogs\u00e5 kommet fram til at Russland har \u00abbeg\u00e5tt forbrytelser mot menneskeheten i form av drap\u00bb over langt st\u00f8rre omr\u00e5der enn det som tidligere er fastsl\u00e5tt.<\/p>\n<p>          <img loading=\"lazy\" decoding=\"async\" src=\"https:\/\/www.europesays.com\/no\/wp-content\/uploads\/2025\/10\/83778403.webp\" width=\"980\" height=\"559\" title=\"Denne boligblokken i Zaporizjzja er ett av mange sivile m\u00e5l i Ukraina som er rammet av russiske angrep. Arkivfoto: Kateryna Klochko \/ AP \/ NTB\" alt=\"\" class=\"\" style=\"--aspect-ratio-image: 1.75; \"\/><\/p>\n<p>\n          Denne boligblokken i Zaporizjzja er ett av mange sivile m\u00e5l i Ukraina som er rammet av russiske angrep. Arkivfoto: Kateryna Klochko \/ AP \/ NTB\n      <\/p>\n<p>\u2013 De har ogs\u00e5 beg\u00e5tt krigsforbrytelsen \u00e5 m\u00e5lrettet angripe sivile personer og objekter og gjennom umenneskelig behandling.<\/p>\n<p>I mai fastslo kommisjonen at Russlands flere m\u00e5neder med droneangrep mot langs en 100 kilometer lang strekning av elven Dnipro i Kherson-regionen utgj\u00f8r drap som forbrytelser mot menneskeheten.<\/p>\n<p>Fem m\u00e5neder senere sier kommisjonen at denne konklusjonen ogs\u00e5 gjelder en 300 kilometer lang strekning gjennom regionene Kherson, Dnipropetrovsk og Mykolajiv.<\/p>\n<p>\u2013 I over ett \u00e5r har Russlands v\u00e6pnede styrker rettet droneangrep mot en lang rekke sivile m\u00e5l, inkludert mennesker, hus og bygninger, humanit\u00e6re distribusjonspunkter og kritiske energiinfrastruktur, heter det i den nye rapporten.<\/p>\n<p>          <img loading=\"lazy\" decoding=\"async\" src=\"https:\/\/www.europesays.com\/no\/wp-content\/uploads\/2025\/10\/83778399.webp\" width=\"980\" height=\"559\" title=\"EN FN-rapport sier vedvarende russiske angrep mot sivile i Ukraina er en forbrytelse mot menneskeheten. Arkivfoto: Kateryna Klochko \/ AP \/ NTB\" alt=\"\" class=\"\" style=\"--aspect-ratio-image: 1.75; \"\/><\/p>\n<p>\n          EN FN-rapport sier vedvarende russiske angrep mot sivile i Ukraina er en forbrytelse mot menneskeheten. Arkivfoto: Kateryna Klochko \/ AP \/ NTB\n      <\/p>\n<p>Anerkjennes ikke av Russland\t<\/p>\n<p>Kommisjonen p\u00e5peker at angrepene har tvunget tusener p\u00e5 flukt.<\/p>\n<p>\u2013 De har til og med rammet n\u00f8detatene, inkludert ambulansepersonell og brannmannskaper, tross tydelig merking av kj\u00f8ret\u00f8yene deres.<\/p>\n<p>Rapporten skal legges fram for FN i New York mandag. Russland anerkjenner ikke kommisjonen og svarer ikke p\u00e5 foresp\u00f8rsler om tilgang, informasjon og m\u00f8ter.<\/p>\n","protected":false},"excerpt":{"rendered":"FN-granskning: Russland har beg\u00e5tt nye forbrytelser mot menneskeheten med vedvarende droneangrep rettet mot sivile i Ukraina, viser en&hellip;\n","protected":false},"author":2,"featured_media":71920,"comment_status":"","ping_status":"","sticky":false,"template":"","format":"standard","meta":{"footnotes":""},"categories":[12],"tags":[20,21,24,25,332,15,22,23,13,30,28,29,14,16,26,27,2002,42,186,488,43,44,45],"class_list":{"0":"post-71919","1":"post","2":"type-post","3":"status-publish","4":"format-standard","5":"has-post-thumbnail","7":"category-verden","8":"tag-breaking-news","9":"tag-breakingnews","10":"tag-featured-news","11":"tag-featurednews","12":"tag-fn","13":"tag-headlines","14":"tag-latest-news","15":"tag-latestnews","16":"tag-news","17":"tag-no","18":"tag-norge","19":"tag-norway","20":"tag-nyheter","21":"tag-overskrifter","22":"tag-top-stories","23":"tag-topstories","24":"tag-ukraina-krigen","25":"tag-verden","26":"tag-vladimir-putin","27":"tag-volodymyr-zelenskyj","28":"tag-world","29":"tag-world-news","30":"tag-worldnews"},"share_on_mastodon":{"url":"https:\/\/pubeurope.com\/@no\/115450884035686485","error":""},"_links":{"self":[{"href":"https:\/\/www.europesays.com\/no\/wp-json\/wp\/v2\/posts\/71919","targetHints":{"allow":["GET"]}}],"collection":[{"href":"https:\/\/www.europesays.com\/no\/wp-json\/wp\/v2\/posts"}],"about":[{"href":"https:\/\/www.europesays.com\/no\/wp-json\/wp\/v2\/types\/post"}],"author":[{"embeddable":true,"href":"https:\/\/www.europesays.com\/no\/wp-json\/wp\/v2\/users\/2"}],"replies":[{"embeddable":true,"href":"https:\/\/www.europesays.com\/no\/wp-json\/wp\/v2\/comments?post=71919"}],"version-history":[{"count":0,"href":"https:\/\/www.europesays.com\/no\/wp-json\/wp\/v2\/posts\/71919\/revisions"}],"wp:featuredmedia":[{"embeddable":true,"href":"https:\/\/www.europesays.com\/no\/wp-json\/wp\/v2\/media\/71920"}],"wp:attachment":[{"href":"https:\/\/www.europesays.com\/no\/wp-json\/wp\/v2\/media?parent=71919"}],"wp:term":[{"taxonomy":"category","embeddable":true,"href":"https:\/\/www.europesays.com\/no\/wp-json\/wp\/v2\/categories?post=71919"},{"taxonomy":"post_tag","embeddable":true,"href":"https:\/\/www.europesays.com\/no\/wp-json\/wp\/v2\/tags?post=71919"}],"curies":[{"name":"wp","href":"https:\/\/api.w.org\/{rel}","templated":true}]}}