{"id":71923,"date":"2025-10-28T08:38:12","date_gmt":"2025-10-28T08:38:12","guid":{"rendered":"https:\/\/www.europesays.com\/no\/71923\/"},"modified":"2025-10-28T08:38:12","modified_gmt":"2025-10-28T08:38:12","slug":"mann-35-tiltalt-for-drapet-pa-linea-20-nekter-straffskyld","status":"publish","type":"post","link":"https:\/\/www.europesays.com\/no\/71923\/","title":{"rendered":"Mann (35) tiltalt for drapet p\u00e5 Linea (20): Nekter straffskyld"},"content":{"rendered":"\n<p class=\"_lead_o9xde_2 _lead_xtcu6_50 layout-component text-serif-m layout-normal text-serif-l layout-component layout-wide layout-padded _wide_17hqh_1 layout-padded\">Mandag formiddag ble det spilt av en dramatisk n\u00f8dsamtale fra Lineas nabo. \u00abHan sa det svartnet for han\u00bb, sa naboen i samtalen. <\/p>\n<p><img alt=\"Linea Bj\u00f8rnnes.  Foto: Privat\" class=\"_image_qp4xg_65 layout-component layout-wide\" data-fullscreen- data-track-element-type=\"Article image fullscreen\" data-track-name=\"ImageFullscreen\" fetchpriority=\"high\" decoding=\"sync\" loading=\"eager\" height=\"1325\" itemprop=\"image\"  src=\"https:\/\/www.europesays.com\/no\/wp-content\/uploads\/2025\/10\/1761640688_332_1230ed2c-15dc-407c-9f59-9d2a1219a0ea\"  style=\"object-position:0% 0%\" width=\"954\"\/>Linea Bj\u00f8rnnes.  Foto: Privat<\/p>\n<ul aria-hidden=\"true\" class=\"_images_18f0k_111\">\n<li><a class=\"_link_18f0k_116\" href=\"https:\/\/www.vg.no\/forfatter\/emma-fondenes-oevreboe\" style=\"z-index:1\" title=\"Emma Fondenes \u00d8vreb\u00f8\" rel=\"nofollow noopener\" target=\"_blank\"><img alt=\"Bilde av Emma Fondenes \u00d8vreb\u00f8\" class=\"_image_18f0k_93\" fetchpriority=\"low\" loading=\"lazy\" decoding=\"async\" itemprop=\"image\"  src=\"https:\/\/www.europesays.com\/no\/wp-content\/uploads\/2025\/10\/1761640689_403_a3715f19-7e77-4fbf-b20f-7d6f5cb479de\"  width=\"480\"\/><\/a><\/li>\n<\/ul>\n<p>Rapporterer fra Trondheim tinghus Oppdatert tirsdag 28. oktober kl. 09:37     <\/p>\n<p class=\"_paragraph_o9xde_4 _paragraph_xtcu6_10 layout-component text-serif-m layout-normal text-serif-m layout-padded\">Det var onsdag 18. desember i fjor at Linea Bj\u00f8rnnes (20) ble erkl\u00e6rt d\u00f8d p\u00e5 St. Olavs hospital i Trondheim. Dagen f\u00f8r ble hun funnet livl\u00f8s p\u00e5 gulvet i sitt eget hjem.<\/p>\n<p class=\"_paragraph_o9xde_4 _paragraph_xtcu6_10 layout-component text-serif-m layout-normal text-serif-m layout-padded\">En mann (35) er tiltalt for drapet, og skal mandag gi sin forklaring i Tr\u00f8ndelag tingrett i Trondheim. <\/p>\n<p class=\"_paragraph_o9xde_4 _paragraph_xtcu6_10 layout-component text-serif-m layout-normal text-serif-m layout-padded\">\u2013 Erkjenner du straffskyld etter tiltalen?<\/p>\n<p class=\"_paragraph_o9xde_4 _paragraph_xtcu6_10 layout-component text-serif-m layout-normal text-serif-m layout-padded\">\u2013 Nei, svarte mannen.<\/p>\n<p class=\"_paragraph_o9xde_4 _paragraph_xtcu6_10 layout-component text-serif-m layout-normal text-serif-m layout-padded\">Kort tid senere ble det spilt av en n\u00f8dsamtale fra Lineas nabo fra den 17. desember i fjor. <\/p>\n<p class=\"_paragraph_o9xde_4 _paragraph_xtcu6_10 layout-component text-serif-m layout-normal text-serif-m layout-padded\">\u00abHan ba meg komme over, skal jeg g\u00e5 over for \u00e5 se? Dere m\u00e5 komme fort\u00bb, forteller naboen, som sier at mannen har kommet bort til han.  <\/p>\n<p class=\"_paragraph_o9xde_4 _paragraph_xtcu6_10 layout-component text-serif-m layout-normal text-serif-m layout-padded\">\u00abHan sa at det svartnet for han og at det ikke var noe puls p\u00e5 henne\u00bb. <\/p>\n<p class=\"_paragraph_o9xde_4 _paragraph_xtcu6_10 layout-component text-serif-m layout-normal text-serif-m layout-padded\">Mannen g\u00e5r inn i Lineas leilighet, og pr\u00f8ver \u00e5 f\u00e5 liv i henne og gjennomf\u00f8re hjerte- og lungeredning. <\/p>\n<p><img alt=\"Lineas mor, Therese Bj\u00f8rnnes, i Tr\u00f8ndelag tingrett i Trondheim.  Foto: Emma Fondenes \u00d8vreb\u00f8 \/ VG\" class=\"_image_qp4xg_65 layout-component layout-normal\" data-fullscreen- data-track-element-type=\"Article image fullscreen\" data-track-name=\"ImageFullscreen\" decoding=\"async\" loading=\"lazy\" height=\"3512\" itemprop=\"image\"  src=\"https:\/\/www.europesays.com\/no\/wp-content\/uploads\/2025\/10\/a396e2cd-f249-44d4-ac28-14a0553bf44f\"  style=\"object-position:0% 0%\" width=\"4214\"\/>Lineas mor, Therese Bj\u00f8rnnes, i Tr\u00f8ndelag tingrett i Trondheim.  Foto: Emma Fondenes \u00d8vreb\u00f8 \/ VG<\/p>\n<p class=\"_paragraph_o9xde_4 _paragraph_xtcu6_10 layout-component text-serif-m layout-normal text-serif-m layout-padded\">Mannens forsvarer, Kjell Myrland, har tidligere opplyst til VG at mannen har sagt at han f\u00f8ler seg ansvarlig for at Linea er d\u00f8d, men at han ikke hadde tatt formelt stilling til siktelsen.<\/p>\n<p class=\"_paragraph_o9xde_4 _paragraph_xtcu6_10 layout-component text-serif-m layout-normal text-serif-m layout-padded\">Linea d\u00f8de som f\u00f8lge av oksygenmangel i hjernen, if\u00f8lge tiltalen fra statsadvokaten. Mannen skal ha kvelt henne med et skjerf og toalettpapir.<\/p>\n<p class=\"_paragraph_o9xde_4 _paragraph_xtcu6_10 layout-component text-serif-m layout-normal text-serif-m layout-padded\">Aktor og statsadvokat Kaia Strandjord starter sitt innledningsforedrag med \u00e5 referere fra tiltalen. <\/p>\n<p class=\"_paragraph_o9xde_4 _paragraph_xtcu6_10 layout-component text-serif-m layout-normal text-serif-m layout-padded\">\u2013 Lufteveiene ble blokkert og hun mistet bevisstheten. Cirka ti timer etterp\u00e5 d\u00f8de Bj\u00f8rnnes p\u00e5 sykehuset som f\u00f8lge av oksygenmangel til hjernen, sier Strandjord. <\/p>\n<p><img alt=\"Linea sin gravstein.   Foto: Line M\u00f8ller \/ VG\" class=\"_image_qp4xg_65 layout-component layout-normal\" data-fullscreen- data-track-element-type=\"Article image fullscreen\" data-track-name=\"ImageFullscreen\" decoding=\"async\" loading=\"lazy\" height=\"5504\" itemprop=\"image\"  src=\"https:\/\/www.europesays.com\/no\/wp-content\/uploads\/2025\/10\/1761640690_302_0ead7095-3b4d-4772-b973-3fd99f082b4e\"  style=\"object-position:0% 0%\" width=\"8256\"\/>Linea sin gravstein.   Foto: Line M\u00f8ller \/ VG<\/p>\n<p class=\"_paragraph_o9xde_4 _paragraph_xtcu6_10 layout-component text-serif-m layout-normal text-serif-m layout-padded\">Hun mener sp\u00f8rsm\u00e5let om tilregnelighettilregnelighetDen som ikke er strafferettslig tilregnelig, har ikke skyldevne, som er en grunnleggende forutsetning for straffeansvar og straff.  mener aktoratet st\u00e5r sentralt i saken.<\/p>\n<p class=\"_paragraph_o9xde_4 _paragraph_xtcu6_10 layout-component text-serif-m layout-normal text-serif-m layout-padded\">\u2013 Retten m\u00e5 observere og f\u00f8lge med p\u00e5 tiltalte for det er domstolen som skal si noe om det til slutt. Er det en handling som er gjort under rusp\u00e5virkning, er det en handling som er gjort under sykdom, den type sp\u00f8rsm\u00e5l m\u00e5 dere stille dere selv. <\/p>\n<ul class=\"_list_o9xde_3 _list_xtcu6_9 _unordered_o9xde_106 layout-component text-serif-m layout-normal text-serif-m layout-padded\">\n<li class=\"_item_o9xde_30\"><strong class=\"_strong_o9xde_25\">Les del av Lineas historie <a href=\"https:\/\/www.vg.no\/nyheter\/i\/wg7ryP\/da-linea-19-slipper-ut-av-fengsel-skal-hun-for-foerste-gang-bo-for-seg-selv-hvordan-skal-hun-komme-til-hektene-i-blokka-i-stjoerdal\" data-track-element-type=\"Link\" data-track-id=\"link:wg7ryP\" class=\"_link_o9xde_39\" rel=\"nofollow noopener\" target=\"_blank\">her<\/a><\/strong><\/li>\n<\/ul>\n<p class=\"_paragraph_o9xde_4 _paragraph_xtcu6_10 layout-component text-serif-m layout-normal text-serif-m layout-padded\">Foreldrene og s\u00f8strene er til stede under rettssaken, som varer til fredag. <\/p>\n<p class=\"_paragraph_o9xde_4 _paragraph_xtcu6_10 layout-component text-serif-m layout-normal text-serif-m layout-padded\">Den n\u00e5 drapstiltalte mannen har tidligere hatt<a href=\"https:\/\/www.vg.no\/nyheter\/i\/8q7X7G\/stjoerdal-mann-siktet-for-drap-har-tidligere-hatt-besoeksforbud-mot-avdoede\" data-track-element-type=\"Link\" data-track-id=\"link:8q7X7G\" class=\"_link_o9xde_39\" rel=\"nofollow noopener\" target=\"_blank\"> flere bes\u00f8ksforbud mot Linea<\/a>. S\u00e5 sent som i desember 2023 ble han ilagt et bes\u00f8ksforbud mot henne, som varte frem til 17. februar i fjor. <\/p>\n<p class=\"_paragraph_o9xde_4 _paragraph_xtcu6_10 layout-component text-serif-m layout-normal text-serif-m layout-padded\">Politiet<a href=\"https:\/\/www.vg.no\/nyheter\/i\/GynKjx\/siktet-for-drap-i-stjoerdal-politiet-var-i-kontakt-med-kvinnen-og-mannen-tidligere-samme-dag\" data-track-element-type=\"Link\" data-track-id=\"link:GynKjx\" class=\"_link_o9xde_39\" rel=\"nofollow noopener\" target=\"_blank\"> rykket ut til en hendelse mellom henne <\/a>og mannen som n\u00e5 er tiltalt for drapet, timer f\u00f8r hun ble funnet livl\u00f8s. <\/p>\n<p><img alt=\"Banken p\u00e5 Hegra.   Foto: Line M\u00f8ller \/ VG\" class=\"_image_qp4xg_65 layout-component layout-normal\" data-fullscreen- data-track-element-type=\"Article image fullscreen\" data-track-name=\"ImageFullscreen\" decoding=\"async\" loading=\"lazy\" height=\"5504\" itemprop=\"image\"  src=\"https:\/\/www.europesays.com\/no\/wp-content\/uploads\/2025\/10\/6ceb812a-6a59-420a-b699-f95acebc7750\"  style=\"object-position:0% 0%\" width=\"8256\"\/>Banken p\u00e5 Hegra.   Foto: Line M\u00f8ller \/ VG<\/p>\n<p class=\"_paragraph_o9xde_4 _paragraph_xtcu6_10 layout-component text-serif-m layout-normal text-serif-m layout-padded\">Aktor forteller at det var en melder som varslet om at en mann hadde v\u00e6rt voldelig mot en dame \u2013 Linea.<\/p>\n<p class=\"_paragraph_o9xde_4 _paragraph_xtcu6_10 layout-component text-serif-m layout-normal text-serif-m layout-padded\">\u2013 Banken slapp damen inn, og mistenkte var den n\u00e5 tiltalte, som ble kj\u00f8rt til Yrkesvegen i Stj\u00f8rdal med p\u00e5legg om \u00e5 holde seg unna Linea Bj\u00f8rnnes. <\/p>\n<p class=\"_paragraph_o9xde_4 _paragraph_xtcu6_10 layout-component text-serif-m layout-normal text-serif-m layout-padded\">Politiet var ogs\u00e5 p\u00e5<a href=\"https:\/\/www.vg.no\/nyheter\/i\/1MXeOQ\/politiet-rykket-ut-til-avdoedes-bolig-kort-tid-foer-drapet-fjernet-siktede\" data-track-element-type=\"Link\" data-track-id=\"link:1MXeOQ\" class=\"_link_o9xde_39\" rel=\"nofollow noopener\" target=\"_blank\"> adressen til Linea mandag 16. desember <\/a>\u2013 alts\u00e5 dagen f\u00f8r. <\/p>\n<p class=\"_paragraph_o9xde_4 _paragraph_xtcu6_10 layout-component text-serif-m layout-normal text-serif-m layout-padded\">Hun \u00f8nsket at den siktede mannen skulle forlate bopelen. Politiet skilte partene og tok med seg den siktede mannen.<\/p>\n<p class=\"_paragraph_o9xde_4 _paragraph_xtcu6_10 layout-component text-serif-m layout-normal text-serif-m layout-padded\"><a href=\"http:\/\/www.vg.no\/nyheter\/i\/Ooe9dO\/drapet-paa-linea-bjoernnes-spesialenheten-koblet-inn#:~:text=Linea%20Bj%C3%B8rnnes%20(20)%20ble%20funnet,f%C3%B8r%20hun%20ble%20funnet%20livl%C3%B8s.\" data-track-element-type=\"Link\" data-track-id=\"link:Ooe9dO\" class=\"_link_o9xde_39\" rel=\"nofollow noopener\" target=\"_blank\">Spesialenheten unders\u00f8ker politiets h\u00e5ndtering <\/a>av saken.<\/p>\n<p>    <img decoding=\"async\" alt=\"Tips oss illustrasjon\" src=\"https:\/\/www.europesays.com\/no\/wp-content\/uploads\/2025\/10\/pssst-small.webp.webp\"\/>    <\/p>\n<p class=\"title-serif-s\">Har du tips?<\/p>\n<p class=\"text-sans-m\">Send oss informasjon, bilder eller video.<\/p>\n<p>  <a href=\"https:\/\/www.vg.no\/tips-oss\" rel=\"nofollow noopener\" target=\"_blank\"> Tips oss <\/a>      <\/p>\n","protected":false},"excerpt":{"rendered":"Mandag formiddag ble det spilt av en dramatisk n\u00f8dsamtale fra Lineas nabo. \u00abHan sa det svartnet for han\u00bb,&hellip;\n","protected":false},"author":2,"featured_media":71924,"comment_status":"","ping_status":"","sticky":false,"template":"","format":"standard","meta":{"footnotes":""},"categories":[5],"tags":[20,21,377,24,25,15,19,22,23,17,18,13,30,28,29,14,16,26,27],"class_list":{"0":"post-71923","1":"post","2":"type-post","3":"status-publish","4":"format-standard","5":"has-post-thumbnail","7":"category-overskrifter","8":"tag-breaking-news","9":"tag-breakingnews","10":"tag-drap","11":"tag-featured-news","12":"tag-featurednews","13":"tag-headlines","14":"tag-hovedoppslag","15":"tag-latest-news","16":"tag-latestnews","17":"tag-main-news","18":"tag-mainnews","19":"tag-news","20":"tag-no","21":"tag-norge","22":"tag-norway","23":"tag-nyheter","24":"tag-overskrifter","25":"tag-top-stories","26":"tag-topstories"},"share_on_mastodon":{"url":"https:\/\/pubeurope.com\/@no\/115450891815839487","error":""},"_links":{"self":[{"href":"https:\/\/www.europesays.com\/no\/wp-json\/wp\/v2\/posts\/71923","targetHints":{"allow":["GET"]}}],"collection":[{"href":"https:\/\/www.europesays.com\/no\/wp-json\/wp\/v2\/posts"}],"about":[{"href":"https:\/\/www.europesays.com\/no\/wp-json\/wp\/v2\/types\/post"}],"author":[{"embeddable":true,"href":"https:\/\/www.europesays.com\/no\/wp-json\/wp\/v2\/users\/2"}],"replies":[{"embeddable":true,"href":"https:\/\/www.europesays.com\/no\/wp-json\/wp\/v2\/comments?post=71923"}],"version-history":[{"count":0,"href":"https:\/\/www.europesays.com\/no\/wp-json\/wp\/v2\/posts\/71923\/revisions"}],"wp:featuredmedia":[{"embeddable":true,"href":"https:\/\/www.europesays.com\/no\/wp-json\/wp\/v2\/media\/71924"}],"wp:attachment":[{"href":"https:\/\/www.europesays.com\/no\/wp-json\/wp\/v2\/media?parent=71923"}],"wp:term":[{"taxonomy":"category","embeddable":true,"href":"https:\/\/www.europesays.com\/no\/wp-json\/wp\/v2\/categories?post=71923"},{"taxonomy":"post_tag","embeddable":true,"href":"https:\/\/www.europesays.com\/no\/wp-json\/wp\/v2\/tags?post=71923"}],"curies":[{"name":"wp","href":"https:\/\/api.w.org\/{rel}","templated":true}]}}