{"id":71927,"date":"2025-10-28T08:41:07","date_gmt":"2025-10-28T08:41:07","guid":{"rendered":"https:\/\/www.europesays.com\/no\/71927\/"},"modified":"2025-10-28T08:41:07","modified_gmt":"2025-10-28T08:41:07","slug":"zoom-sjef-eric-yuan-ai-vil-revolusjonere-arbeidsuken","status":"publish","type":"post","link":"https:\/\/www.europesays.com\/no\/71927\/","title":{"rendered":"Zoom-sjef Eric Yuan: AI vil revolusjonere arbeidsuken"},"content":{"rendered":"<p class=\"kicker t14 tm14 font-weight-black m-font-weight-black\" style=\"\">Arbeidsliv<\/p>\n<p>    Eric Yuan tror det blir kortere arbeidsuke med AI.\u00a0<\/p>\n<p>\n        FILE &#8211; In this April 18, 2019, file photo shows a sign for Zoom Video Communications ahead Nasdaq IPO in New York. Zoom&#8217;s stock touched $110 during trading Monday, Feb. 24, 2020, a level it&#8217;s reached just once since its shares began trading last spring. The company has said it&#8217;s seeing more business for people wanting to meet online. (AP Photo\/Mark Lennihan, File)<br \/>\n        Mark Lennihan\n    <\/p>\n<p>Eric Yuan, toppsjef i videokonferanseselskapet Zoom, sp\u00e5r en betydelig endring i fremtidens arbeidsliv. If\u00f8lge Yuan vil kunstig intelligens (AI) f\u00f8re til en dramatisk kortere arbeidsuke.<\/p>\n<p>    F\u00e5 gratis nyhetsbrev<\/p>\n<p>Abonner p\u00e5 Shifters nyhetsbrev for de siste nyhetene, trendene og analysene.<\/p>\n<p>Uttalelsen kommer fra et nylig intervju hvor Yuan fremhevet AIs potensial til \u00e5 automatisere rutineoppgaver, og dermed frigj\u00f8re tid for ansatte. Dette ble rapportert av\u00a0<a href=\"https:\/\/techcrunch.com\/2025\/10\/27\/zoom-ceo-eric-yuan-says-ai-will-shorten-our-workweek\/\" target=\"_blank\" rel=\"nofollow noopener\">TechCrunch<\/a>.<\/p>\n<p>        <a itemprop=\"url\" class=\"\" href=\"https:\/\/www.shifter.no\/nyheter\/inspirert-av-silicon-valley-vil-lokke-folk-fra-hele-verden-til-bilfri-oy\/410221\" data-k5a-url=\"https:\/\/www.shifter.no\/a\/410221\" rel=\"nofollow noopener\" target=\"_blank\"><\/p>\n<p>\narbeidsliv\n<\/p>\n<p>            Inspirert av Silicon Valley: Skal lokke folk fra hele verden til bilfri \u00f8y for \u00e5 l\u00e6re \u00e5 jobbe p\u00e5 ny m\u00e5te &#8211; tilpasset AI-tiden<\/p>\n<p>        <\/a><\/p>\n","protected":false},"excerpt":{"rendered":"Arbeidsliv Eric Yuan tror det blir kortere arbeidsuke med AI.\u00a0 FILE &#8211; In this April 18, 2019, file&hellip;\n","protected":false},"author":2,"featured_media":71928,"comment_status":"","ping_status":"","sticky":false,"template":"","format":"standard","meta":{"footnotes":""},"categories":[57],"tags":[30,28,29,65,63,64,66,70,69,67,68],"class_list":{"0":"post-71927","1":"post","2":"type-post","3":"status-publish","4":"format-standard","5":"has-post-thumbnail","7":"category-vitenskap-og-teknologi","8":"tag-no","9":"tag-norge","10":"tag-norway","11":"tag-science","12":"tag-science-and-technology","13":"tag-scienceandtechnology","14":"tag-technology","15":"tag-teknologi","16":"tag-vitenskap","17":"tag-vitenskap-og-teknologi","18":"tag-vitenskapteknologi"},"share_on_mastodon":{"url":"https:\/\/pubeurope.com\/@no\/115450903459888410","error":""},"_links":{"self":[{"href":"https:\/\/www.europesays.com\/no\/wp-json\/wp\/v2\/posts\/71927","targetHints":{"allow":["GET"]}}],"collection":[{"href":"https:\/\/www.europesays.com\/no\/wp-json\/wp\/v2\/posts"}],"about":[{"href":"https:\/\/www.europesays.com\/no\/wp-json\/wp\/v2\/types\/post"}],"author":[{"embeddable":true,"href":"https:\/\/www.europesays.com\/no\/wp-json\/wp\/v2\/users\/2"}],"replies":[{"embeddable":true,"href":"https:\/\/www.europesays.com\/no\/wp-json\/wp\/v2\/comments?post=71927"}],"version-history":[{"count":0,"href":"https:\/\/www.europesays.com\/no\/wp-json\/wp\/v2\/posts\/71927\/revisions"}],"wp:featuredmedia":[{"embeddable":true,"href":"https:\/\/www.europesays.com\/no\/wp-json\/wp\/v2\/media\/71928"}],"wp:attachment":[{"href":"https:\/\/www.europesays.com\/no\/wp-json\/wp\/v2\/media?parent=71927"}],"wp:term":[{"taxonomy":"category","embeddable":true,"href":"https:\/\/www.europesays.com\/no\/wp-json\/wp\/v2\/categories?post=71927"},{"taxonomy":"post_tag","embeddable":true,"href":"https:\/\/www.europesays.com\/no\/wp-json\/wp\/v2\/tags?post=71927"}],"curies":[{"name":"wp","href":"https:\/\/api.w.org\/{rel}","templated":true}]}}