{"id":71944,"date":"2025-10-28T09:05:11","date_gmt":"2025-10-28T09:05:11","guid":{"rendered":"https:\/\/www.europesays.com\/no\/71944\/"},"modified":"2025-10-28T09:05:11","modified_gmt":"2025-10-28T09:05:11","slug":"savnede-stian-hole-funnet-dod-familien-er-lettet","status":"publish","type":"post","link":"https:\/\/www.europesays.com\/no\/71944\/","title":{"rendered":"Savnede Stian Hole funnet d\u00f8d: \u2013 Familien er lettet"},"content":{"rendered":"\n<p class=\"_paragraph_o9xde_4 _paragraph_xtcu6_10 layout-component text-serif-m layout-normal text-serif-m layout-padded\">Det bekrefter Nordland politidistrikt i en pressemelding tirsdag.<\/p>\n<p class=\"_paragraph_o9xde_4 _paragraph_xtcu6_10 layout-component text-serif-m layout-normal text-serif-m layout-padded\">\u2013 V\u00e5re tanker g\u00e5r til Stian Holes familie og n\u00e6rmeste p\u00e5r\u00f8rende, som i dag har f\u00e5tt et sv\u00e6rt trist budskap, sier politiadvokat \u00d8yvind Reng\u00e5rd til VG.<\/p>\n<p class=\"_paragraph_o9xde_4 _paragraph_xtcu6_10 layout-component text-serif-m layout-normal text-serif-m layout-padded\">Funnet ble gjort av en politipatrulje den 16. oktober, etter tips om en observasjon av klesplagg i omr\u00e5det. De p\u00e5r\u00f8rende er orientert om at Stian Hole er funnet omkommet.<\/p>\n<p class=\"_paragraph_o9xde_4 _paragraph_xtcu6_10 layout-component text-serif-m layout-normal text-serif-m layout-padded\">\u2013 Familien er lettet over at han er funnet. Det er det viktigste for oss. S\u00e5 f\u00e5r politiet finne ut hva d\u00f8ds\u00e5rsaken er, sier avd\u00f8des bror Morten Hole til VG.<\/p>\n<p class=\"_paragraph_o9xde_4 _paragraph_xtcu6_10 layout-component text-serif-m layout-normal text-serif-m layout-padded\">Resultatet av de rettsmedisinske unders\u00f8kelser foreligger enn\u00e5 ikke.<\/p>\n<p class=\"_paragraph_o9xde_4 _paragraph_xtcu6_10 layout-component text-serif-m layout-normal text-serif-m layout-padded\">\u2013 Politiet fortsetter arbeidet p\u00e5 \u00e5stedet. Vi vil se unders\u00f8kelsene i sammenheng med obduksjonen og materialet vi tidligere har innhentet i en lang, bred og grundig etterforskning, sier Reng\u00e5rd.<\/p>\n<p class=\"_paragraph_o9xde_4 _paragraph_xtcu6_10 layout-component text-serif-m layout-normal text-serif-m layout-padded\">Hole ble funnet i omr\u00e5det Molvika p\u00e5 Hamar\u00f8y, ca. 15 kilometer I luftlinje fra Joker-butikken p\u00e5 Storjord hvor siste sikre observasjon av ham ble gjort 7. juni 2023 &#8211; se video:<\/p>\n<p class=\"_paragraph_o9xde_4 _paragraph_xtcu6_10 layout-component text-serif-m layout-normal text-serif-m layout-padded\">Etterp\u00e5 skal 41-\u00e5ringen ha reist til en lavvo p\u00e5 Her\u00f8ysletta, p\u00e5 halv\u00f8ya nord for Bognes. Her skal han ha drevet med fiske, en av hans favoritthobbyer.<\/p>\n<p class=\"_paragraph_o9xde_4 _paragraph_xtcu6_10 layout-component text-serif-m layout-normal text-serif-m layout-padded\"><strong class=\"_strong_o9xde_25\">To dager etter siste observasjon ble han meldt savnet til politiet. <\/strong><\/p>\n<p class=\"_paragraph_o9xde_4 _paragraph_xtcu6_10 layout-component text-serif-m layout-normal text-serif-m layout-padded\">Flere hypoteser har blitt etterforsket. Politiet har ment at Stian Hole mest sannsynlig ble drept. 41-\u00e5ringen var i et rusmilj\u00f8 i Bod\u00f8.<\/p>\n<p class=\"_paragraph_o9xde_4 _paragraph_xtcu6_10 layout-component text-serif-m layout-normal text-serif-m layout-padded\">Allerede samme sommer ble \u00e9n person siktet for drap.  Denne mannen ble <a href=\"https:\/\/www.vg.no\/nyheter\/i\/Oow841\/drapssiktet-i-hole-saken-er-funnet-doed\" data-track-element-type=\"Link\" data-track-id=\"link:Oow841\" class=\"_link_o9xde_39\" rel=\"nofollow noopener\" target=\"_blank\">funnet d\u00f8d i en leilighet i Bod\u00f8 i september i \u00e5r<\/a>.<\/p>\n<p class=\"_paragraph_o9xde_4 _paragraph_xtcu6_10 layout-component text-serif-m layout-normal text-serif-m layout-padded\">Senere ble ytterligere to personer siktet for drap eller medvirkning til drap.<\/p>\n<p class=\"_paragraph_o9xde_4 _paragraph_xtcu6_10 layout-component text-serif-m layout-normal text-serif-m layout-padded\">Alle tre har nektet for \u00e5 ha noe med forsvinningen \u00e5 gj\u00f8re.<\/p>\n<p class=\"_paragraph_o9xde_4 _paragraph_xtcu6_10 layout-component text-serif-m layout-normal text-serif-m layout-padded\">En av de siktede er en venn av Hole, som var sammen med ham p\u00e5 butikken p\u00e5 Storjord. Han sier han ikke vet hva som har skjedd, og nekter straffskyld for drap.<\/p>\n<p class=\"_paragraph_o9xde_4 _paragraph_xtcu6_10 layout-component text-serif-m layout-normal text-serif-m layout-padded\">De tre som er siktet, skal ha v\u00e6rt sammen med Stian Hole den siste tiden f\u00f8r han forsvant.<\/p>\n<p class=\"_paragraph_o9xde_4 _paragraph_xtcu6_10 layout-component text-serif-m layout-normal text-serif-m layout-padded\">\u2013 Den savnede har ogs\u00e5 hatt delvis tilhold hos en av de siktede, har politiadvokat \u00d8yvind Reng\u00e5rd tidligere sagt til VG.<\/p>\n<p class=\"_paragraph_o9xde_4 _paragraph_xtcu6_10 layout-component text-serif-m layout-normal text-serif-m layout-padded\">Det er gjort en rekke s\u00f8k etter Hole i l\u00f8pet av de siste to \u00e5rene. <\/p>\n<p class=\"_paragraph_o9xde_4 _paragraph_xtcu6_10 layout-component text-serif-m layout-normal text-serif-m layout-padded\">I fjor s\u00f8kte politiet etter en fryseboks p\u00e5 bunn av Sagfjorden etter \u00e5 ha mottatt tips, men s\u00f8ket ble avsluttet uten funn.<\/p>\n<p><img alt=\"I november 2024 ble det gjort nye s\u00f8k etter Stian Hole.   Foto: G\u00f8ran Bohlin \/ VG\" class=\"_image_qp4xg_65 layout-component layout-normal\" data-fullscreen- data-track-element-type=\"Article image fullscreen\" data-track-name=\"ImageFullscreen\" decoding=\"async\" loading=\"lazy\" height=\"5504\" itemprop=\"image\"  src=\"https:\/\/www.europesays.com\/no\/wp-content\/uploads\/2025\/10\/6e27188f-dee9-4bee-81de-a37bd42f500a\"  style=\"object-position:0% 0%\" width=\"8256\"\/>I november 2024 ble det gjort nye s\u00f8k etter Stian Hole.   Foto: G\u00f8ran Bohlin \/ VG<\/p>\n<p class=\"_paragraph_o9xde_4 _paragraph_xtcu6_10 layout-component text-serif-m layout-normal text-serif-m layout-padded\">Slik kommenterte storebror Morten Hole videoopptaket fra Joker-butikken:<\/p>\n<p class=\"_paragraph_o9xde_4 _paragraph_xtcu6_10 layout-component text-serif-m layout-normal text-serif-m layout-padded\">\u2013 Han var en som var veldig, veldig glad i \u00e5 fiske. S\u00e5 jeg ser for meg at jeg har v\u00e6rt og handlet til en fisketur. Men n\u00e5r jeg ser p\u00e5 disse overv\u00e5kningsbildene s\u00e5 jeg ser jo at han virker litt stresset i kroppsspr\u00e5ket, og kanskje ikke har det s\u00e5 bra akkurat her.<\/p>\n<p class=\"_paragraph_o9xde_4 _paragraph_xtcu6_10 layout-component text-serif-m layout-normal text-serif-m layout-padded\">P\u00e5 bildene har Stian Hole p\u00e5 seg en kamuflasjefarget caps og en stor svart hettegenser. Disse kl\u00e6rne ble funnet gjennomv\u00e5te ved noen hytter p\u00e5 Hamar\u00f8y. If\u00f8lge politiet hadde noen brutt seg inn og tatt kl\u00e6r, en havfiskestang og en hov.<\/p>\n<p class=\"_paragraph_o9xde_4 _paragraph_xtcu6_10 layout-component text-serif-m layout-normal text-serif-m layout-padded\">H\u00f8r Krimpodden om forsvinningen:<\/p>\n<p class=\"_paragraph_o9xde_4 _paragraph_xtcu6_10 layout-component text-serif-m layout-normal text-serif-m layout-padded\">Advokat Finn Ove Smith representerer en av de tre siktde. Han forteller at han akkurat har blitt orientert om at det er et positivt treff i saken. <\/p>\n<p class=\"_paragraph_o9xde_4 _paragraph_xtcu6_10 layout-component text-serif-m layout-normal text-serif-m layout-padded\">\u2013 Jeg har ikke snakket med klienten min enn\u00e5. Men jeg er helt sikker p\u00e5 at han er veldig glad for at Hole er funnet. Ikke bare for sin egen del. Det kan n\u00e5 f\u00e5 satt en stopper for spekulasjoner omkring forsvinningen \u2013 og at dette har v\u00e6rt en villet handling fra andre mennesker, alts\u00e5 min klient, sier han. <\/p>\n<p class=\"_paragraph_o9xde_4 _paragraph_xtcu6_10 layout-component text-serif-m layout-normal text-serif-m layout-padded\">Smith forteller han er orientert av politiet om hvor Stian Hole er funnet. <\/p>\n<p class=\"_paragraph_o9xde_4 _paragraph_xtcu6_10 layout-component text-serif-m layout-normal text-serif-m layout-padded\">\u2013 Det kan harmonere med de bevegelsene hans som tidligere er avdekket. Hva som er tilst\u00f8tt Hole, det vet jeg ikke. Forh\u00e5pentligvis f\u00e5r man plassert det p\u00e5 de unders\u00f8kelsene som politiet gj\u00f8r, og konstatere at dette enten er en tragisk ulykke eller et naturlig d\u00f8dsfall, sier han. <\/p>\n<p>Les ogs\u00e5<br \/>\n    <img decoding=\"async\" alt=\"Tips oss illustrasjon\" src=\"https:\/\/www.europesays.com\/no\/wp-content\/uploads\/2025\/10\/pssst-small.webp.webp\"\/>    <\/p>\n<p class=\"title-serif-s\">Har du tips?<\/p>\n<p class=\"text-sans-m\">Send oss informasjon, bilder eller video.<\/p>\n<p>  <a href=\"https:\/\/www.vg.no\/tips-oss\" rel=\"nofollow noopener\" target=\"_blank\"> Tips oss <\/a>      <\/p>\n","protected":false},"excerpt":{"rendered":"Det bekrefter Nordland politidistrikt i en pressemelding tirsdag. \u2013 V\u00e5re tanker g\u00e5r til Stian Holes familie og n\u00e6rmeste&hellip;\n","protected":false},"author":2,"featured_media":41863,"comment_status":"","ping_status":"","sticky":false,"template":"","format":"standard","meta":{"footnotes":""},"categories":[10],"tags":[31,20,21,377,24,25,15,22,23,13,30,28,29,14,16,26,27],"class_list":{"0":"post-71944","1":"post","2":"type-post","3":"status-publish","4":"format-standard","5":"has-post-thumbnail","7":"category-norge","8":"tag-breaking","9":"tag-breaking-news","10":"tag-breakingnews","11":"tag-drap","12":"tag-featured-news","13":"tag-featurednews","14":"tag-headlines","15":"tag-latest-news","16":"tag-latestnews","17":"tag-news","18":"tag-no","19":"tag-norge","20":"tag-norway","21":"tag-nyheter","22":"tag-overskrifter","23":"tag-top-stories","24":"tag-topstories"},"share_on_mastodon":{"url":"https:\/\/pubeurope.com\/@no\/115450998078451647","error":""},"_links":{"self":[{"href":"https:\/\/www.europesays.com\/no\/wp-json\/wp\/v2\/posts\/71944","targetHints":{"allow":["GET"]}}],"collection":[{"href":"https:\/\/www.europesays.com\/no\/wp-json\/wp\/v2\/posts"}],"about":[{"href":"https:\/\/www.europesays.com\/no\/wp-json\/wp\/v2\/types\/post"}],"author":[{"embeddable":true,"href":"https:\/\/www.europesays.com\/no\/wp-json\/wp\/v2\/users\/2"}],"replies":[{"embeddable":true,"href":"https:\/\/www.europesays.com\/no\/wp-json\/wp\/v2\/comments?post=71944"}],"version-history":[{"count":0,"href":"https:\/\/www.europesays.com\/no\/wp-json\/wp\/v2\/posts\/71944\/revisions"}],"wp:featuredmedia":[{"embeddable":true,"href":"https:\/\/www.europesays.com\/no\/wp-json\/wp\/v2\/media\/41863"}],"wp:attachment":[{"href":"https:\/\/www.europesays.com\/no\/wp-json\/wp\/v2\/media?parent=71944"}],"wp:term":[{"taxonomy":"category","embeddable":true,"href":"https:\/\/www.europesays.com\/no\/wp-json\/wp\/v2\/categories?post=71944"},{"taxonomy":"post_tag","embeddable":true,"href":"https:\/\/www.europesays.com\/no\/wp-json\/wp\/v2\/tags?post=71944"}],"curies":[{"name":"wp","href":"https:\/\/api.w.org\/{rel}","templated":true}]}}