{"id":71951,"date":"2025-10-28T09:08:14","date_gmt":"2025-10-28T09:08:14","guid":{"rendered":"https:\/\/www.europesays.com\/no\/71951\/"},"modified":"2025-10-28T09:08:14","modified_gmt":"2025-10-28T09:08:14","slug":"kelsey-grammer-70-har-fatt-sitt-attende-barn","status":"publish","type":"post","link":"https:\/\/www.europesays.com\/no\/71951\/","title":{"rendered":"Kelsey Grammer (70) har f\u00e5tt sitt \u00e5ttende barn"},"content":{"rendered":"<p class=\"kicker \" style=\"\">Kelsey Grammer:<\/p>\n<p>  Hollywood-skuespilleren kan snart stille med sin egen startellever.<\/p>\n<p>\n    UTVIDER FLOKKEN: Kayte Walsh og Kelsey Grammer har f\u00e5tt nok et barn. Foto: Shutterstock\/NTB\n  <\/p>\n<p>\u00abFrasier\u00bb-skuespiller <a href=\"https:\/\/www.seher.no\/kjendis\/skuespiller-70-venter-sitt-attende-barn\/83235639\" rel=\"nofollow noopener\" target=\"_blank\">Kelsey Grammer og kona Kayte Walsh (46)<\/a> har f\u00e5tt en s\u00f8nn ved navn Christopher.<\/p>\n<p>    <a itemprop=\"url\" href=\"https:\/\/www.seher.no\/kjendis\/ser-du-hvem-dette-er-datteren-til\/72561795\" rel=\"nofollow noopener\" target=\"_blank\"><\/p>\n<p>      <img loading=\"lazy\" decoding=\"async\" src=\"https:\/\/www.europesays.com\/no\/wp-content\/uploads\/2025\/10\/72562586.webp\" width=\"980\" height=\"441\" title=\"Ser du hvem dette er datteren til?\" alt=\"\" class=\"lazyload\" style=\"--aspect-ratio-image: 2.22; \"\/><\/p>\n<p>        Ser du hvem dette er datteren til?<\/p>\n<p>    <\/a><\/p>\n<p>Det deler Kelsey i podkasten \u00abPod Meets World\u00bb, skriver\u00a0<a href=\"https:\/\/pagesix.com\/2025\/10\/27\/parents\/kelsey-grammer-welcomes-baby-no-8-his-fourth-child-with-wife-kayte-walsh\/\" rel=\"nofollow noopener\" target=\"_blank\">Page Six<\/a>.<\/p>\n<p class=\"font-weight-bold m-font-weight-bold\" data-lab-font_weight=\"font-weight-bold\">S\u00f8nnen er parets fjerde barn sammen, og Kelseys \u00e5ttende.<\/p>\n<p>Den 70 \u00e5r gamle skuespilleren fikk sitt f\u00f8rste barn i 1983, datteren Spencer, med sin f\u00f8rste kone, Doreen Alderman.<\/p>\n<p>        \u00abSKAL VI DANSE\u00bb: Trygve Bennetsen forteller at han han har f\u00e5tt mye oppmerksomhet i innboksen den siste tiden. Video: R\u00f8d L\u00f8per\/<br \/>\nDanny Son Ngoc To\/Nora Skavhaug<\/p>\n<p>Senere fikk han tre barn til, med to ulike kvinner.\u00a0<\/p>\n<p>S\u00f8nnen Greer (33) med Barrie Buckner, og datteren Mason (23) og s\u00f8nnen Jude (20) med \u00abReal Housewives of Beverly Hills\u00bb-stjernen Camille Grammer (56).<\/p>\n<p>          <img loading=\"lazy\" decoding=\"async\" src=\"https:\/\/www.europesays.com\/no\/wp-content\/uploads\/2025\/10\/83777943.webp\" width=\"686\" height=\"1029\" title=\"TV-FAMILIE: Gjennom \u00abReal Housewives of Beverly Hills\u00bb fikk man innblikk i Kelsey og Camilles familieliv. Her er de med Mason og Jude i 2008. Foto: REX\/NTB\" alt=\"\" class=\"\" style=\"--aspect-ratio-image: 0.67; \"\/><\/p>\n<p>\n          TV-FAMILIE: Gjennom \u00abReal Housewives of Beverly Hills\u00bb fikk man innblikk i Kelsey og Camilles familieliv. Her er de med Mason og Jude i 2008. Foto: REX\/NTB\n      <\/p>\n<p>Kelsey og Kayte har v\u00e6rt gift siden 2011. I tillegg til nyf\u00f8dte Christopher har de ogs\u00e5 datteren Faith (13) og s\u00f8nnene Gabriel (11) og James (8).<\/p>\n<p>    <a itemprop=\"url\" href=\"https:\/\/www.seher.no\/kjendis\/hand-i-handmed-ny-flamme\/83777250\" rel=\"nofollow noopener\" target=\"_blank\"><\/p>\n<p>      <img loading=\"lazy\" decoding=\"async\" src=\"https:\/\/www.europesays.com\/no\/wp-content\/uploads\/2025\/10\/1761642493_960_83777284.webp\" width=\"980\" height=\"441\" title=\"H\u00e5nd i h\u00e5nd med ny flamme\" alt=\"\" class=\"lazyload\" style=\"--aspect-ratio-image: 2.22; \"\/><\/p>\n<p>        H\u00e5nd i h\u00e5nd med ny flamme<\/p>\n<p>    <\/a><\/p>\n<p>Paret giftet seg bare to uker etter at Hollywood-stjernen ble offisielt skilt fra Camille. I etterkant innr\u00f8mmet Kelsey at han hadde v\u00e6rt utro mot Camille med Kayte.<\/p>\n<p>          <img loading=\"lazy\" decoding=\"async\" src=\"https:\/\/www.europesays.com\/no\/wp-content\/uploads\/2025\/10\/83778001.webp\" width=\"686\" height=\"638\" title=\"VAR UTRO: Kelsey hadde en aff\u00e6re med Kayte bak ekskonas rygg. Her er paret p\u00e5 en av sine f\u00f8rste r\u00f8de l\u00f8pere sammen i 2010. Foto: Shutterstock\/NTB\" alt=\"\" class=\"\" style=\"--aspect-ratio-image: 1.08; \"\/><\/p>\n<p>\n          VAR UTRO: Kelsey hadde en aff\u00e6re med Kayte bak ekskonas rygg. Her er paret p\u00e5 en av sine f\u00f8rste r\u00f8de l\u00f8pere sammen i 2010. Foto: Shutterstock\/NTB\n      <\/p>\n<p>          <img loading=\"lazy\" decoding=\"async\" src=\"https:\/\/www.europesays.com\/no\/wp-content\/uploads\/2025\/10\/83778057.webp\" width=\"686\" height=\"837\" title=\"P\u00c5 TRILLETUR: Kelsey og Kayte ute p\u00e5 tur med Faith og Gabriel i 2014. Foto: Shutterstock\/NTB\" alt=\"\" class=\"\" style=\"--aspect-ratio-image: 0.82; \"\/><\/p>\n<p>\n          P\u00c5 TRILLETUR: Kelsey og Kayte ute p\u00e5 tur med Faith og Gabriel i 2014. Foto: Shutterstock\/NTB\n      <\/p>\n<p>&#8211; Det var en veldig smertefull og ukomfortabel situasjon. Det var ukomfortabelt for Kayte, og det var ukomfortabelt for resten av oss. Det er s\u00e5 mye jeg angrer p\u00e5, men jeg kan ikke g\u00e5 rundt og unnskylde meg for resten av livet &#8230; Vi gj\u00f8r alle feil, men forh\u00e5pentligvis er vi med mennesker som kan tilgi,\u00a0uttalte han i et intervju p\u00e5\u00a0<a href=\"https:\/\/www.youtube.com\/watch?v=BtthEF9lzrs\" rel=\"nofollow noopener\" target=\"_blank\">\u00abAnderson Live\u00bb<\/a>.<\/p>\n","protected":false},"excerpt":{"rendered":"Kelsey Grammer: Hollywood-skuespilleren kan snart stille med sin egen startellever. UTVIDER FLOKKEN: Kayte Walsh og Kelsey Grammer har&hellip;\n","protected":false},"author":2,"featured_media":71952,"comment_status":"","ping_status":"","sticky":false,"template":"","format":"standard","meta":{"footnotes":""},"categories":[58],"tags":[71,10034,10035,479,2543,30,28,29,72],"class_list":{"0":"post-71951","1":"post","2":"type-post","3":"status-publish","4":"format-standard","5":"has-post-thumbnail","7":"category-underholdning","8":"tag-entertainment","9":"tag-kayte-walsh","10":"tag-kelsey-grammer","11":"tag-kjendis","12":"tag-kjendisdesken","13":"tag-no","14":"tag-norge","15":"tag-norway","16":"tag-underholdning"},"share_on_mastodon":{"url":"https:\/\/pubeurope.com\/@no\/115451009730447831","error":""},"_links":{"self":[{"href":"https:\/\/www.europesays.com\/no\/wp-json\/wp\/v2\/posts\/71951","targetHints":{"allow":["GET"]}}],"collection":[{"href":"https:\/\/www.europesays.com\/no\/wp-json\/wp\/v2\/posts"}],"about":[{"href":"https:\/\/www.europesays.com\/no\/wp-json\/wp\/v2\/types\/post"}],"author":[{"embeddable":true,"href":"https:\/\/www.europesays.com\/no\/wp-json\/wp\/v2\/users\/2"}],"replies":[{"embeddable":true,"href":"https:\/\/www.europesays.com\/no\/wp-json\/wp\/v2\/comments?post=71951"}],"version-history":[{"count":0,"href":"https:\/\/www.europesays.com\/no\/wp-json\/wp\/v2\/posts\/71951\/revisions"}],"wp:featuredmedia":[{"embeddable":true,"href":"https:\/\/www.europesays.com\/no\/wp-json\/wp\/v2\/media\/71952"}],"wp:attachment":[{"href":"https:\/\/www.europesays.com\/no\/wp-json\/wp\/v2\/media?parent=71951"}],"wp:term":[{"taxonomy":"category","embeddable":true,"href":"https:\/\/www.europesays.com\/no\/wp-json\/wp\/v2\/categories?post=71951"},{"taxonomy":"post_tag","embeddable":true,"href":"https:\/\/www.europesays.com\/no\/wp-json\/wp\/v2\/tags?post=71951"}],"curies":[{"name":"wp","href":"https:\/\/api.w.org\/{rel}","templated":true}]}}