{"id":71965,"date":"2025-10-28T09:22:09","date_gmt":"2025-10-28T09:22:09","guid":{"rendered":"https:\/\/www.europesays.com\/no\/71965\/"},"modified":"2025-10-28T09:22:09","modified_gmt":"2025-10-28T09:22:09","slug":"einar-tornquist-har-giftet-seg-med-linn-bjornsen","status":"publish","type":"post","link":"https:\/\/www.europesays.com\/no\/71965\/","title":{"rendered":"Einar T\u00f8rnquist har giftet seg med Linn Bj\u00f8rnsen"},"content":{"rendered":"\n<p class=\"_lead_o9xde_2 _lead_xtcu6_50 layout-component text-serif-m layout-normal text-serif-l layout-component layout-wide layout-padded _wide_17hqh_1 layout-padded\">Programlederen og komikeren har giftet seg med kj\u00e6resten Linn Bj\u00f8rnsen.<\/p>\n<p><img alt=\" Foto: Paul S. Amundsen \/ NTB\" class=\"_image_qp4xg_65 layout-component layout-wide\" data-fullscreen- data-track-element-type=\"Article image fullscreen\" data-track-name=\"ImageFullscreen\" fetchpriority=\"high\" decoding=\"sync\" loading=\"eager\" height=\"4001\" itemprop=\"image\"  src=\"https:\/\/www.europesays.com\/no\/wp-content\/uploads\/2025\/10\/ce59ee15-723f-487f-8ed4-96799d55eef5\"  style=\"object-position:47.82427475825275% 34.59135216195951%\" width=\"5998\"\/> Foto: Paul S. Amundsen \/ NTB<\/p>\n<ul aria-hidden=\"true\" class=\"_images_18f0k_111\">\n<li><a class=\"_link_18f0k_116\" href=\"https:\/\/www.vg.no\/forfatter\/bastian-lunde-hvitmyhr\" style=\"z-index:1\" title=\"Bastian Lunde Hvitmyhr\" rel=\"nofollow noopener\" target=\"_blank\"><img alt=\"Bilde av Bastian Lunde Hvitmyhr\" class=\"_image_18f0k_93\" fetchpriority=\"low\" loading=\"lazy\" decoding=\"async\" itemprop=\"image\"  src=\"https:\/\/www.europesays.com\/no\/wp-content\/uploads\/2025\/10\/1761643329_998_150baf2c-85af-47f9-b506-d8189e6820a4\"  width=\"480\"\/><\/a><\/li>\n<\/ul>\n<p> Oppdatert tirsdag 28. oktober kl. 10:17     <\/p>\n<p class=\"_paragraph_o9xde_4 _paragraph_xtcu6_10 layout-component text-serif-m layout-normal text-serif-m layout-padded\"><a href=\"https:\/\/www.vg.no\/tag\/einar-toernquist?utm_source=vg-article&amp;utm_medium=auto-tagger&amp;utm_campaign=QMnBaA\" class=\"_link_o9xde_39\" rel=\"nofollow noopener\" target=\"_blank\">Einar T\u00f8rnquist<\/a> (43) har p\u00e5 seg en ring p\u00e5 fingeren i sitt nyeste innlegg p\u00e5 Instagram. Det har f\u00e5tt flere til \u00e5 lure p\u00e5 om han er gift.<\/p>\n<p class=\"_paragraph_o9xde_4 _paragraph_xtcu6_10 layout-component text-serif-m layout-normal text-serif-m layout-padded\"><strong class=\"_strong_o9xde_25\">\u2013 Vi giftet oss i august og det er veldig hyggelig, skriver han i en sms til VG.<\/strong><\/p>\n<p class=\"_paragraph_o9xde_4 _paragraph_xtcu6_10 layout-component text-serif-m layout-normal text-serif-m layout-padded\">Paret har to barn sammen, en datter og s\u00f8nn.<\/p>\n<p class=\"_paragraph_o9xde_4 _paragraph_xtcu6_10 layout-component text-serif-m layout-normal text-serif-m layout-padded\">\u2013 Vi har v\u00e6rt sammen i 13 \u00e5r, s\u00e5 det var vel kanskje p\u00e5 tide, skriver han videre.<\/p>\n<p class=\"_paragraph_o9xde_4 _paragraph_xtcu6_10 layout-component text-serif-m layout-normal text-serif-m layout-padded\">Han \u00f8nsker \u00e5 holde selve bryllupsdagen privat.<\/p>\n<p class=\"_paragraph_o9xde_4 _paragraph_xtcu6_10 layout-component text-serif-m layout-normal layout-padded\"><strong class=\"_strong_o9xde_25\">Les ogs\u00e5:<\/strong> <a href=\"https:\/\/www.vg.no\/i\/Jogj3m\" data-track-element-type=\"Link\" data-track-id=\"link:Jogj3m\" class=\"_link_o9xde_39\" rel=\"nofollow noopener\" target=\"_blank\">Einar T\u00f8rnquist r\u00f8per babynyhet<\/a><\/p>\n<p class=\"_paragraph_o9xde_4 _paragraph_xtcu6_10 layout-component text-serif-m layout-normal text-serif-m layout-padded\">Det var i desember 2016 at T\u00f8rnquist annonserte <a href=\"http:\/\/www.vg.no\/rampelys\/tv\/einar-toernquist-skal-bli-far\/a\/23883286\/\" class=\"_link_o9xde_39\" rel=\"nofollow noopener\" target=\"_blank\">at han og samboeren Linn Bj\u00f8rnsen skulle bli foreldre for f\u00f8rste gang.<\/a><\/p>\n<p class=\"_paragraph_o9xde_4 _paragraph_xtcu6_10 layout-component text-serif-m layout-normal text-serif-m layout-padded\">Komikeren var en av de tolv deltagerne i sesong to av \u00abIkke lov \u00e5 le p\u00e5 hytta\u00bb:<\/p>\n<p class=\"_paragraph_o9xde_4 _paragraph_xtcu6_10 layout-component text-serif-m layout-normal text-serif-m layout-padded\">T\u00f8rnquist kommer fra Stokke, men har de siste \u00e5rene bodd i Oslo.<\/p>\n<p class=\"_paragraph_o9xde_4 _paragraph_xtcu6_10 layout-component text-serif-m layout-normal text-serif-m layout-padded\">De siste \u00e5rene har han deltatt i en rekke TV-program og podkaster, blant annet podkastene \u00abJan Thomas og Einar blir venner\u00bb.<\/p>\n<p class=\"_paragraph_o9xde_4 _paragraph_xtcu6_10 layout-component text-serif-m layout-normal text-serif-m layout-padded\">Denne h\u00f8sten har de <a href=\"https:\/\/www.vg.no\/rampelys\/i\/4B4Jbq\/deltagerne-i-norges-dummeste-sesong-to\" data-track-element-type=\"Link\" data-track-id=\"link:4B4Jbq\" class=\"_link_o9xde_39\" rel=\"nofollow noopener\" target=\"_blank\">ledet sesong to av \u00abNorges dummeste\u00bb<\/a> sammen.<\/p>\n<p class=\"_paragraph_o9xde_4 _paragraph_xtcu6_10 layout-component text-serif-m layout-normal text-serif-m layout-padded\"><strong class=\"_strong_o9xde_25\">Her er Einar T\u00f8rnquist og Linn Bj\u00f8rnsen p\u00e5 vei til bryllupet til en venn sommeren 2023:<\/strong><\/p>\n<p><img alt=\"VGTV-profil Martin Sleipnes gifter seg med Lise Bettina Sjursen.  Her Einar T\u00f8rnquist og Linn Bj\u00f8rnsen p\u00e5 vei til festen.  Foto: Hallgeir V\u00e5genes \/ VG\" class=\"_image_qp4xg_65 layout-component layout-normal\" data-fullscreen- data-track-element-type=\"Article image fullscreen\" data-track-name=\"ImageFullscreen\" decoding=\"async\" loading=\"lazy\" height=\"8192\" itemprop=\"image\"  src=\"https:\/\/www.europesays.com\/no\/wp-content\/uploads\/2025\/10\/dea36b13-2160-4a02-bcf2-00f596250c1c\"  style=\"object-position:46.156661786237194% 25.1708984375%\" width=\"5464\"\/>VGTV-profil Martin Sleipnes gifter seg med Lise Bettina Sjursen.  Her Einar T\u00f8rnquist og Linn Bj\u00f8rnsen p\u00e5 vei til festen.  Foto: Hallgeir V\u00e5genes \/ VG<\/p>\n<p class=\"_paragraph_o9xde_4 _paragraph_xtcu6_10 layout-component text-serif-m layout-normal text-serif-m layout-padded\"><a href=\"https:\/\/www.vg.no\/rampelys\/i\/z7MdGv\/einar-toernquist-jeg-har-sluttet-aa-drikke-like-mye-som-jeg-gjorde\" data-track-element-type=\"Link\" data-track-id=\"link:z7MdGv\" class=\"_link_o9xde_39\" rel=\"nofollow noopener\" target=\"_blank\">VG m\u00f8tte T\u00f8rnquist<\/a> til en lengre intervju i 2021.<\/p>\n<p class=\"_paragraph_o9xde_4 _paragraph_xtcu6_10 layout-component text-serif-m layout-normal text-serif-m layout-padded\">\u00a0\u2013\u2060\u00a0Jeg har sluttet \u00e5 drikke like mye som jeg gjorde, sa han da.<\/p>\n<p class=\"_paragraph_o9xde_4 _paragraph_xtcu6_10 layout-component text-serif-m layout-normal text-serif-m layout-padded\"><strong class=\"_strong_o9xde_25\">Han la til at han hadde endret kurs i livet etter at han ble far til Solveig og Willy.<\/strong><\/p>\n<p class=\"_paragraph_o9xde_4 _paragraph_xtcu6_10 layout-component text-serif-m layout-normal text-serif-m layout-padded\">\u2013 Jeg var 35 \u00e5r gammel da vi fikk Solveig. P\u00e5 det tidspunktet viste en fysiologisk test at jeg var 50. N\u00e5 har jeg tatt en ny som viste 40, sa han.<\/p>\n<p class=\"_paragraph_o9xde_4 _paragraph_xtcu6_10 layout-component text-serif-m layout-normal text-serif-m layout-padded\">Han fortalte til VG h\u00f8sten 2021 at han hadde begynte \u00e5 trene med personlig trenger to ganger i uken.<\/p>\n<p class=\"_paragraph_o9xde_4 _paragraph_xtcu6_10 layout-component text-serif-m layout-normal text-serif-m layout-padded\">\u2013 Jeg var veldig utrent. Det verket i albuer og kn\u00e6r etter leking med Solveig. \u00abS\u00e5nn kan jeg ikke ha det\u00bb tenkte jeg.<\/p>\n","protected":false},"excerpt":{"rendered":"Programlederen og komikeren har giftet seg med kj\u00e6resten Linn Bj\u00f8rnsen. Foto: Paul S. Amundsen \/ NTB Oppdatert tirsdag&hellip;\n","protected":false},"author":2,"featured_media":71966,"comment_status":"","ping_status":"","sticky":false,"template":"","format":"standard","meta":{"footnotes":""},"categories":[58],"tags":[31,10038,4849,71,30,28,29,72],"class_list":{"0":"post-71965","1":"post","2":"type-post","3":"status-publish","4":"format-standard","5":"has-post-thumbnail","7":"category-underholdning","8":"tag-breaking","9":"tag-bryllupsdag","10":"tag-einar-tornquist","11":"tag-entertainment","12":"tag-no","13":"tag-norge","14":"tag-norway","15":"tag-underholdning"},"share_on_mastodon":{"url":"https:\/\/pubeurope.com\/@no\/115451064874094093","error":""},"_links":{"self":[{"href":"https:\/\/www.europesays.com\/no\/wp-json\/wp\/v2\/posts\/71965","targetHints":{"allow":["GET"]}}],"collection":[{"href":"https:\/\/www.europesays.com\/no\/wp-json\/wp\/v2\/posts"}],"about":[{"href":"https:\/\/www.europesays.com\/no\/wp-json\/wp\/v2\/types\/post"}],"author":[{"embeddable":true,"href":"https:\/\/www.europesays.com\/no\/wp-json\/wp\/v2\/users\/2"}],"replies":[{"embeddable":true,"href":"https:\/\/www.europesays.com\/no\/wp-json\/wp\/v2\/comments?post=71965"}],"version-history":[{"count":0,"href":"https:\/\/www.europesays.com\/no\/wp-json\/wp\/v2\/posts\/71965\/revisions"}],"wp:featuredmedia":[{"embeddable":true,"href":"https:\/\/www.europesays.com\/no\/wp-json\/wp\/v2\/media\/71966"}],"wp:attachment":[{"href":"https:\/\/www.europesays.com\/no\/wp-json\/wp\/v2\/media?parent=71965"}],"wp:term":[{"taxonomy":"category","embeddable":true,"href":"https:\/\/www.europesays.com\/no\/wp-json\/wp\/v2\/categories?post=71965"},{"taxonomy":"post_tag","embeddable":true,"href":"https:\/\/www.europesays.com\/no\/wp-json\/wp\/v2\/tags?post=71965"}],"curies":[{"name":"wp","href":"https:\/\/api.w.org\/{rel}","templated":true}]}}