{"id":71989,"date":"2025-10-28T09:45:11","date_gmt":"2025-10-28T09:45:11","guid":{"rendered":"https:\/\/www.europesays.com\/no\/71989\/"},"modified":"2025-10-28T09:45:11","modified_gmt":"2025-10-28T09:45:11","slug":"skal-vi-danse-deltakere-tilbringer-tid-sammen-utenfor-parketten","status":"publish","type":"post","link":"https:\/\/www.europesays.com\/no\/71989\/","title":{"rendered":"Skal vi danse-deltakere tilbringer tid sammen utenfor parketten"},"content":{"rendered":"<p class=\"kicker \" style=\"\">\u00abSkal vi danse\u00bb:<\/p>\n<p>  Romanseryktene svirrer: Er det mer enn dans mellom Tale og Antonio?<\/p>\n<p>\n    SVINGOM: Tale Torjussen og Antonio Careri er begge med videre i konkurransen. Foto: Andreas Fadum\/Se og H\u00f8r\n  <\/p>\n<p>Det er slett ingen hemmelighet at romanseryktene begynner \u00e5 svirre rundt deltakerparene som svinger seg p\u00e5 parketten i TV 2-programmet \u00abSkal vi danse\u00bb.<\/p>\n<p class=\"font-weight-bold m-font-weight-bold\" data-lab-font_weight=\"font-weight-bold\">Og noen ganger er det kanskje ikke uten grunn?<\/p>\n<p>    <a itemprop=\"url\" href=\"https:\/\/www.seher.no\/kjendis\/de-har-ikke-funnet-ham-enna\/83772212\" rel=\"nofollow noopener\" target=\"_blank\"><\/p>\n<p>      <img loading=\"lazy\" decoding=\"async\" src=\"https:\/\/www.europesays.com\/no\/wp-content\/uploads\/2025\/10\/1761644709_186_83772481.webp\" width=\"980\" height=\"441\" title=\"- De har ikke funnet ham enn\u00e5\" alt=\"\" class=\"lazyload\" style=\"--aspect-ratio-image: 2.22; \"\/><\/p>\n<p>        &#8211; De har ikke funnet ham enn\u00e5<\/p>\n<p>    <\/a><\/p>\n<p>For ved flere anledninger har det vist seg at danseeventyret har f\u00e5tt en sv\u00e6rt s\u00e5 lykkelig slutt for flere av deltakerne som har medvirket gjennom sesongene.<\/p>\n<p>Programleder Helene Olafsen (35) og J\u00f8rgen Nilsen (35) ble et par etter sin svingom p\u00e5 parketten. Det samme gjorde Iselin Guttormsen (38) og Catalin Mihu (31).\u00a0<\/p>\n<p>          <img loading=\"lazy\" decoding=\"async\" src=\"https:\/\/www.europesays.com\/no\/wp-content\/uploads\/2025\/10\/80518783.webp\" width=\"686\" height=\"536\" title=\"VINNERE: Helene Olafsen og J\u00f8rgen Nilsen vant \u00abSkal vi danse\u00bb i 2017, og ble forelsket i hverandre underveis. Foto: Tor Lindseth\" alt=\"\" class=\"\" style=\"--aspect-ratio-image: 1.28; \"\/><\/p>\n<p>\n          VINNERE: Helene Olafsen og J\u00f8rgen Nilsen vant \u00abSkal vi danse\u00bb i 2017, og ble forelsket i hverandre underveis. Foto: Tor Lindseth\n      <\/p>\n<p class=\"font-weight-bold m-font-weight-bold\" data-lab-font_weight=\"font-weight-bold\">Alle parter kunne bekrefte gladnyheten til slutt &#8211; etter at det i lang tid hadde svirret utallige rykter om at det skulle ha oppst\u00e5tt s\u00f8t musikk mellom de taktfaste stegene.<\/p>\n<p>          <img loading=\"lazy\" decoding=\"async\" src=\"https:\/\/www.europesays.com\/no\/wp-content\/uploads\/2025\/10\/1761644710_387_83673215.webp\" width=\"686\" height=\"590\" title=\"S\u00d8T MUSIKK: Ogs\u00e5 influenser Iselin Guttormsen falt pladask for sin partner, Catalin Mihu, da de begge medvirket i 2022. Foto: Tor Lindseth\/Se og H\u00f8r\" alt=\"\" class=\"\" style=\"--aspect-ratio-image: 1.16; \"\/><\/p>\n<p>\n          S\u00d8T MUSIKK: Ogs\u00e5 influenser Iselin Guttormsen falt pladask for sin partner, Catalin Mihu, da de begge medvirket i 2022. Foto: Tor Lindseth\/Se og H\u00f8r\n      <\/p>\n<p>\u00c5rets sesong er heller intet unntak, og det tok ikke lang tid f\u00f8r de danseglade kjendisene ble konfrontert med ryktene om at de skulle ha funnet tonen p\u00e5 dansegulvet.<\/p>\n<p>        Det ferskeste tilskuddet til \u00abSkal vi danse\u00bb, Antonio Careri, m\u00e5 forlate landet om han ryker ut av dansekonkurransen. Reporter: Trond Markus Gravdal. Video: Christina Holen Korneliussen \/ Dagbladet. Bilder fra TV 2. <\/p>\n<p>Ingen av dem har s\u00e5 langt bekreftet at de er mer enn bare venner, men en ny video som Kasper Kvello (25) har lagt ut under TikTok-kontoen \u00abStyrketreneren\u00bb, har f\u00e5tt kommentarfeltet til \u00e5 koke.<\/p>\n<p>          <img loading=\"lazy\" decoding=\"async\" src=\"https:\/\/www.europesays.com\/no\/wp-content\/uploads\/2025\/10\/83770650.webp\" width=\"686\" height=\"824\" title=\"BARE VENNER?: Flere spekulerer n\u00e5 p\u00e5 om Tale Torjussen og Antonio Careri blir det nye \u00abSkal vi danse\u00bb-paret! Foto: Andreas Fadum\/Se og H\u00f8r\" alt=\"\" class=\"\" style=\"--aspect-ratio-image: 0.83; \"\/><\/p>\n<p>\n          BARE VENNER?: Flere spekulerer n\u00e5 p\u00e5 om Tale Torjussen og Antonio Careri blir det nye \u00abSkal vi danse\u00bb-paret! Foto: Andreas Fadum\/Se og H\u00f8r\n      <\/p>\n<p>I en video f\u00e5r han nemlig v\u00e6re med proffdanser Antonio Careri (27) og hans dansepartner Tale Torjussen (20) p\u00e5 trening.<\/p>\n<p>Kasper p\u00e5peker at Tale og Antonio er riktig s\u00e5 s\u00f8te sammen, og benytter like s\u00e5 greit anledningen til \u00e5 stille den 20-\u00e5r gamle skuespilleren litt til veggs.\u00a0<\/p>\n<p>Mellom piruettene og de l\u00f8se hoftene sp\u00f8r han henne om hun og Antonio tilbringer tid sammen utenfor dansestudio ogs\u00e5.<\/p>\n<p class=\"font-weight-bold m-font-weight-bold\" data-lab-font_weight=\"font-weight-bold\">&#8211; Han (Antonio, journ.anm) har aldri v\u00e6rt i Norge f\u00f8r. Dette er f\u00f8rste gang han er i Norge, s\u00e5 jeg har f\u00f8lt litt at jeg m\u00e5 v\u00e6re Oslo-guide. S\u00e5 jeg har vist ham Frognerparken, forteller en litt kryptisk Tale &#8211; f\u00f8r hun raskt g\u00e5r videre til noe annet.<\/p>\n<p>    <a itemprop=\"url\" href=\"https:\/\/www.seher.no\/kjendis\/ute-av-skal-vi-danse\/83769866\" rel=\"nofollow noopener\" target=\"_blank\"><\/p>\n<p>      <img loading=\"lazy\" decoding=\"async\" src=\"https:\/\/www.europesays.com\/no\/wp-content\/uploads\/2025\/10\/1761644711_8_83771114.webp\" width=\"980\" height=\"441\" title=\"Ute av \u00abSkal vi danse\u00bb\" alt=\"\" class=\"lazyload\" style=\"--aspect-ratio-image: 2.22; \"\/><\/p>\n<p>        Ute av \u00abSkal vi danse\u00bb<\/p>\n<p>    <\/a><\/p>\n<p>I kommentarfeltet er det flere som har lagt merke til den fl\u00f8rtete tonen. En tilhenger har lagt igjen f\u00f8lgende kommentar;<\/p>\n<p>\u00abJeg bare vet at Antonio ble sjalu\u00bb, mens en annen skriver;<\/p>\n<p class=\"font-weight-bold m-font-weight-bold\" data-lab-font_weight=\"font-weight-bold\">\u00abDere ser veldig s\u00f8te ut sammen da\u00bb, samtidig som vedkommende legger ved et bilde av en smilende og brydd Tale.<\/p>\n<p>I videoen til Kasper, forteller ogs\u00e5 skuespilleren at hun tar deltakelsen sin sv\u00e6rt seri\u00f8st.<\/p>\n<p>Selv om det i utgangspunktet bare er satt av tre timer til trening, forteller hun at hun gjerne tilbringer flere timer p\u00e5 studioet &#8211; enn bare den avsatte tiden.<\/p>\n<p>    <a itemprop=\"url\" href=\"https:\/\/www.seher.no\/kjendis\/begge-partnerne-har-godkjent-dette\/83767877\" rel=\"nofollow noopener\" target=\"_blank\"><\/p>\n<p>      <img loading=\"lazy\" decoding=\"async\" src=\"https:\/\/www.europesays.com\/no\/wp-content\/uploads\/2025\/10\/83768087.webp\" width=\"980\" height=\"441\" title=\"- Begge partnerne har godkjent dette\" alt=\"\" class=\"lazyload\" style=\"--aspect-ratio-image: 2.22; \"\/><\/p>\n<p>        &#8211; Begge partnerne har godkjent dette<\/p>\n<p>    <\/a><\/p>\n<p class=\"font-weight-bold m-font-weight-bold\" data-lab-font_weight=\"font-weight-bold\">I den aktuelle TikTok-sekvensen forteller hun til en overrasket Kasper at hun denne dagen har planlagt \u00e5 v\u00e6re p\u00e5 dansesenteret i hele ni timer &#8211; sammen med Antonio.<\/p>\n","protected":false},"excerpt":{"rendered":"\u00abSkal vi danse\u00bb: Romanseryktene svirrer: Er det mer enn dans mellom Tale og Antonio? SVINGOM: Tale Torjussen og&hellip;\n","protected":false},"author":2,"featured_media":71990,"comment_status":"","ping_status":"","sticky":false,"template":"","format":"standard","meta":{"footnotes":""},"categories":[58],"tags":[9874,4104,71,479,30,28,29,2280,9875,72],"class_list":{"0":"post-71989","1":"post","2":"type-post","3":"status-publish","4":"format-standard","5":"has-post-thumbnail","7":"category-underholdning","8":"tag-antonio-careri","9":"tag-eksklusivt","10":"tag-entertainment","11":"tag-kjendis","12":"tag-no","13":"tag-norge","14":"tag-norway","15":"tag-skal-vi-danse","16":"tag-tale-torjussen","17":"tag-underholdning"},"share_on_mastodon":{"url":"https:\/\/pubeurope.com\/@no\/115451155265442733","error":""},"_links":{"self":[{"href":"https:\/\/www.europesays.com\/no\/wp-json\/wp\/v2\/posts\/71989","targetHints":{"allow":["GET"]}}],"collection":[{"href":"https:\/\/www.europesays.com\/no\/wp-json\/wp\/v2\/posts"}],"about":[{"href":"https:\/\/www.europesays.com\/no\/wp-json\/wp\/v2\/types\/post"}],"author":[{"embeddable":true,"href":"https:\/\/www.europesays.com\/no\/wp-json\/wp\/v2\/users\/2"}],"replies":[{"embeddable":true,"href":"https:\/\/www.europesays.com\/no\/wp-json\/wp\/v2\/comments?post=71989"}],"version-history":[{"count":0,"href":"https:\/\/www.europesays.com\/no\/wp-json\/wp\/v2\/posts\/71989\/revisions"}],"wp:featuredmedia":[{"embeddable":true,"href":"https:\/\/www.europesays.com\/no\/wp-json\/wp\/v2\/media\/71990"}],"wp:attachment":[{"href":"https:\/\/www.europesays.com\/no\/wp-json\/wp\/v2\/media?parent=71989"}],"wp:term":[{"taxonomy":"category","embeddable":true,"href":"https:\/\/www.europesays.com\/no\/wp-json\/wp\/v2\/categories?post=71989"},{"taxonomy":"post_tag","embeddable":true,"href":"https:\/\/www.europesays.com\/no\/wp-json\/wp\/v2\/tags?post=71989"}],"curies":[{"name":"wp","href":"https:\/\/api.w.org\/{rel}","templated":true}]}}