{"id":71991,"date":"2025-10-28T09:48:59","date_gmt":"2025-10-28T09:48:59","guid":{"rendered":"https:\/\/www.europesays.com\/no\/71991\/"},"modified":"2025-10-28T09:48:59","modified_gmt":"2025-10-28T09:48:59","slug":"tar-over-rekrutteringsselskap-i-trondheim-stolt","status":"publish","type":"post","link":"https:\/\/www.europesays.com\/no\/71991\/","title":{"rendered":"Tar over rekrutteringsselskap i Trondheim: &#8211; Stolt"},"content":{"rendered":"<p>Dagens sjef, Eilif Solem, fortsetter samtidig i rollen som seniorr\u00e5dgiver og partner, opplyser Search House i en pressemelding.<\/p>\n<p>\u2013 Dette er et naturlig og strategisk grep for \u00e5 styrke laget videre. Frode har vist en imponerende evne til \u00e5 ta selskapets kultur, verdier og faglige standard videre. Han kombinerer ledelseserfaring med sterk kommersiell forst\u00e5else \u2013 og bidrar allerede til \u00e5 l\u00f8fte b\u00e5de team og posisjon i markedet, uttaler styreleder Jan Gunnar Storli.<\/p>\n<p>Siden etableringen i 2012 har Search House blitt en av Midt-Norges mest profilerte akt\u00f8rer innen lederrekruttering. Nylig hentet selskapet inn Harriet Hestad som ny partner.<\/p>\n<p><a href=\"https:\/\/www.mn24.no\/nyheter\/i\/yEWV8K\/blir-partner-gleder-meg-veldig\" rel=\"nofollow noopener\" target=\"_blank\"> <img decoding=\"async\" src=\"data:image\/gif;base64,R0lGODlhEAAJAIAAAP\/\/\/wAAACH5BAEAAAAALAAAAAAQAAkAAAIKhI+py+0Po5yUFQA7\" alt=\"\"\/>   Blir partner: &#8211; Gleder meg veldig  <\/a> <\/p>\n<p>\u2013 Jeg er stolt av tilliten og ser frem til \u00e5 videreutvikle et sterkt fagmilj\u00f8. Vi skal fortsette \u00e5 levere kvalitet, innsikt og verdiskaping i hvert oppdrag, samtidig som vi tilpasser oss endringene i arbeidslivet og kundenes behov, sier Frode Walstad, ny managing partner og daglig leder i Search House.<\/p>\n<p>Eilif Solem ser frem til \u00e5 fokusere p\u00e5 r\u00e5dgivning og kundeoppdrag videre:<\/p>\n<p><img decoding=\"async\" src=\"data:image\/gif;base64,R0lGODlhEAAJAIAAAP\/\/\/wAAACH5BAEAAAAALAAAAAAQAAkAAAIKhI+py+0Po5yUFQA7\" alt=\"\"\/><br \/>\n  Eilif Solem.<br \/>\n  <strong>Foto:<\/strong> Arkiv<\/p>\n<p>&#8211; Dette er en naturlig og riktig utvikling for oss. Frode har kommet godt inn i milj\u00f8et og videref\u00f8rer kulturen og energien i selskapet. Jeg ser frem til \u00e5 bidra med erfaring og engasjement i den videre veksten, sier Solem.<\/p>\n<p><a href=\"https:\/\/www.mn24.no\/regnskapsnytt\/i\/8q0Bg1\/2024-regnskapet-dette-er-de-viktigste-tallene-for-eilif-solem-consulting-as\" rel=\"nofollow noopener\" target=\"_blank\"> <img decoding=\"async\" src=\"data:image\/gif;base64,R0lGODlhEAAJAIAAAP\/\/\/wAAACH5BAEAAAAALAAAAAAQAAkAAAIKhI+py+0Po5yUFQA7\" alt=\"\"\/>   St\u00f8rre overskudd for profilert hodejeger  <\/a> <\/p>\n","protected":false},"excerpt":{"rendered":"Dagens sjef, Eilif Solem, fortsetter samtidig i rollen som seniorr\u00e5dgiver og partner, opplyser Search House i en pressemelding.&hellip;\n","protected":false},"author":2,"featured_media":71992,"comment_status":"","ping_status":"","sticky":false,"template":"","format":"standard","meta":{"footnotes":""},"categories":[56],"tags":[465,60,61,416,466,1647,62,30,28,29],"class_list":{"0":"post-71991","1":"post","2":"type-post","3":"status-publish","4":"format-standard","5":"has-post-thumbnail","7":"category-naeringsliv","8":"tag-arbeidsliv","9":"tag-business","10":"tag-economy","11":"tag-jobb","12":"tag-karriere","13":"tag-midt-norge","14":"tag-naeringsliv","15":"tag-no","16":"tag-norge","17":"tag-norway"},"share_on_mastodon":{"url":"https:\/\/pubeurope.com\/@no\/115451170863116130","error":""},"_links":{"self":[{"href":"https:\/\/www.europesays.com\/no\/wp-json\/wp\/v2\/posts\/71991","targetHints":{"allow":["GET"]}}],"collection":[{"href":"https:\/\/www.europesays.com\/no\/wp-json\/wp\/v2\/posts"}],"about":[{"href":"https:\/\/www.europesays.com\/no\/wp-json\/wp\/v2\/types\/post"}],"author":[{"embeddable":true,"href":"https:\/\/www.europesays.com\/no\/wp-json\/wp\/v2\/users\/2"}],"replies":[{"embeddable":true,"href":"https:\/\/www.europesays.com\/no\/wp-json\/wp\/v2\/comments?post=71991"}],"version-history":[{"count":0,"href":"https:\/\/www.europesays.com\/no\/wp-json\/wp\/v2\/posts\/71991\/revisions"}],"wp:featuredmedia":[{"embeddable":true,"href":"https:\/\/www.europesays.com\/no\/wp-json\/wp\/v2\/media\/71992"}],"wp:attachment":[{"href":"https:\/\/www.europesays.com\/no\/wp-json\/wp\/v2\/media?parent=71991"}],"wp:term":[{"taxonomy":"category","embeddable":true,"href":"https:\/\/www.europesays.com\/no\/wp-json\/wp\/v2\/categories?post=71991"},{"taxonomy":"post_tag","embeddable":true,"href":"https:\/\/www.europesays.com\/no\/wp-json\/wp\/v2\/tags?post=71991"}],"curies":[{"name":"wp","href":"https:\/\/api.w.org\/{rel}","templated":true}]}}