{"id":72215,"date":"2025-10-28T14:24:13","date_gmt":"2025-10-28T14:24:13","guid":{"rendered":"https:\/\/www.europesays.com\/no\/72215\/"},"modified":"2025-10-28T14:24:13","modified_gmt":"2025-10-28T14:24:13","slug":"oppvekst-barn-nye-oppvekst-tall-slik-gikk-det-med-vare-kommuner","status":"publish","type":"post","link":"https:\/\/www.europesays.com\/no\/72215\/","title":{"rendered":"Oppvekst, Barn | Nye oppvekst-tall: Slik gikk det med v\u00e5re kommuner"},"content":{"rendered":"\n<p>\u00abDet skal ikke v\u00e6re kommunegrensene som avgj\u00f8r hvordan barn og unges liv og oppvekst blir\u00bb, skriver  i en pressemelding tirsdag.<\/p>\n<p>De offentliggj\u00f8r hvert \u00e5r en analyse som viser hvordan norske kommuner tar vare p\u00e5 barns rettigheter.<\/p>\n<p>I \u00e5r kommer det blant annet fram at landets kommuner i snitt oppfyller 59 prosent av tjenestene for barn, som de er p\u00e5lagt \u00e5 f\u00f8lge.<\/p>\n<p>\u2013 Dette er dramatiske tall, sier Maria Greenberg Bergheim, generalsekret\u00e6r i UNICEF Norge i meldingen.<\/p>\n<p><b>Se oversikt over hvordan kommunene i gamle Hedmark gj\u00f8r det lenger ned i saken.<\/b><\/p>\n<p>Dette m\u00e5ler Unicef<\/p>\n<p>Analysen tar utgangspunkt i tall som kommunene selv melder inn til Statistisk sentralbyr\u00e5. Av landets 357 kommuner er 319 med.<\/p>\n<p>Konkret ser analysen p\u00e5:<\/p>\n<ul>\n<li>Barnehage: bemanning og kvalitet<\/li>\n<li>Skole: antall l\u00e6rere per elev og trivsel<\/li>\n<li>Barnevern: kapasitet og oppf\u00f8lging<\/li>\n<li>Helse: tilgang p\u00e5 helsesykepleier, helsestasjon, psykisk helse<\/li>\n<li>Kultur: muligheter for fritid og kulturskole<\/li>\n<li>Barns medvirkning: hvor mye barn blir h\u00f8rt i kommunen<\/li>\n<\/ul>\n<p>R\u00f8d\u00f8y kommune i Nordland kommer best ut i analysen, mens V\u00e6r\u00f8y kommune havner p\u00e5 sisteplass.<\/p>\n<p>Barn i kommunene som scorer lavest, har f\u00e6rre voksne i barnehagen, svakere helsetjenester og f\u00e6rre fritidstilbud.<\/p>\n<p>Ringsaker p\u00e5 topp<\/p>\n<p>Unicefs analyse viser at blant L\u00f8ten, Hamar, Stange og Ringsaker, kommer L\u00f8ten d\u00e5rligst ut.<\/p>\n<p>Hamar scorer omtrent midt p\u00e5 landssnittet, mens Stange og Ringsaker gj\u00f8r det bedre.<\/p>\n<p>Et \u00f8yeblikksbilde av prioriteringene<\/p>\n<p><a rel=\"Follow nofollow noopener\" href=\"https:\/\/www.unicef.no\/sites\/default\/files\/2025-10\/UNICEF_Kommuneanalyse_2025.pdf\" target=\"_blank\">Kommuneanalysen<\/a> er ikke laget for \u00e5 henge ut eller premiere kommuner, skriver Unicef.<\/p>\n<p>M\u00e5let er \u00e5 skape debatt om forskjellene i barns oppvekstvilk\u00e5r og \u00f8ke bevissthet om barns rettigheter i kommunene f\u00f8r neste budsjettrunde.<\/p>\n<p>   <img decoding=\"async\" width=\"960\" height=\"540\" fetchpriority=\"low\"  loading=\"lazy\"  src=\"https:\/\/www.europesays.com\/no\/wp-content\/uploads\/2025\/10\/unicef.jpg\" alt=\"\" class=\"brick-c-cFOWSL\" style=\"--brick-image-ratio: 960 \/ 540;\"\/><\/p>\n<p>      Maria Greenberg Bergheim er generalsekret\u00e6r Unicef Norge.<br \/>\n      Foto: Fredrik Ahlsen\/UNICEF\n    <\/p>\n<p>\u2013 Analysen gir et \u00f8yeblikksbilde av kommunens prioriteringer, men for de barna som vokser opp akkurat n\u00e5 er dette realiteten, sier generalsekret\u00e6r Maria Greenberg Bergheim.<\/p>\n<p>  <a href=\"https:\/\/www.h-a.no\/5-139-1848117\" class=\"related-teaser has-image default-story-teaser article--c-eRUmMG article--c-eRUmMG-jKCPdD-design-default\" rel=\"nofollow noopener\" target=\"_blank\"><\/p>\n<p>    <img decoding=\"async\" loading=\"lazy\"  src=\"https:\/\/www.europesays.com\/no\/wp-content\/uploads\/2025\/10\/NTB_oRrsLY2iE3M.jpg\" alt=\"\" class=\"brick-c-cFOWSL\" style=\"\"\/><\/p>\n<p>\n            Les ogs\u00e5<\/p>\n<p>              N\u00e5 vil de ha fakta p\u00e5 bordet: \u2013 Ansatte er kjempeslitne\n        <\/p>\n<p>  <\/a><\/p>\n<p>  <a href=\"https:\/\/www.h-a.no\/5-139-1854041\" class=\"related-teaser has-image default-story-teaser article--c-eRUmMG article--c-eRUmMG-jKCPdD-design-default\" rel=\"nofollow noopener\" target=\"_blank\"><\/p>\n<p>    <img decoding=\"async\" loading=\"lazy\"  src=\"https:\/\/www.europesays.com\/no\/wp-content\/uploads\/2025\/10\/fortvilte+foreldre+i+nordre020.JPG\" alt=\"\" class=\"brick-c-cFOWSL\" style=\"\"\/><\/p>\n<p>\n            Les ogs\u00e5<\/p>\n<p>              Fortvilte foreldre etter nye skolenedleggelser: \u2013 N\u00e5 sl\u00e5r vi av lysene\n        <\/p>\n<p>  <\/a><\/p>\n<p>  <a href=\"https:\/\/www.h-a.no\/5-139-1843784\" class=\"related-teaser has-image default-story-teaser article--c-eRUmMG article--c-eRUmMG-jKCPdD-design-default\" rel=\"nofollow noopener\" target=\"_blank\"><\/p>\n<p>    <img decoding=\"async\" loading=\"lazy\"  src=\"https:\/\/www.europesays.com\/no\/wp-content\/uploads\/2025\/10\/Rune+og+Morten001.JPG\" alt=\"\" class=\"brick-c-cFOWSL\" style=\"\"\/><\/p>\n<p>\n            Les ogs\u00e5<\/p>\n<p>              Fedrene vil ha med foreldre p\u00e5 en avtale: \u2013 Et ansvar vi foreldre m\u00e5 ta\n        <\/p>\n<p>  <\/a><\/p>\n","protected":false},"excerpt":{"rendered":"\u00abDet skal ikke v\u00e6re kommunegrensene som avgj\u00f8r hvordan barn og unges liv og oppvekst blir\u00bb, skriver i en&hellip;\n","protected":false},"author":2,"featured_media":72216,"comment_status":"","ping_status":"","sticky":false,"template":"","format":"standard","meta":{"footnotes":""},"categories":[10],"tags":[36,1301,20,21,24,25,1552,15,22,23,13,30,28,29,14,2208,16,1435,1510,26,27],"class_list":{"0":"post-72215","1":"post","2":"type-post","3":"status-publish","4":"format-standard","5":"has-post-thumbnail","7":"category-norge","8":"tag-art","9":"tag-barn","10":"tag-breaking-news","11":"tag-breakingnews","12":"tag-featured-news","13":"tag-featurednews","14":"tag-hamar","15":"tag-headlines","16":"tag-latest-news","17":"tag-latestnews","18":"tag-news","19":"tag-no","20":"tag-norge","21":"tag-norway","22":"tag-nyheter","23":"tag-oppvekst","24":"tag-overskrifter","25":"tag-ringsaker","26":"tag-story","27":"tag-top-stories","28":"tag-topstories"},"share_on_mastodon":{"url":"https:\/\/pubeurope.com\/@no\/115452252353715858","error":""},"_links":{"self":[{"href":"https:\/\/www.europesays.com\/no\/wp-json\/wp\/v2\/posts\/72215","targetHints":{"allow":["GET"]}}],"collection":[{"href":"https:\/\/www.europesays.com\/no\/wp-json\/wp\/v2\/posts"}],"about":[{"href":"https:\/\/www.europesays.com\/no\/wp-json\/wp\/v2\/types\/post"}],"author":[{"embeddable":true,"href":"https:\/\/www.europesays.com\/no\/wp-json\/wp\/v2\/users\/2"}],"replies":[{"embeddable":true,"href":"https:\/\/www.europesays.com\/no\/wp-json\/wp\/v2\/comments?post=72215"}],"version-history":[{"count":0,"href":"https:\/\/www.europesays.com\/no\/wp-json\/wp\/v2\/posts\/72215\/revisions"}],"wp:featuredmedia":[{"embeddable":true,"href":"https:\/\/www.europesays.com\/no\/wp-json\/wp\/v2\/media\/72216"}],"wp:attachment":[{"href":"https:\/\/www.europesays.com\/no\/wp-json\/wp\/v2\/media?parent=72215"}],"wp:term":[{"taxonomy":"category","embeddable":true,"href":"https:\/\/www.europesays.com\/no\/wp-json\/wp\/v2\/categories?post=72215"},{"taxonomy":"post_tag","embeddable":true,"href":"https:\/\/www.europesays.com\/no\/wp-json\/wp\/v2\/tags?post=72215"}],"curies":[{"name":"wp","href":"https:\/\/api.w.org\/{rel}","templated":true}]}}