{"id":72266,"date":"2025-10-28T15:23:38","date_gmt":"2025-10-28T15:23:38","guid":{"rendered":"https:\/\/www.europesays.com\/no\/72266\/"},"modified":"2025-10-28T15:23:38","modified_gmt":"2025-10-28T15:23:38","slug":"knuste-europarekorden","status":"publish","type":"post","link":"https:\/\/www.europesays.com\/no\/72266\/","title":{"rendered":"Knuste europarekorden"},"content":{"rendered":"<p>  Svenske Andreas Almgren satte europarekord p\u00e5 halvmaraton med over 30 sekunder s\u00f8ndag.<\/p>\n<p>\n    REKORD: Andreas Almgren har hatt en god 2025-sesong. Foto: Marcel ter Bals\/MTB-Photo\/Shutterstock\n  <\/p>\n<p>Han l\u00f8p inn til tida 58.41 p\u00e5 halvmaraton i Valencia s\u00f8ndag morgen. Det tilsvarer to minutter og 47 sekunder per kilometer.<\/p>\n<p>Det er en forbedring av europarekorden med hele 32 sekunder. Julien Wanders fra Sveits hadde rekorden med 59.13, satt i 2019.<\/p>\n<p>Tidligere i sommer tok svensken ogs\u00e5 europarekord p\u00e5 5000 meter med tida 12.44,27.<\/p>\n<p>Selve l\u00f8pet vant Yomif Kejelcha fra Etiopia med tida 58.02.<\/p>\n<p>        \u00abBORN TO RUN\u00bb: Henrik Ingebrigtsen avsl\u00f8rer en dyr interesse.  Video: Prime Video, With\/Monge Hugsted\/Skingen\/Dagbladet <\/p>\n<p>&#8211; Andreas Almgrens suksess fortsetter, skriver Aftonbladet.<\/p>\n<p>Den svenske friidrettsprofilen vant nemlig bronse p\u00e5 10 000 meter i Tokyo-VM i september.<\/p>\n<p>          <a class=\"db-sport-bottom-banner\" href=\"https:\/\/www.dagbladet.no\/pluss\/pluss-sport?utm_tags=ext-camp&amp;utm_source=dbpl&amp;utm_medi[\u2026]rticle-bottom-banner&amp;utm_term=intro-camp&amp;utm_content=580x400\" rel=\"nofollow noopener\" target=\"_blank\"><\/p>\n<p class=\"text\">\n        Neste avspark<br \/>\n        &#8211; ett klikk unna\n      <\/p>\n<p>\n          Pr\u00f8v for kun kr 299\/mnd\n        <\/p>\n<p>        Ingen bindingstid<\/p>\n<p><\/a><\/p>\n","protected":false},"excerpt":{"rendered":"Svenske Andreas Almgren satte europarekord p\u00e5 halvmaraton med over 30 sekunder s\u00f8ndag. REKORD: Andreas Almgren har hatt en&hellip;\n","protected":false},"author":2,"featured_media":72267,"comment_status":"","ping_status":"","sticky":false,"template":"","format":"standard","meta":{"footnotes":""},"categories":[59],"tags":[423,30,28,29,83,82],"class_list":{"0":"post-72266","1":"post","2":"type-post","3":"status-publish","4":"format-standard","5":"has-post-thumbnail","7":"category-sport","8":"tag-friidrett","9":"tag-no","10":"tag-norge","11":"tag-norway","12":"tag-sport","13":"tag-sports"},"share_on_mastodon":{"url":"https:\/\/pubeurope.com\/@no\/115452484226679858","error":""},"_links":{"self":[{"href":"https:\/\/www.europesays.com\/no\/wp-json\/wp\/v2\/posts\/72266","targetHints":{"allow":["GET"]}}],"collection":[{"href":"https:\/\/www.europesays.com\/no\/wp-json\/wp\/v2\/posts"}],"about":[{"href":"https:\/\/www.europesays.com\/no\/wp-json\/wp\/v2\/types\/post"}],"author":[{"embeddable":true,"href":"https:\/\/www.europesays.com\/no\/wp-json\/wp\/v2\/users\/2"}],"replies":[{"embeddable":true,"href":"https:\/\/www.europesays.com\/no\/wp-json\/wp\/v2\/comments?post=72266"}],"version-history":[{"count":0,"href":"https:\/\/www.europesays.com\/no\/wp-json\/wp\/v2\/posts\/72266\/revisions"}],"wp:featuredmedia":[{"embeddable":true,"href":"https:\/\/www.europesays.com\/no\/wp-json\/wp\/v2\/media\/72267"}],"wp:attachment":[{"href":"https:\/\/www.europesays.com\/no\/wp-json\/wp\/v2\/media?parent=72266"}],"wp:term":[{"taxonomy":"category","embeddable":true,"href":"https:\/\/www.europesays.com\/no\/wp-json\/wp\/v2\/categories?post=72266"},{"taxonomy":"post_tag","embeddable":true,"href":"https:\/\/www.europesays.com\/no\/wp-json\/wp\/v2\/tags?post=72266"}],"curies":[{"name":"wp","href":"https:\/\/api.w.org\/{rel}","templated":true}]}}