{"id":72315,"date":"2025-10-28T16:18:14","date_gmt":"2025-10-28T16:18:14","guid":{"rendered":"https:\/\/www.europesays.com\/no\/72315\/"},"modified":"2025-10-28T16:18:14","modified_gmt":"2025-10-28T16:18:14","slug":"samferdsel-nordlandsbanen-togtilbudet-pa-nordlandsbanen-gjenapnes-fire-lokomotiver-leies-inn","status":"publish","type":"post","link":"https:\/\/www.europesays.com\/no\/72315\/","title":{"rendered":"Samferdsel, Nordlandsbanen | Togtilbudet p\u00e5 Nordlandsbanen gjen\u00e5pnes \u2013 fire lokomotiver leies inn"},"content":{"rendered":"\n<p>\u2013 Jeg er str\u00e5lende forn\u00f8yd med at mandatet samferdselsministeren ga Norske Tog i begynnelsen av september n\u00e5 gir resultater. Det betyr at nattoget kan v\u00e6re tilbake s\u00e5 fort det er praktisk mulig, og at Nordlandsbanen kan g\u00e5 helt som normalt igjen s\u00e5 fort l\u00f8sningen forbi raset ved Levanger er p\u00e5 plass, sier kommunal- og distriktsminister Bj\u00f8rnar Skj\u00e6ran i en pressemelding.<\/p>\n<p>Avtalen er inng\u00e5tt med Grenland Rail, og lokomotivene skal brukes av SJ Norge p\u00e5 den viktige strekningen mellom Tr\u00f8ndelag og Nordland. Det f\u00f8rste av de fire lokomotivene er allerede under ombygging i Oslo.<\/p>\n<p>Viktig tilbud<\/p>\n<p>Det har v\u00e6rt et krevende \u00e5r for de reisende etter avsporingen ved Bjerka i 2024 og et senere ras ved Levanger i august i \u00e5r, som har f\u00f8rt til store begrensninger og innstilte avganger, spesielt nattoget Trondheim-Bod\u00f8.<\/p>\n<p>\u2013 Helt siden raset Bjerka har vi jobbet for \u00e5 finne lokomotiver til Nordlandsbanen og v\u00e6rt i kontinuerlig dialog med Jernbanedirektoratet, Norske tog, SJ Norge og Statens jernbanetilsyn, sier samferdselsminister Jon-Ivar Nyg\u00e5rd i pressemeldingen.<\/p>\n<p>Ordf\u00f8rer i Vefsn, Rune Krut\u00e5, understreker ogs\u00e5 viktigheten av tilbudet.<\/p>\n<p>\u2013 Et godt togtilbud p\u00e5 Nordlandsbanen er viktig for b\u00e5de reisende og n\u00e6ringsliv i Nord-Norge. Jeg er veldig glad for at Samferdselsdepartementet har funnet en l\u00f8sning, og at dette n\u00e5 kommer p\u00e5 plass s\u00e5 fort som r\u00e5d er, sier han.<\/p>\n<p>Ordf\u00f8rer i Rana, Geir Waage, gir ros til samferdselsministeren og SJ NORD for \u00e5 ha h\u00e5ndtert situasjonen \u00abp\u00e5 en offensiv og l\u00f8sningsorientert m\u00e5te\u00bb.<\/p>\n<p>\u2013 Situasjonen p\u00e5 Nordlandsbanen har v\u00e6rt krevende etter ulykken p\u00e5 Bjerka i 2024, og det er fullt forst\u00e5elig at det har v\u00e6rt frustrerende for togpassasjerene. Det er derfor bra at Norske tog n\u00e5 har f\u00e5tt p\u00e5 plass fire lokomotiver, sier han.<\/p>\n<p>Neste sommer<\/p>\n<p>Nattogene har v\u00e6rt innstilt i lengre tid p\u00e5 grunn av avsporingen p\u00e5 Nordlandsbanen i oktober 2024, og vil forbli innstilt fram til flere lokomotiver er tilgjengelige for trafikk. Avtalen om innleie av lokomotiver vil dekke behovet.<\/p>\n<p>\u2013 Jeg er glad p\u00e5 vegne av de reisende, som etter planen vil f\u00e5 tilbake et fullgodt togtilbud neste sommer. Da er det forventet at banen vil v\u00e6re gjenopprettet etter raset ved Levanger i august i \u00e5r, sier Nyg\u00e5rd.<\/p>\n<p>Innleien av lokomotiver ble muliggjort etter at Regjeringen \u00e5pnet for dette i nysalderingen av 2024-budsjettet, en beslutning som ble st\u00f8ttet av Stortingets transportkomit\u00e9. Lokomotivene m\u00e5 v\u00e6re robuste nok til \u00e5 t\u00e5le t\u00f8ffe v\u00e6rforhold og lange distanser for \u00e5 gjenopprette persontogtilbudet.<\/p>\n<p>  <a href=\"https:\/\/www.helg.no\/5-24-1106030\" class=\"related-teaser has-image default-story-teaser article--c-eRUmMG article--c-eRUmMG-jKCPdD-design-default\" rel=\"nofollow noopener\" target=\"_blank\"><\/p>\n<p>    <img decoding=\"async\" loading=\"lazy\"  src=\"https:\/\/www.europesays.com\/no\/wp-content\/uploads\/2025\/10\/5_24_891475+IMG_3048.jpg\" alt=\"\" class=\"brick-c-cFOWSL\" style=\"\"\/><\/p>\n<p>\n            Les ogs\u00e5<\/p>\n<p>              Innstiller togavganger p\u00e5 Nordlandsbanen grunnet mangel p\u00e5 togsett: \u2013 Vi beklager p\u00e5 det sterkeste til v\u00e5re kunder\n        <\/p>\n<p>  <\/a><\/p>\n<p>  <a href=\"https:\/\/www.helg.no\/5-24-1101533\" class=\"related-teaser has-image default-story-teaser article--c-eRUmMG article--c-eRUmMG-jKCPdD-design-default\" rel=\"nofollow noopener\" target=\"_blank\"><\/p>\n<p>    <img decoding=\"async\" loading=\"lazy\"  src=\"https:\/\/www.europesays.com\/no\/wp-content\/uploads\/2025\/10\/1761668292_935_Administrerende+direkt%C3%B8r+i+SJ+Norge%2C+Rikke+Lind.+Fotocredit+SJ+Norge.jpg\" alt=\"\" class=\"brick-c-cFOWSL\" style=\"\"\/><\/p>\n<p>\n            Les ogs\u00e5<\/p>\n<p>              Midlertidig togverksted i Bod\u00f8 er klart \u2013 togene g\u00e5r snart igjen p\u00e5 Nordlandsbanen\n        <\/p>\n<p>  <\/a><\/p>\n<p>  <a href=\"https:\/\/www.helg.no\/5-24-1097818\" class=\"related-teaser has-image default-story-teaser article--c-eRUmMG article--c-eRUmMG-jKCPdD-design-default\" rel=\"nofollow noopener\" target=\"_blank\"><\/p>\n<p>    <img decoding=\"async\" loading=\"lazy\"  src=\"https:\/\/www.europesays.com\/no\/wp-content\/uploads\/2025\/10\/cueres_scp-mangler_navn_cNvaEOpjoNQ.jpg\" alt=\"\" class=\"brick-c-cFOWSL\" style=\"\"\/><\/p>\n<p>\n            Les ogs\u00e5<\/p>\n<p>              Vil ikke ha Nordlandsbanen klar for normal drift f\u00f8r sommeren 2026: \u2013 Vanskelig \u00e5 gi en sikker \u00e5pningsdato\n        <\/p>\n<p>  <\/a><\/p>\n","protected":false},"excerpt":{"rendered":"\u2013 Jeg er str\u00e5lende forn\u00f8yd med at mandatet samferdselsministeren ga Norske Tog i begynnelsen av september n\u00e5 gir&hellip;\n","protected":false},"author":2,"featured_media":72316,"comment_status":"","ping_status":"","sticky":false,"template":"","format":"standard","meta":{"footnotes":""},"categories":[10],"tags":[36,20,21,24,25,15,22,23,13,30,450,28,29,14,16,223,1510,26,27,224],"class_list":{"0":"post-72315","1":"post","2":"type-post","3":"status-publish","4":"format-standard","5":"has-post-thumbnail","7":"category-norge","8":"tag-art","9":"tag-breaking-news","10":"tag-breakingnews","11":"tag-featured-news","12":"tag-featurednews","13":"tag-headlines","14":"tag-latest-news","15":"tag-latestnews","16":"tag-news","17":"tag-no","18":"tag-nordlandsbanen","19":"tag-norge","20":"tag-norway","21":"tag-nyheter","22":"tag-overskrifter","23":"tag-samferdsel","24":"tag-story","25":"tag-top-stories","26":"tag-topstories","27":"tag-trafikk"},"share_on_mastodon":{"url":"https:\/\/pubeurope.com\/@no\/115452700768892912","error":""},"_links":{"self":[{"href":"https:\/\/www.europesays.com\/no\/wp-json\/wp\/v2\/posts\/72315","targetHints":{"allow":["GET"]}}],"collection":[{"href":"https:\/\/www.europesays.com\/no\/wp-json\/wp\/v2\/posts"}],"about":[{"href":"https:\/\/www.europesays.com\/no\/wp-json\/wp\/v2\/types\/post"}],"author":[{"embeddable":true,"href":"https:\/\/www.europesays.com\/no\/wp-json\/wp\/v2\/users\/2"}],"replies":[{"embeddable":true,"href":"https:\/\/www.europesays.com\/no\/wp-json\/wp\/v2\/comments?post=72315"}],"version-history":[{"count":0,"href":"https:\/\/www.europesays.com\/no\/wp-json\/wp\/v2\/posts\/72315\/revisions"}],"wp:featuredmedia":[{"embeddable":true,"href":"https:\/\/www.europesays.com\/no\/wp-json\/wp\/v2\/media\/72316"}],"wp:attachment":[{"href":"https:\/\/www.europesays.com\/no\/wp-json\/wp\/v2\/media?parent=72315"}],"wp:term":[{"taxonomy":"category","embeddable":true,"href":"https:\/\/www.europesays.com\/no\/wp-json\/wp\/v2\/categories?post=72315"},{"taxonomy":"post_tag","embeddable":true,"href":"https:\/\/www.europesays.com\/no\/wp-json\/wp\/v2\/tags?post=72315"}],"curies":[{"name":"wp","href":"https:\/\/api.w.org\/{rel}","templated":true}]}}