{"id":72321,"date":"2025-10-28T16:21:10","date_gmt":"2025-10-28T16:21:10","guid":{"rendered":"https:\/\/www.europesays.com\/no\/72321\/"},"modified":"2025-10-28T16:21:10","modified_gmt":"2025-10-28T16:21:10","slug":"ingrid-gjessing-linhave-banner-i-full-frustrasjon-under-71-grader-nord","status":"publish","type":"post","link":"https:\/\/www.europesays.com\/no\/72321\/","title":{"rendered":"Ingrid Gjessing Linhave banner i full frustrasjon under 71 grader nord"},"content":{"rendered":"<p class=\"kicker \" style=\"\">Ramsalt kraftsalve:<\/p>\n<p>  Det ble for meget for Ingrid Gjessing Linhave under en etappe i \u00ab71 grader nord\u00bb. Hun raste mot programleder Tom Stiansen.<\/p>\n<p>\n    D\u00c5RLIG STEMNING: Det har v\u00e6rt f\u00e5 smil \u00e5 hente blant gjengen i lag Nordkapp den siste uken. Avbildet her er J\u00f8rgen Karterud, Hedvig Glestad, H\u00e5vard Lilleheie og Ingrid Gjessing Linhave. Foto: Warner Bros. Discovery\n  <\/p>\n<p>Det er ikke bare-bare \u00e5 delta i et av Norges t\u00f8ffeste realityprogram.\u00a0<\/p>\n<p>Selv om det er heseblesende turer og voldsomme utfordringer som m\u00f8ter deltakerne i det som blir omtalt som Norges vakreste eventyr, er det trolig ikke alle deltakerne som deler det samme synspunktet.<\/p>\n<p>    <a itemprop=\"url\" href=\"https:\/\/www.seher.no\/kjendis\/i-sorg-takk-for-alt\/83774869\" rel=\"nofollow noopener\" target=\"_blank\"><\/p>\n<p>      <img loading=\"lazy\" decoding=\"async\" src=\"https:\/\/www.europesays.com\/no\/wp-content\/uploads\/2025\/10\/83558076.webp\" width=\"980\" height=\"441\" title=\"I sorg: - Takk for alt\" alt=\"\" class=\"lazyload\" style=\"--aspect-ratio-image: 2.22; \"\/><\/p>\n<p>        I sorg: &#8211; Takk for alt<\/p>\n<p>    <\/a><\/p>\n<p>Det har Ingrid Gjessing Linhave (48) smertelig f\u00e5tt erfare. Hun har gjort seg sv\u00e6rt bemerket for sin deltakelse i \u00e5rets sesong.\u00a0<\/p>\n<p>Ikke bare viser hun en helt ny side av seg selv &#8211; hun byr ogs\u00e5 p\u00e5 et par gloser som sjelden har f\u00e5tt spalteplass i beste sendetid.<\/p>\n<p>\u00abTopptur my ass\u00bb, \u00abPikktre\u00bb,\u00a0\u00abDe sier det er et eventyr &#8211; nei, det er ikke det, det er et h*lvete\u00bb, er bare noe den ellers s\u00e5 sm\u00f8rblide programlederen har lirt fra seg n\u00e5r hun har besteget b\u00e5de ett, to og tre fjell.<\/p>\n<p>        T\u00c5RER: Det blir en t\u00f8ff start p\u00e5 \u00ab71 grader nord kjendis\u00bb-eventyret for Ingrid Gjessing Linhave. Video: TV Norge\/ Thea Hope\/ R\u00f8d L\u00f8per<\/p>\n<p>Som regel g\u00e5r sinne, irritasjonen og frustrasjonen fort over, men da deltakerne ble sendt p\u00e5 lang brevandring med farlig nedstigning, gikk det fullstendig i svart for den profilerte TV-programlederen.<\/p>\n<p>    <a itemprop=\"url\" href=\"https:\/\/www.seher.no\/kjendis\/hemmelig-gift\/83779012\" rel=\"nofollow noopener\" target=\"_blank\"><\/p>\n<p>      <img loading=\"lazy\" decoding=\"async\" src=\"https:\/\/www.europesays.com\/no\/wp-content\/uploads\/2025\/10\/83779117.webp\" width=\"980\" height=\"441\" title=\"Hemmelig gift\" alt=\"\" class=\"lazyload\" style=\"--aspect-ratio-image: 2.22; \"\/><\/p>\n<p>        Hemmelig gift<\/p>\n<p>    <\/a><\/p>\n<p class=\"font-weight-bold m-font-weight-bold\" data-lab-font_weight=\"font-weight-bold\">&#8211; Unnskyld, jeg er bare s\u00e5 sliten. Hva er dette for slags tur? Jeg er bare m\u00f8kklei. N\u00e5 skal vi sikkert ned og sykle, og s\u00e5 skal vi koke b\u00e6sj, liksom. Jeg er s\u00e5 innmari lei alle fjellene. M\u00f8kkafjell!!, sier hun mens de er p\u00e5 vei ned fjellet.<\/p>\n<p class=\"font-weight-bold m-font-weight-bold\" data-lab-font_weight=\"font-weight-bold\">Etter 16 timer, er etappen omsider ferdig. N\u00e5r Ingrid f\u00e5r \u00f8ye p\u00e5 Tom Stiansen (55), er hun n\u00e5del\u00f8s i sin tale om hva hun syns om oppgaven de akkurat har fullf\u00f8rt.<\/p>\n<p class=\"font-weight-normal m-font-weight-normal\" data-lab-font_weight=\"font-weight-normal\">Mens hun bryter sammen p\u00e5 bakken, sier hun f\u00f8lgende til en tr\u00f8stende Tom:<\/p>\n<p>        M\u00c5 AVBRYTE: Sikkerhetsteamet m\u00e5 ta grep under en dramatisk kajakktur i \u00ab71 grader nord &#8211; Norges t\u00f8ffeste kjendis\u00bb. Video: TV Norge \/ HBO Max \/ Thea Hope<\/p>\n<p class=\"font-weight-normal m-font-weight-normal\" data-lab-font_weight=\"font-weight-normal\">&#8211; Hva er det du driver med, Tom? Dette var helt forferdelig! Sorry, jeg vet at du syns dette er tull. Du elsker jo dette!, sier hun f\u00f8r hun legger til;<\/p>\n<p>    <a itemprop=\"url\" href=\"https:\/\/www.seher.no\/kjendis\/svarer-kryptisk-om-ryktene\/83774653\" rel=\"nofollow noopener\" target=\"_blank\"><\/p>\n<p>      <img loading=\"lazy\" decoding=\"async\" src=\"https:\/\/www.europesays.com\/no\/wp-content\/uploads\/2025\/10\/1761668468_473_83769879.webp\" width=\"980\" height=\"441\" title=\"Svarer kryptisk om ryktene\" alt=\"\" class=\"lazyload\" style=\"--aspect-ratio-image: 2.22; \"\/><\/p>\n<p>        Svarer kryptisk om ryktene<\/p>\n<p>    <\/a><\/p>\n<p class=\"font-weight-bold m-font-weight-bold\" data-lab-font_weight=\"font-weight-bold\">&#8211; Jeg f\u00f8ler jeg har f\u00f8dt ut av hjernen. De forbaska greinene i skiene&#8230; jeg mener det. Natur er s\u00e5 voldsomt oppskrytt. Lars Monsen-folk m\u00e5 fader meg roe seg litt ned! Det er s\u00e5 mye negativt med natur som vi aldri snakker om!<\/p>\n<p>        FLASH: Kreative metoder tas i bruk n\u00e5r deltakerne i \u00ab71 grader nord &#8211; team\u00bb m\u00e5 skaffe seg haik til neste post. Video: Thea Hope\/ TV Norge &amp; MAX\/ R\u00f8d L\u00f8per<\/p>\n<p class=\"font-weight-normal m-font-weight-normal\" data-lab-font_weight=\"font-weight-normal\">Etter at de andre deltakerne legger en omtenksom h\u00e5nd rundt henne, tar det ikke veldig lang tid f\u00f8r Ingrid er tilbake til sitt sedvanlige jeg.<\/p>\n<p class=\"font-weight-normal m-font-weight-normal\" data-lab-font_weight=\"font-weight-normal\">Hun innr\u00f8mmer likevel at hun kanskje har et behov for \u00e5 slenge litt dritt om naturen fra tid til annen.<\/p>\n<p class=\"font-weight-normal m-font-weight-normal\" data-lab-font_weight=\"font-weight-normal\">&#8211; P\u00e5 forh\u00e5nd hadde jeg tenkt at jeg ikke skulle si et eneste banneord! Pr\u00f8ve \u00e5 v\u00e6re blid og takknemlig. Men saken var at jeg har temperament, og var til tider s\u00e5 sliten at jeg ikke eide selvkontroll, forteller hun til Se og H\u00f8r.<\/p>\n<p class=\"font-weight-normal m-font-weight-normal\" data-lab-font_weight=\"font-weight-normal\">Hun legger til at hun ofte trodde at kameraene var av &#8211; eller at de verste glosene ville bli sensurert &#8230;<\/p>\n<p>          <img loading=\"lazy\" decoding=\"async\" src=\"https:\/\/www.europesays.com\/no\/wp-content\/uploads\/2025\/10\/83580287.webp\" width=\"980\" height=\"559\" title=\"STORT SETT BLID: Selv om Ingrid Gjessing Linhave alltid har et smil p\u00e5 lur og et glimt i \u00f8yet, ble den monsterlange etappen litt i lengste laget. Foto: Andreas Fadum\/Se og H\u00f8r\" alt=\"\" class=\"\" style=\"--aspect-ratio-image: 1.75; \"\/><\/p>\n<p>\n          STORT SETT BLID: Selv om Ingrid Gjessing Linhave alltid har et smil p\u00e5 lur og et glimt i \u00f8yet, ble den monsterlange etappen litt i lengste laget. Foto: Andreas Fadum\/Se og H\u00f8r\n      <\/p>\n<p class=\"font-weight-normal m-font-weight-normal\" data-lab-font_weight=\"font-weight-normal\">&#8211; Men neida. Da jeg kom ned dalen og s\u00e5 Tom s\u00e5 er jeg s\u00e5 nedkj\u00f8rt av 30 kilo p\u00e5 ryggen, bihulebetennelse og bronkitt og kjente at kn\u00e6rne snart ga etter, at ryggen jeg har operert knirker og at jeg faktisk ser dobbelt\u2026 da rant det over.\u00a0<\/p>\n<p>    <a itemprop=\"url\" href=\"https:\/\/www.seher.no\/kongelig\/bade-mor-og-sonn-mottar-behandling\/83778352\" rel=\"nofollow noopener\" target=\"_blank\"><\/p>\n<p>      <img loading=\"lazy\" decoding=\"async\" src=\"https:\/\/www.europesays.com\/no\/wp-content\/uploads\/2025\/10\/83778393.webp\" width=\"980\" height=\"441\" title=\"Begge mottar behandling\" alt=\"\" class=\"lazyload\" style=\"--aspect-ratio-image: 2.22; \"\/><\/p>\n<p>        Begge mottar behandling<\/p>\n<p>    <\/a><\/p>\n<p class=\"font-weight-normal m-font-weight-normal\" data-lab-font_weight=\"font-weight-normal\">Selv om det rant over, flommer sosiale medier over av kommentarer, videoer og reposter som alle gir sine fulle jubelrop til Ingrid &#8211; og elsker at hun er s\u00e5pass ufiltrert og \u00e6rlig i sitt m\u00f8te med den norske fjellheimen.<\/p>\n<p class=\"font-weight-bold m-font-weight-bold\" data-lab-font_weight=\"font-weight-bold\">&#8211; Men, jeg elsker tur. Elsker norsk natur. Men jeg elsker ikke lengden og mengden og da ble det noen gloser ja! Det er dessverre vanskelig for meg \u00e5 si \u00abopsideisi\u00bb n\u00e5r jeg er s\u00e5 fortvilet og p\u00e5 b\u00e5nn.<\/p>\n","protected":false},"excerpt":{"rendered":"Ramsalt kraftsalve: Det ble for meget for Ingrid Gjessing Linhave under en etappe i \u00ab71 grader nord\u00bb. Hun&hellip;\n","protected":false},"author":2,"featured_media":72322,"comment_status":"","ping_status":"","sticky":false,"template":"","format":"standard","meta":{"footnotes":""},"categories":[58],"tags":[4641,10070,4104,71,4573,479,30,28,29,72],"class_list":{"0":"post-72321","1":"post","2":"type-post","3":"status-publish","4":"format-standard","5":"has-post-thumbnail","7":"category-underholdning","8":"tag-71-grader-nord-norges-toffeste-kjendis","9":"tag-banning","10":"tag-eksklusivt","11":"tag-entertainment","12":"tag-ingrid-gjessing-linhave","13":"tag-kjendis","14":"tag-no","15":"tag-norge","16":"tag-norway","17":"tag-underholdning"},"share_on_mastodon":{"url":"https:\/\/pubeurope.com\/@no\/115452712850041191","error":""},"_links":{"self":[{"href":"https:\/\/www.europesays.com\/no\/wp-json\/wp\/v2\/posts\/72321","targetHints":{"allow":["GET"]}}],"collection":[{"href":"https:\/\/www.europesays.com\/no\/wp-json\/wp\/v2\/posts"}],"about":[{"href":"https:\/\/www.europesays.com\/no\/wp-json\/wp\/v2\/types\/post"}],"author":[{"embeddable":true,"href":"https:\/\/www.europesays.com\/no\/wp-json\/wp\/v2\/users\/2"}],"replies":[{"embeddable":true,"href":"https:\/\/www.europesays.com\/no\/wp-json\/wp\/v2\/comments?post=72321"}],"version-history":[{"count":0,"href":"https:\/\/www.europesays.com\/no\/wp-json\/wp\/v2\/posts\/72321\/revisions"}],"wp:featuredmedia":[{"embeddable":true,"href":"https:\/\/www.europesays.com\/no\/wp-json\/wp\/v2\/media\/72322"}],"wp:attachment":[{"href":"https:\/\/www.europesays.com\/no\/wp-json\/wp\/v2\/media?parent=72321"}],"wp:term":[{"taxonomy":"category","embeddable":true,"href":"https:\/\/www.europesays.com\/no\/wp-json\/wp\/v2\/categories?post=72321"},{"taxonomy":"post_tag","embeddable":true,"href":"https:\/\/www.europesays.com\/no\/wp-json\/wp\/v2\/tags?post=72321"}],"curies":[{"name":"wp","href":"https:\/\/api.w.org\/{rel}","templated":true}]}}