{"id":72337,"date":"2025-10-28T16:32:36","date_gmt":"2025-10-28T16:32:36","guid":{"rendered":"https:\/\/www.europesays.com\/no\/72337\/"},"modified":"2025-10-28T16:32:36","modified_gmt":"2025-10-28T16:32:36","slug":"katrine-edvardsen-fra-ville-fristelser-snakker-om-froken-norge-opplevelsen-2","status":"publish","type":"post","link":"https:\/\/www.europesays.com\/no\/72337\/","title":{"rendered":"Katrine Edvardsen fra Ville fristelser snakker om Fr\u00f8ken Norge-opplevelsen"},"content":{"rendered":"<p class=\"kicker \" style=\"\">Katrine fra \u00abVille fristelser\u00bb:<\/p>\n<p>  Selv uten \u00f8nske om rampelys, har Katrine Edvardsen forvillet seg inn i b\u00e5de jungelen og p\u00e5 scenen.<\/p>\n<p>\n    P\u00c5 TV: Katrine Edvardsen er en av \u00e5rets deltakere i NRKs \u00abVille fristelser\u00bb. Foto: Kingston Young\/Monster\/NRK\n  <\/p>\n<p>I \u00abVille fristelser\u00bb st\u00e5r hun st\u00f8tt i valgene sine, akkurat som hun har gjort siden ungdoms\u00e5rene.<\/p>\n<p>    <a itemprop=\"url\" href=\"https:\/\/www.seher.no\/kjendis\/vond-fortid-ble-livredd\/83708610\" rel=\"nofollow noopener\" target=\"_blank\"><\/p>\n<p>      <img loading=\"lazy\" decoding=\"async\" src=\"https:\/\/www.europesays.com\/no\/wp-content\/uploads\/2025\/10\/1761669150_710_83701972.webp\" width=\"980\" height=\"441\" title=\"Vond fortid: - Ble livredd\" alt=\"\" class=\"lazyload\" style=\"--aspect-ratio-image: 2.22; \"\/><\/p>\n<p>        Vond fortid: &#8211; Ble livredd<\/p>\n<p>    <\/a><\/p>\n<p><a href=\"https:\/\/www.seher.no\/kjendis\/vond-fortid-ble-livredd\/83708610\" rel=\"nofollow noopener\" target=\"_blank\">Katrine Edvardsen (37)<\/a> angrer sjelden p\u00e5 noe, heller ikke p\u00e5 tiden som missedeltaker.<\/p>\n<p> For om du mener \u00e5 ha sett henne f\u00f8r, er ikke det s\u00e5 rart.<\/p>\n<p>&#8211; Det var kleint\t<\/p>\n<p>I 2006 deltok 17 \u00e5r gamle Katrine i missekonkurransen Fr\u00f8ken Norge.\u00a0<\/p>\n<p>Katrine ble meldt p\u00e5 av en venninne. Hun var skeptisk, men \u00abja-mennesket\u00bb i henne klarte ikke \u00e5 la v\u00e6re.\u00a0<\/p>\n<p>          <img loading=\"lazy\" decoding=\"async\" src=\"https:\/\/www.europesays.com\/no\/wp-content\/uploads\/2025\/10\/1761669153_462_83767861.webp\" width=\"686\" height=\"940\" title=\"STILTE OPP: Som deltaker m\u00e5tte man v\u00e6re komfortabel foran kamera. Her er Katrine under en av fotograferingene i 2006. Foto: Tor Lindseth\/Se og H\u00f8r\" alt=\"\" class=\"\" style=\"--aspect-ratio-image: 0.73; \"\/><\/p>\n<p>\n          STILTE OPP: Som deltaker m\u00e5tte man v\u00e6re komfortabel foran kamera. Her er Katrine under en av fotograferingene i 2006. Foto: Tor Lindseth\/Se og H\u00f8r\n      <\/p>\n<p>&#8211; Jeg var ikke mentalt der. Jeg er ikke en som har lyst til \u00e5 stikke meg ut eller v\u00e6re med p\u00e5 s\u00e5nne ting. Jeg syntes det var kleint, forteller Katrine til Se og H\u00f8r.<\/p>\n<p>        SER R\u00d8DT: To deltakere g\u00e5r bak ryggen til den andre og bruke flere titalls tusen av premiepotten. Video: NRK TV \/ \u00abVille fristelser\u00bb\/ R\u00f8d L\u00f8per<\/p>\n<p>&#8211; Jeg skulle v\u00e6re russ og ha det g\u00f8y! Jeg skulle ikke v\u00e6re med p\u00e5 noe missekonkurranse, fortsetter hun lattermildt.\u00a0<\/p>\n<p>Kom langt\t<\/p>\n<p>Etter hvert som \u00e5rene har g\u00e5tt har minnene fra missekonkurransen blitt mer og mer vasket ut.\u00a0<\/p>\n<p>Katrine minnes likevel f\u00f8lelsen av at \u00abher skal ikke jeg v\u00e6re\u00bb.<\/p>\n<p>    <a itemprop=\"url\" href=\"https:\/\/www.seher.no\/kjendis\/dette-fikk-du-ikke-se-pa-tv\/83691358\" rel=\"nofollow noopener\" target=\"_blank\"><\/p>\n<p>      <img loading=\"lazy\" decoding=\"async\" src=\"https:\/\/www.europesays.com\/no\/wp-content\/uploads\/2025\/10\/1761669153_252_83690875.webp\" width=\"980\" height=\"441\" title=\"Dette fikk du ikke se p\u00e5 TV\" alt=\"\" class=\"lazyload\" style=\"--aspect-ratio-image: 2.22; \"\/><\/p>\n<p>        Dette fikk du ikke se p\u00e5 TV<\/p>\n<p>    <\/a><\/p>\n<p>&#8211; Det var ikke meg, verken i forhold til de andre deltakerne eller hvor jeg var i livet p\u00e5 det tidspunktet.<\/p>\n<p>Til tross for at missekonkurransen ikke var noe for henne &#8211; var hun noe for den. Katrine var blant de ti jentene som kom videre til semifinalen.<\/p>\n<p>          <img loading=\"lazy\" decoding=\"async\" src=\"https:\/\/www.europesays.com\/no\/wp-content\/uploads\/2025\/10\/83767866.webp\" width=\"686\" height=\"488\" title=\"POPUL\u00c6RT: Missekonkurransen var stor p\u00e5 tidlig 2000-tallet. Her er finalen i 2007. Foto: NTB\" alt=\"\" class=\"\" style=\"--aspect-ratio-image: 1.41; \"\/><\/p>\n<p>\n          POPUL\u00c6RT: Missekonkurransen var stor p\u00e5 tidlig 2000-tallet. Her er finalen i 2007. Foto: NTB\n      <\/p>\n<p>Men selv om hun gjorde det bra, valgte Katrine \u00e5 avslutte missekonkurranse-eventyret der.\u00a0<\/p>\n<p>&#8211; Jeg ga meg da det begynte med noe stemmer p\u00e5 TV, eller noe s\u00e5nt. Da tenkte jeg bare: \u00abJeg har ikke lyst, ikke stem!\u00bb.\u00a0<\/p>\n<p>Angrer ikke\t<\/p>\n<p>Katrine understreker at hun skj\u00f8nner at deltakelsen i en missekonkurranse kan bety mye for noen.\u00a0<\/p>\n<p>&#8211; For de jentene som virkelig brenner for det, s\u00e5 kan det jo gj\u00f8re en forskjell. Men det var bare ikke noe for meg. Jeg hadde ikke noe \u00e5 gi, for jeg hadde ikke lyst til \u00e5 v\u00e6re der.\u00a0<\/p>\n<p>          <img loading=\"lazy\" decoding=\"async\" src=\"https:\/\/www.europesays.com\/no\/wp-content\/uploads\/2025\/10\/83771298.webp\" width=\"980\" height=\"559\" title=\"KOMISK: Katrine ser tilbake p\u00e5 fortiden med et smil. Foto: John T. Pedersen\/NTB\" alt=\"\" class=\"\" style=\"--aspect-ratio-image: 1.75; \"\/><\/p>\n<p>\n          KOMISK: Katrine ser tilbake p\u00e5 fortiden med et smil. Foto: John T. Pedersen\/NTB\n      <\/p>\n<p>Smilet er stort n\u00e5r hun prater om tiden foran fotografene og p\u00e5 scenen. Verbet \u00ab\u00e5 angre\u00bb ser ikke ut til \u00e5 eksistere i Katrines ordbok.\u00a0<\/p>\n<p>&#8211; Er det \u00e9n ting jeg ikke gj\u00f8r, s\u00e5 er det \u00e5 angre p\u00e5 ting!<\/p>\n<p>        RENNER OVER: N\u00e5r den samme \u00abVille fristelser\u00bb-gruppa nok engang forsyner seg grovt av premiepotten, blir stemningen enda d\u00e5rligere. Video: \u00abVille fristelser\u00bb\/ NRK TV\/ R\u00f8d L\u00f8per<\/p>\n<p>Missekonkurransen ble startet av Dagbladet i 1952. Fra 1986 til 2011 var det <a href=\"https:\/\/www.seher.no\/kjendis\/fikk-dobbel-kreft-diagnose\/82968465\" rel=\"nofollow noopener\" target=\"_blank\">Geir Hamnes<\/a> som hadde ansvar for arrangementet. Da Fr\u00f8ken Norge tok slutt i 2011, ble konkurransen videref\u00f8rt under navnet Miss Norway.<\/p>\n","protected":false},"excerpt":{"rendered":"Katrine fra \u00abVille fristelser\u00bb: Selv uten \u00f8nske om rampelys, har Katrine Edvardsen forvillet seg inn i b\u00e5de jungelen&hellip;\n","protected":false},"author":2,"featured_media":72338,"comment_status":"","ping_status":"","sticky":false,"template":"","format":"standard","meta":{"footnotes":""},"categories":[10],"tags":[20,21,24,25,9934,15,8619,479,2543,22,23,13,30,28,29,14,16,26,27,7316],"class_list":{"0":"post-72337","1":"post","2":"type-post","3":"status-publish","4":"format-standard","5":"has-post-thumbnail","7":"category-norge","8":"tag-breaking-news","9":"tag-breakingnews","10":"tag-featured-news","11":"tag-featurednews","12":"tag-froken-norge","13":"tag-headlines","14":"tag-katrine-edvardsen","15":"tag-kjendis","16":"tag-kjendisdesken","17":"tag-latest-news","18":"tag-latestnews","19":"tag-news","20":"tag-no","21":"tag-norge","22":"tag-norway","23":"tag-nyheter","24":"tag-overskrifter","25":"tag-top-stories","26":"tag-topstories","27":"tag-ville-fristelser"},"share_on_mastodon":{"url":"https:\/\/pubeurope.com\/@no\/115452755884822646","error":""},"_links":{"self":[{"href":"https:\/\/www.europesays.com\/no\/wp-json\/wp\/v2\/posts\/72337","targetHints":{"allow":["GET"]}}],"collection":[{"href":"https:\/\/www.europesays.com\/no\/wp-json\/wp\/v2\/posts"}],"about":[{"href":"https:\/\/www.europesays.com\/no\/wp-json\/wp\/v2\/types\/post"}],"author":[{"embeddable":true,"href":"https:\/\/www.europesays.com\/no\/wp-json\/wp\/v2\/users\/2"}],"replies":[{"embeddable":true,"href":"https:\/\/www.europesays.com\/no\/wp-json\/wp\/v2\/comments?post=72337"}],"version-history":[{"count":0,"href":"https:\/\/www.europesays.com\/no\/wp-json\/wp\/v2\/posts\/72337\/revisions"}],"wp:featuredmedia":[{"embeddable":true,"href":"https:\/\/www.europesays.com\/no\/wp-json\/wp\/v2\/media\/72338"}],"wp:attachment":[{"href":"https:\/\/www.europesays.com\/no\/wp-json\/wp\/v2\/media?parent=72337"}],"wp:term":[{"taxonomy":"category","embeddable":true,"href":"https:\/\/www.europesays.com\/no\/wp-json\/wp\/v2\/categories?post=72337"},{"taxonomy":"post_tag","embeddable":true,"href":"https:\/\/www.europesays.com\/no\/wp-json\/wp\/v2\/tags?post=72337"}],"curies":[{"name":"wp","href":"https:\/\/api.w.org\/{rel}","templated":true}]}}