{"id":72374,"date":"2025-10-28T17:45:17","date_gmt":"2025-10-28T17:45:17","guid":{"rendered":"https:\/\/www.europesays.com\/no\/72374\/"},"modified":"2025-10-28T17:45:17","modified_gmt":"2025-10-28T17:45:17","slug":"karate-sarpsborg-karateklubb-maria-skrev-historie-sitter-igjen-med-tarevate-oyeblikk","status":"publish","type":"post","link":"https:\/\/www.europesays.com\/no\/72374\/","title":{"rendered":"Karate, Sarpsborg Karateklubb | Maria skrev historie: \u2013 Sitter igjen med t\u00e5rev\u00e5te \u00f8yeblikk"},"content":{"rendered":"\n<p>Mesterskapet ble nylig arrangert i Venezia, Italia. Klubben tok ogs\u00e5 fire medaljer i andre klasser.<\/p>\n<p>\u2013 Vi sitter igjen med mange gode opplevelser og herlige, t\u00e5rev\u00e5te gledes\u00f8yeblikk, forteller Sensei (mester) Juan Guillermo Lopez Salas.<\/p>\n<p>Maria Elisabeth Dyhre er en del av para-karate-prosjektet \u00abBarn med Downs syndrom p\u00e5 karatestevner\u00bb. Det ble et historisk \u00f8yeblikk for norsk karate da hun tok bronsemedalje i EM.<\/p>\n<p>\u2013 Vi har opplevd mange flotte og uforglemmelige \u00f8yeblikk med gjengen i para-karate tidligere, blant annet i flere norgesmesterskap og konkurranser i Sverige, men dette ble noe helt annet, da det var en helt ny utfordring med et internasjonalt mesterskap i v\u00e5r karatestilart i Europa, sier Lopez Salas.<\/p>\n<p>Viser unik glede<\/p>\n<p>Treneren forteller at Maria begynte \u00e5 trene for snart to \u00e5r siden. Da hadde hun aldri trent karate f\u00f8r.<\/p>\n<p>\u2013 Jeg forsto fra f\u00f8rste stund at Maria l\u00e6rte kata veldig raskt og hadde en veldig fin forst\u00e5else av det hun gjorde. Hun har utviklet seg enormt siden hun begynte. Det flotteste av alt, fra f\u00f8rste \u00f8yeblikk, er gleden hun viste ved \u00e5 v\u00e6re p\u00e5 matta sammen med de andre ut\u00f8verne og trenerne. Jeg har trent mange unge og voksne talenter gjennom mitt snart 50 \u00e5r lange karateliv, men den glede jeg f\u00f8ler n\u00e5r Maria og mine andre para-karateut\u00f8vere g\u00e5r p\u00e5 gulvet, er helt unik, sier Lopez Salas.<\/p>\n<p>Han forteller at Dyhre var godt forberedt med gode trenings\u00f8kter. Til tross for de gode trenings\u00f8ktene var ledelsen likevel litt nerv\u00f8s f\u00f8r konkurransen, med tanke p\u00e5 alt som vanligvis skjer rundt ut\u00f8verne p\u00e5 de store mesterskapene. Det var mye nytt p\u00e5 en gang, flere hundre tilskuere p\u00e5 tribunen og mye venting grunnet et forsinket tidsskjema.<\/p>\n<p>\u2013 Det var en stor glede at Maria til tider holdt seg roligere enn oss trenere. Hver gang vi spurte henne hvordan det gikk, fikk vi til svar med et smil: \u00abDet g\u00e5r veldig bra, Juan\u00bb, sier han.<\/p>\n<p>Ungjenta leverte ogs\u00e5 sv\u00e6rt bra p\u00e5 karatematten.<\/p>\n<p>\u2013 Maria gikk tre flotte kata, og hun gjorde det p\u00e5 akkurat samme m\u00e5ten som vi hadde trent p\u00e5. Sikre, sterke og solide i forhold til stilarten. Det var en sv\u00e6rt velfortjent bronsemedalje, som er det st\u00f8rste en para-ut\u00f8ver fra Norge har opplevd og oppn\u00e5dd i et WKF-stilartmesterskap. Det er historisk, sier Lopez Salas.<\/p>\n<p>Flaggb\u00e6rer for Norge<\/p>\n<p>Maria Elisabeth Dyhre var ogs\u00e5 flaggb\u00e6rer for den norske troppen. Det var ogs\u00e5 et stort \u00f8yeblikk.<\/p>\n<p>\u2013 Vi kunne se at Maria var like stolt som oss andre. I l\u00f8pet av helgen kom det noen gledest\u00e5rer og en stor f\u00f8lelse av stolthet. Det var fantastisk \u00e5 oppleve at Maria fikk g\u00e5 p\u00e5 pallen og hente en medalje, sier han.<\/p>\n<p>   <img decoding=\"async\" width=\"1702\" height=\"1168\" fetchpriority=\"low\"  loading=\"lazy\"  src=\"https:\/\/www.europesays.com\/no\/wp-content\/uploads\/2025\/10\/Maria+Dyhre1.jpg\" alt=\"\" class=\"brick-c-cFOWSL\" style=\"--brick-image-ratio: 1702 \/ 1168;\"\/><\/p>\n<p>      Maria Elisabeth Dyhre fra Sarpsborg Karateklubb var flaggb\u00e6rer for den norske troppen i EM. Her g\u00e5r hun sammen med Maiken Lundem.<br \/>\n      Foto: Privat\n    <\/p>\n<p>Lopez Salas mener at Dyhre viser at para-karate har en framtid i Norge.<\/p>\n<p>\u2013 Vi har \u00e5pnet en d\u00f8r for para-karate i Norge. V\u00e5r egen Maria g\u00e5r i front og viser veien. Hun har gjort d\u00f8ren st\u00f8rre, og d\u00f8ren skal holdes \u00e5pen slik at alle barn, ungdommer og voksne med utfordringer skal ha samme muligheter til \u00e5 konkurrere, uansett klubb eller forbund eller konflikter. Maria har blitt en viktig ambassad\u00f8r for alle barn og ungdommer med utfordringer, og vi er stolte av henne, sier han.<\/p>\n<p>Flere medaljer<\/p>\n<p>Sarpsborg Karateklubb tok ytterligere medaljer i EM i andre klasser. Samuel Kraft tok en s\u00f8lvmedalje, mens Maiken Lundem, Julian Johansen og Matilde Gr\u00f8nsholt sikret seg bronsemedaljer. Alle gjorde fine prestasjoner.<\/p>\n<p>  <a href=\"https:\/\/www.sa.no\/5-46-1739330\" class=\"related-teaser has-image default-story-teaser article--c-eRUmMG article--c-eRUmMG-jKCPdD-design-default\" rel=\"nofollow noopener\" target=\"_blank\"><\/p>\n<p>    <img decoding=\"async\" loading=\"lazy\"  src=\"https:\/\/www.europesays.com\/no\/wp-content\/uploads\/2025\/10\/Sarpsborg+karateklubb+i+NM.jpg\" alt=\"\" class=\"brick-c-cFOWSL\" style=\"\"\/><\/p>\n<p>\n            Les ogs\u00e5<\/p>\n<p>              Vanvittige prestasjoner i NM: 14 (!) nye Norgesmestere til Sarpsborg\n        <\/p>\n<p>  <\/a><\/p>\n<p>  <a href=\"https:\/\/www.sa.no\/5-46-1721185\" class=\"related-teaser has-image default-story-teaser article--c-eRUmMG article--c-eRUmMG-jKCPdD-design-default\" rel=\"nofollow noopener\" target=\"_blank\"><\/p>\n<p>    <img decoding=\"async\" loading=\"lazy\"  src=\"https:\/\/www.europesays.com\/no\/wp-content\/uploads\/2025\/10\/Maria+Elisabeth+Dyhre+%284%29.jpg\" alt=\"\" class=\"brick-c-cFOWSL\" style=\"\"\/><\/p>\n<p>\n            Les ogs\u00e5<\/p>\n<p>              Maria fra Sarpsborg ble historisk: \u2013 Hun sier at det er det beste i hele verden\n        <\/p>\n<p>  <\/a><\/p>\n","protected":false},"excerpt":{"rendered":"Mesterskapet ble nylig arrangert i Venezia, Italia. Klubben tok ogs\u00e5 fire medaljer i andre klasser. \u2013 Vi sitter&hellip;\n","protected":false},"author":2,"featured_media":72375,"comment_status":"","ping_status":"","sticky":false,"template":"","format":"standard","meta":{"footnotes":"","_share_on_mastodon":"0"},"categories":[59],"tags":[36,10080,10078,30,28,29,10079,83,82,1510],"class_list":["post-72374","post","type-post","status-publish","format-standard","has-post-thumbnail","category-sport","tag-art","tag-juan-lopez","tag-karate","tag-no","tag-norge","tag-norway","tag-sarpsborg-karateklubb","tag-sport","tag-sports","tag-story"],"share_on_mastodon":{"url":"https:\/\/pubeurope.com\/@no\/115453042709506076","error":""},"_links":{"self":[{"href":"https:\/\/www.europesays.com\/no\/wp-json\/wp\/v2\/posts\/72374","targetHints":{"allow":["GET"]}}],"collection":[{"href":"https:\/\/www.europesays.com\/no\/wp-json\/wp\/v2\/posts"}],"about":[{"href":"https:\/\/www.europesays.com\/no\/wp-json\/wp\/v2\/types\/post"}],"author":[{"embeddable":true,"href":"https:\/\/www.europesays.com\/no\/wp-json\/wp\/v2\/users\/2"}],"replies":[{"embeddable":true,"href":"https:\/\/www.europesays.com\/no\/wp-json\/wp\/v2\/comments?post=72374"}],"version-history":[{"count":0,"href":"https:\/\/www.europesays.com\/no\/wp-json\/wp\/v2\/posts\/72374\/revisions"}],"wp:featuredmedia":[{"embeddable":true,"href":"https:\/\/www.europesays.com\/no\/wp-json\/wp\/v2\/media\/72375"}],"wp:attachment":[{"href":"https:\/\/www.europesays.com\/no\/wp-json\/wp\/v2\/media?parent=72374"}],"wp:term":[{"taxonomy":"category","embeddable":true,"href":"https:\/\/www.europesays.com\/no\/wp-json\/wp\/v2\/categories?post=72374"},{"taxonomy":"post_tag","embeddable":true,"href":"https:\/\/www.europesays.com\/no\/wp-json\/wp\/v2\/tags?post=72374"}],"curies":[{"name":"wp","href":"https:\/\/api.w.org\/{rel}","templated":true}]}}