{"id":72433,"date":"2025-10-28T19:14:10","date_gmt":"2025-10-28T19:14:10","guid":{"rendered":"https:\/\/www.europesays.com\/no\/72433\/"},"modified":"2025-10-28T19:14:10","modified_gmt":"2025-10-28T19:14:10","slug":"raset-pa-carl-berner-fikk-hente-tingene-sine","status":"publish","type":"post","link":"https:\/\/www.europesays.com\/no\/72433\/","title":{"rendered":"Raset p\u00e5 Carl Berner: Fikk hente tingene sine"},"content":{"rendered":"\n<p class=\"_lead_o9xde_2 _lead_xtcu6_50 layout-component text-serif-m layout-normal text-serif-l layout-component layout-wide layout-padded _wide_17hqh_1 layout-padded\">Tirsdag fikk de evakuerte studentene slippe inn i det evakuerte bygget i noen f\u00e5 minutter. Magnus (19) fikk \u00abreddet\u00bb b\u00e5de PC og Playstation. <\/p>\n<p><img alt=\"Tirsdag ettermiddag m\u00f8tte flere studenter opp for \u00e5 hente tingene sine fra den evakuerte blokken p\u00e5 Carl Berner i Oslo.  Foto: Anton Lier \/ VG\" class=\"_image_qp4xg_65 layout-component layout-wide\" data-fullscreen- data-track-element-type=\"Article image fullscreen\" data-track-name=\"ImageFullscreen\" fetchpriority=\"high\" decoding=\"sync\" loading=\"eager\" height=\"4284\" itemprop=\"image\"  src=\"https:\/\/www.europesays.com\/no\/wp-content\/uploads\/2025\/10\/a350aa8d-0383-4e9e-8192-de36a55e7500\"  style=\"object-position:0% 0%\" width=\"5712\"\/>Tirsdag ettermiddag m\u00f8tte flere studenter opp for \u00e5 hente tingene sine fra den evakuerte blokken p\u00e5 Carl Berner i Oslo.  Foto: Anton Lier \/ VG<\/p>\n<ul aria-hidden=\"true\" class=\"_images_18f0k_111\">\n<li><a class=\"_link_18f0k_116\" href=\"https:\/\/www.vg.no\/forfatter\/bendik-hansen\" style=\"z-index:2\" title=\"Bendik Hansen\" rel=\"nofollow noopener\" target=\"_blank\"><img alt=\"Bilde av Bendik Hansen\" class=\"_image_18f0k_93\" fetchpriority=\"low\" loading=\"lazy\" decoding=\"async\" itemprop=\"image\"  src=\"https:\/\/www.europesays.com\/no\/wp-content\/uploads\/2025\/10\/1761678848_903_236bc5a3-2236-4046-b957-81f29d024aa6\"  width=\"480\"\/><\/a><\/li>\n<li><a class=\"_link_18f0k_116\" href=\"https:\/\/www.vg.no\/forfatter\/anton-lier\" style=\"z-index:1\" title=\"Anton Lier\" rel=\"nofollow noopener\" target=\"_blank\"><img alt=\"Bilde av Anton Lier\" class=\"_image_18f0k_93\" fetchpriority=\"low\" loading=\"lazy\" decoding=\"async\" itemprop=\"image\"  src=\"https:\/\/www.europesays.com\/no\/wp-content\/uploads\/2025\/10\/1761678848_699_c9508846-652a-4f47-92ce-de6ab3444f63\"  width=\"480\"\/><\/a><\/li>\n<\/ul>\n<p>Rapporterer fra Carl Berner i Oslo Oppdatert tirsdag 28. oktober kl. 20:03     <\/p>\n<p class=\"_paragraph_o9xde_4 _paragraph_xtcu6_10 layout-component text-serif-m layout-normal text-serif-m layout-padded\">S\u00f8ndag ettermiddag gikk et 20 meter bredt steinras ved Carl Berners plass i <a href=\"https:\/\/www.vg.no\/tag\/oslo?utm_source=vg-article&amp;utm_medium=auto-tagger&amp;utm_campaign=93jdlr\" class=\"_link_o9xde_39\" rel=\"nofollow noopener\" target=\"_blank\">Oslo<\/a>. <\/p>\n<p class=\"_paragraph_o9xde_4 _paragraph_xtcu6_10 layout-component text-serif-m layout-normal text-serif-m layout-padded\">Siden det har over 300 personer v\u00e6rt evakuert. Tirsdag formiddag fikk beboere i boligblokken p\u00e5 oversiden av raset flytte hjem igjen, <\/p>\n<p class=\"_paragraph_o9xde_4 _paragraph_xtcu6_10 layout-component text-serif-m layout-normal text-serif-m layout-padded\"><strong class=\"_strong_o9xde_25\">Studentene som bor i SiO-blokken p\u00e5 nedsiden av raset m\u00e5 vente p\u00e5 \u00e5 flytte hjem.<\/strong><\/p>\n<p class=\"_paragraph_o9xde_4 _paragraph_xtcu6_10 layout-component text-serif-m layout-normal text-serif-m layout-padded\">\u2013 De skal bo p\u00e5 hotell noen dager, sa SiO-sjef Andreas Eskelund til pressen tirsdag.<\/p>\n<p class=\"_paragraph_o9xde_4 _paragraph_xtcu6_10 layout-component text-serif-m layout-normal text-serif-m layout-padded\">Tirsdag kveld vrimler det likevel av studenter utenfor blokken. <\/p>\n<p class=\"_paragraph_o9xde_4 _paragraph_xtcu6_10 layout-component text-serif-m layout-normal text-serif-m layout-padded\">Brannvesenet og Norges Geotekniske Institutt (NGI) har vurdert det som trygt at studentene f\u00e5r g\u00e5 inn i tur og orden og hente n\u00f8dvendige eiendeler for de neste dagene. <\/p>\n<p><img decoding=\"async\" alt=\"Bilde av Emilie Pedersen\" class=\"_image_ygndg_42\" height=\"50\" itemprop=\"image\" loading=\"lazy\"  src=\"https:\/\/www.europesays.com\/no\/wp-content\/uploads\/2025\/10\/6565ca02-bf86-4f2d-8406-85c7045eb3b5\"  width=\"40\"\/><strong class=\"_name_ygndg_51 title-serif-xs\">Emilie Pedersen<\/strong><\/p>\n<p class=\"_paragraph_o9xde_4 text-sans-m _description_ygndg_56\">evakuert student<\/p>\n<p class=\"_paragraph_o9xde_4 _paragraph_xtcu6_10 layout-component text-serif-m layout-normal text-serif-m layout-padded\">\u2013 Jeg tenker p\u00e5 alle kl\u00e6rne mine og skolesakene og ting jeg har som fortsatt ligger igjen der, sier Emilie Pedersen (20) til VG. <\/p>\n<p class=\"_paragraph_o9xde_4 _paragraph_xtcu6_10 layout-component text-serif-m layout-normal text-serif-m layout-padded\">Hun var \u00e9n av flere hundre som fikk slippe inn i bygget i fem minutter. S\u00e5 var det rett ut igjen. <\/p>\n<p><img decoding=\"async\" alt=\"Bilde av Magnus og Sanna\" class=\"_image_ygndg_42\" height=\"36\" itemprop=\"image\" loading=\"lazy\"  src=\"https:\/\/www.europesays.com\/no\/wp-content\/uploads\/2025\/10\/8e0cea72-acde-4712-a9cb-03e4d8e4b02e\"  width=\"40\"\/><strong class=\"_name_ygndg_51 title-serif-xs\">Magnus og Sanna<\/strong><\/p>\n<p class=\"_paragraph_o9xde_4 text-sans-m _description_ygndg_56\">evakuerte studenter<\/p>\n<p class=\"_paragraph_o9xde_4 _paragraph_xtcu6_10 layout-component text-serif-m layout-normal text-serif-m layout-padded\">Magnus (19) og Sanna (19) var ogs\u00e5 p\u00e5 plass for \u00e5 hente tingene sine. <\/p>\n<p class=\"_paragraph_o9xde_4 _paragraph_xtcu6_10 layout-component text-serif-m layout-normal text-serif-m layout-padded\">\u2013 Vi st\u00e5r i k\u00f8 for \u00e5 hente ting vi trenger for \u00e5 g\u00e5 p\u00e5 skolen. Kl\u00e6r og PC, sier Sanna.<\/p>\n<p class=\"_paragraph_o9xde_4 _paragraph_xtcu6_10 layout-component text-serif-m layout-normal text-serif-m layout-padded\">\u2013 Og Playstation! skyter Magnus inn.<\/p>\n<p class=\"_paragraph_o9xde_4 _paragraph_xtcu6_10 layout-component text-serif-m layout-normal text-serif-m layout-padded\">De synes situasjonen er \u00abuheldig\u00bb, men sier at det ikke er s\u00e6rlig mye de f\u00e5r gjort.<\/p>\n<p><img decoding=\"async\" alt=\"Bilde av Markus\" class=\"_image_ygndg_42\" height=\"50\" itemprop=\"image\" loading=\"lazy\"  src=\"https:\/\/www.europesays.com\/no\/wp-content\/uploads\/2025\/10\/c9145b7a-f359-46e0-b501-0f90e9d8ad4e\"  width=\"40\"\/><strong class=\"_name_ygndg_51 title-serif-xs\">Markus<\/strong><\/p>\n<p class=\"_paragraph_o9xde_4 text-sans-m _description_ygndg_56\">evakuert student<\/p>\n<p class=\"_paragraph_o9xde_4 _paragraph_xtcu6_10 layout-component text-serif-m layout-normal text-serif-m layout-padded\">For Markus (23) var det trolig enda mer prek\u00e6rt \u00e5 f\u00e5 slippe inn i bygget. <\/p>\n<p class=\"_paragraph_o9xde_4 _paragraph_xtcu6_10 layout-component text-serif-m layout-normal text-serif-m layout-padded\">\u2013 Jeg m\u00e5tte evakuere i bare badeshorts og h\u00e5ndkle. Jeg tok badstu med kompisene mine, sier han til VG. <\/p>\n<p class=\"_paragraph_o9xde_4 _paragraph_xtcu6_10 layout-component text-serif-m layout-normal text-serif-m layout-padded\">Han har hentet kl\u00e6r, PC og b\u00f8ker. Han sier det er viktig \u00e5 v\u00e6re t\u00e5lmodig, n\u00e5 som studentene m\u00e5 vente med \u00e5 flytte tilbake til blokken. <\/p>\n<p class=\"_paragraph_o9xde_4 _paragraph_xtcu6_10 layout-component text-serif-m layout-normal text-serif-m layout-padded\"><strong class=\"_strong_o9xde_25\">\u2013 &#8230; men vi har hotellfrokost. S\u00e5 jeg kan gjerne bli evakuert flere ganger, jeg. <\/strong><\/p>\n<p><img decoding=\"async\" alt=\"Bilde av Ben Lucas Skywalker Brekke\" class=\"_image_ygndg_42\" height=\"42\" itemprop=\"image\" loading=\"lazy\"  src=\"https:\/\/www.europesays.com\/no\/wp-content\/uploads\/2025\/10\/e9587357-80b1-4920-902b-ebc5925d01d4\"  width=\"40\"\/><strong class=\"_name_ygndg_51 title-serif-xs\">Ben Lucas Skywalker Brekke<\/strong><\/p>\n<p class=\"_paragraph_o9xde_4 text-sans-m _description_ygndg_56\">evakuert student (og rollefigur i Star Wars-sagaen?)<\/p>\n<p class=\"_paragraph_o9xde_4 _paragraph_xtcu6_10 layout-component text-serif-m layout-normal text-serif-m layout-padded\">Ben Lucas Skywalker Brekke (21) hadde egentlig pakket sekken klar da de fikk beskjed om \u00e5 evakuere. Den klarte han \u00e5 glemme igjen. <\/p>\n<p class=\"_paragraph_o9xde_4 _paragraph_xtcu6_10 layout-component text-serif-m layout-normal text-serif-m layout-padded\">\u2013 Jeg visste nesten ikke hva jeg skulle ta med i dag! <\/p>\n<p class=\"_paragraph_o9xde_4 _paragraph_xtcu6_10 layout-component text-serif-m layout-normal text-serif-m layout-padded\">\u2013 Men jeg fikk tatt med litt kl\u00e6r. Og disse brillene. Jeg er glad for \u00e5 ha de tilbake. <\/p>\n<p class=\"_paragraph_o9xde_4 _paragraph_xtcu6_10 layout-component text-serif-m layout-normal text-serif-m layout-padded\">Tirsdag kveld starter arbeidet med \u00e5 fjerne l\u00f8se masser og stein fra omr\u00e5det. <\/p>\n<p class=\"_paragraph_o9xde_4 _paragraph_xtcu6_10 layout-component text-serif-m layout-normal text-serif-m layout-padded\">\u2013 For \u00e5 sikre forutsigbarhet for studentene opprettholder vi hotelltilbudet til de ber\u00f8rte i Hasleveien 9 og 11 ut uken, skriver SiO i en pressemelding. <\/p>\n<p class=\"_paragraph_o9xde_4 _paragraph_xtcu6_10 layout-component text-serif-m layout-normal text-serif-m layout-padded\">Studentsamskipnaden skriver at dette tilbudet opprettholdes med mindre det blir mulig \u00e5 flytte tilbake. <\/p>\n<p class=\"_paragraph_o9xde_4 _paragraph_xtcu6_10 layout-component text-serif-m layout-normal text-serif-m layout-padded\"><strong class=\"_strong_o9xde_25\">\u2013 Dette er en krevende situasjon for studentene, og v\u00e5r f\u00f8rsteprioritet er \u00e5 bist\u00e5 de ber\u00f8rte, skriver SiO.<\/strong><\/p>\n<p class=\"_paragraph_o9xde_4 _paragraph_xtcu6_10 layout-component text-serif-m layout-normal text-serif-m layout-padded\">S\u00f8ndag kveld sendte Oslo kommune ut geologer for \u00e5 unders\u00f8ke rasstedet. <\/p>\n<p class=\"_paragraph_o9xde_4 _paragraph_xtcu6_10 layout-component text-serif-m layout-normal text-serif-m layout-padded\">Det resulterte i at blokkene p\u00e5 nedsiden og oversiden av raset <a href=\"https:\/\/www.vg.no\/nyheter\/i\/alXePd\/aner-ikke-naar-de-faar-flytte-hjem-et-lite-mareritt\" data-track-element-type=\"Link\" data-track-id=\"link:alXePd\" class=\"_link_o9xde_39\" rel=\"nofollow noopener\" target=\"_blank\">forble evakuert<\/a>. Mandag morgen gikk et lite ras i det samme omr\u00e5det, if\u00f8lge Oslo kommune. <\/p>\n<p class=\"_paragraph_o9xde_4 _paragraph_xtcu6_10 layout-component text-serif-m layout-normal text-serif-m layout-padded\">Omr\u00e5det beskrives som en eldre bergskj\u00e6ring, trolig sprengt ut for \u00e5 klargj\u00f8re tomten f\u00f8r boligene ble bygget, if\u00f8lge NVE-geolog Jaran Wasrud.<\/p>\n<p class=\"_paragraph_o9xde_4 _paragraph_xtcu6_10 layout-component text-serif-m layout-normal text-serif-m layout-padded\">Raset gikk i skr\u00e5ningen ved Studenthuset i Hasleveien 9\u201311, som ble oppf\u00f8rt i 2002. I etterkant ble boligblokkene Sukkertoppveien 1,3 og 5 oppf\u00f8rt.<\/p>\n<p class=\"_paragraph_o9xde_4 _paragraph_xtcu6_10 layout-component text-serif-m layout-normal layout-padded\"><strong class=\"_strong_o9xde_25\">Les ogs\u00e5:<\/strong> <a href=\"https:\/\/www.vg.no\/i\/RzPQk8\" data-track-element-type=\"Link\" data-track-id=\"link:RzPQk8\" class=\"_link_o9xde_39\" rel=\"nofollow noopener\" target=\"_blank\">\u2013 Kan ikke utelukke at det kan rase mer<\/a><\/p>\n","protected":false},"excerpt":{"rendered":"Tirsdag fikk de evakuerte studentene slippe inn i det evakuerte bygget i noen f\u00e5 minutter. Magnus (19) fikk&hellip;\n","protected":false},"author":2,"featured_media":72434,"comment_status":"","ping_status":"","sticky":false,"template":"","format":"standard","meta":{"footnotes":""},"categories":[10],"tags":[20,21,24,25,15,22,23,13,30,28,29,14,636,16,1149,26,27],"class_list":{"0":"post-72433","1":"post","2":"type-post","3":"status-publish","4":"format-standard","5":"has-post-thumbnail","7":"category-norge","8":"tag-breaking-news","9":"tag-breakingnews","10":"tag-featured-news","11":"tag-featurednews","12":"tag-headlines","13":"tag-latest-news","14":"tag-latestnews","15":"tag-news","16":"tag-no","17":"tag-norge","18":"tag-norway","19":"tag-nyheter","20":"tag-oslo","21":"tag-overskrifter","22":"tag-ras","23":"tag-top-stories","24":"tag-topstories"},"share_on_mastodon":{"url":"https:\/\/pubeurope.com\/@no\/115453392652248314","error":""},"_links":{"self":[{"href":"https:\/\/www.europesays.com\/no\/wp-json\/wp\/v2\/posts\/72433","targetHints":{"allow":["GET"]}}],"collection":[{"href":"https:\/\/www.europesays.com\/no\/wp-json\/wp\/v2\/posts"}],"about":[{"href":"https:\/\/www.europesays.com\/no\/wp-json\/wp\/v2\/types\/post"}],"author":[{"embeddable":true,"href":"https:\/\/www.europesays.com\/no\/wp-json\/wp\/v2\/users\/2"}],"replies":[{"embeddable":true,"href":"https:\/\/www.europesays.com\/no\/wp-json\/wp\/v2\/comments?post=72433"}],"version-history":[{"count":0,"href":"https:\/\/www.europesays.com\/no\/wp-json\/wp\/v2\/posts\/72433\/revisions"}],"wp:featuredmedia":[{"embeddable":true,"href":"https:\/\/www.europesays.com\/no\/wp-json\/wp\/v2\/media\/72434"}],"wp:attachment":[{"href":"https:\/\/www.europesays.com\/no\/wp-json\/wp\/v2\/media?parent=72433"}],"wp:term":[{"taxonomy":"category","embeddable":true,"href":"https:\/\/www.europesays.com\/no\/wp-json\/wp\/v2\/categories?post=72433"},{"taxonomy":"post_tag","embeddable":true,"href":"https:\/\/www.europesays.com\/no\/wp-json\/wp\/v2\/tags?post=72433"}],"curies":[{"name":"wp","href":"https:\/\/api.w.org\/{rel}","templated":true}]}}