{"id":72466,"date":"2025-10-28T19:42:15","date_gmt":"2025-10-28T19:42:15","guid":{"rendered":"https:\/\/www.europesays.com\/no\/72466\/"},"modified":"2025-10-28T19:42:15","modified_gmt":"2025-10-28T19:42:15","slug":"nyhet-naeringsliv-skal-ansette-1000-nye-i-nammo","status":"publish","type":"post","link":"https:\/\/www.europesays.com\/no\/72466\/","title":{"rendered":"Nyhet, N\u00e6ringsliv | Skal ansette 1000 nye i Nammo"},"content":{"rendered":"\n<p>(<a rel=\"Follow nofollow noopener\" href=\"https:\/\/www.oa.no\/skal-ansette-1000-nye-i-nammo\/s\/5-35-2179059\" target=\"_blank\">OA<\/a>): Leder i Nammo, Morten Brandtz\u00e6g ansl\u00e5r en ny vanvittig ansettelsevekst i Industriparken.\u00a0<\/p>\n<p>N\u00e5 vil Nammo ansette 1500 nye personer fram til 2030.<\/p>\n<p>30 milliarder<\/p>\n<p>Veksten av ansatte drar ogs\u00e5 med seg kroner i kassa for ammunisjonsfabrikken p\u00e5 Raufoss.<\/p>\n<p>Brandtz\u00e6g presenterte tirsdag estimater p\u00e5 30 milliarder i omsetning i \u00e5rene mot 2030.<\/p>\n<p>Per april 2024 hadde bedriften en ordrereserve p\u00e5 25 milliarder kroner. Mot 2030 er dette doblet, hvor ordrereserven overg\u00e5r 50 milliarder kroner.\u00a0<\/p>\n<p>Krevende<\/p>\n<p>Samtidig som bedriften ansetter i stor grad, bygges det flere store bygg, samtidig som produksjonen tas opp.\u00a0<\/p>\n<p>Brandtz\u00e6g er klar p\u00e5 at utviklingen de st\u00e5r ovenfor, krever flere mulige tiltak med hjelp fra staten.<\/p>\n<p>For \u00e5 n\u00e5 m\u00e5lene trenger Nammo ytterligere st\u00f8tte til investeringer, spesielt innenfor rakettproduksjon.\u00a0<\/p>\n<p>De legger ogs\u00e5 press p\u00e5 regjeringen for \u00e5 \u00e5pne opp Nansen-programmet til \u00e5 tillate investeringer innenlands, og ikke bare til utenlandske form\u00e5l.\u00a0<\/p>\n<p>Forsvarsminister p\u00e5 plass<\/p>\n<p>Nyheten ble sluppet under Industridagene p\u00e5 Raufoss tirsdag. Tilstede i salen var forsvarsminister Tore O. Sandvik (Ap) og tidligere ambassad\u00f8r K\u00e5re R. Aas.\u00a0<\/p>\n<p>Han kunne blant annet love str\u00f8m til Nammo &#8211; n\u00e5r og hvordan, ble ikke avsl\u00f8rt fra talerstolen.\u00a0<\/p>\n<p>Brandtz\u00e6g kunne ogs\u00e5 fortelle stort om alle byggeprosjektene, som n\u00e5 har kommet opp i et 20-talls ulike bygg.\u00a0<\/p>\n<p>\u2013 Den st\u00f8rste bygningen n\u00e5 er p\u00e5 12.000 kvadratmeter. Og det er stort, sier Brandtz\u00e6g n\u00e5r NRK og OA m\u00f8tte han utenfor konferansen.\u00a0<\/p>\n<p>OA oppdaterer saken<\/p>\n","protected":false},"excerpt":{"rendered":"(OA): Leder i Nammo, Morten Brandtz\u00e6g ansl\u00e5r en ny vanvittig ansettelsevekst i Industriparken.\u00a0 N\u00e5 vil Nammo ansette 1500&hellip;\n","protected":false},"author":2,"featured_media":72128,"comment_status":"","ping_status":"","sticky":false,"template":"","format":"standard","meta":{"footnotes":""},"categories":[10],"tags":[36,20,21,24,25,15,813,22,23,62,13,30,28,29,447,14,16,1510,26,27],"class_list":{"0":"post-72466","1":"post","2":"type-post","3":"status-publish","4":"format-standard","5":"has-post-thumbnail","7":"category-norge","8":"tag-art","9":"tag-breaking-news","10":"tag-breakingnews","11":"tag-featured-news","12":"tag-featurednews","13":"tag-headlines","14":"tag-innlandet","15":"tag-latest-news","16":"tag-latestnews","17":"tag-naeringsliv","18":"tag-news","19":"tag-no","20":"tag-norge","21":"tag-norway","22":"tag-nyhet","23":"tag-nyheter","24":"tag-overskrifter","25":"tag-story","26":"tag-top-stories","27":"tag-topstories"},"share_on_mastodon":{"url":"https:\/\/pubeurope.com\/@no\/115453502830326181","error":""},"_links":{"self":[{"href":"https:\/\/www.europesays.com\/no\/wp-json\/wp\/v2\/posts\/72466","targetHints":{"allow":["GET"]}}],"collection":[{"href":"https:\/\/www.europesays.com\/no\/wp-json\/wp\/v2\/posts"}],"about":[{"href":"https:\/\/www.europesays.com\/no\/wp-json\/wp\/v2\/types\/post"}],"author":[{"embeddable":true,"href":"https:\/\/www.europesays.com\/no\/wp-json\/wp\/v2\/users\/2"}],"replies":[{"embeddable":true,"href":"https:\/\/www.europesays.com\/no\/wp-json\/wp\/v2\/comments?post=72466"}],"version-history":[{"count":0,"href":"https:\/\/www.europesays.com\/no\/wp-json\/wp\/v2\/posts\/72466\/revisions"}],"wp:featuredmedia":[{"embeddable":true,"href":"https:\/\/www.europesays.com\/no\/wp-json\/wp\/v2\/media\/72128"}],"wp:attachment":[{"href":"https:\/\/www.europesays.com\/no\/wp-json\/wp\/v2\/media?parent=72466"}],"wp:term":[{"taxonomy":"category","embeddable":true,"href":"https:\/\/www.europesays.com\/no\/wp-json\/wp\/v2\/categories?post=72466"},{"taxonomy":"post_tag","embeddable":true,"href":"https:\/\/www.europesays.com\/no\/wp-json\/wp\/v2\/tags?post=72466"}],"curies":[{"name":"wp","href":"https:\/\/api.w.org\/{rel}","templated":true}]}}