{"id":72481,"date":"2025-10-28T20:04:08","date_gmt":"2025-10-28T20:04:08","guid":{"rendered":"https:\/\/www.europesays.com\/no\/72481\/"},"modified":"2025-10-28T20:04:08","modified_gmt":"2025-10-28T20:04:08","slug":"israel-bomber-mal-i-gaza","status":"publish","type":"post","link":"https:\/\/www.europesays.com\/no\/72481\/","title":{"rendered":"Israel bomber m\u00e5l i Gaza"},"content":{"rendered":"<p class=\"kicker \" style=\"\">Vitner til Reuters:<\/p>\n<p>  Vitner melder om flyangrep mot Gaza by etter at Israels statsminister har varslet kraftige angrep. Norges utenriksminister er dypt bekymret.<\/p>\n<p>\n    BRUDD: Netanyahu mener Hamas har brutt v\u00e5penhvilen mellom partene. Foto: REUTERS \/ Evelyn Hockstein\n  <\/p>\n<p>Israels statsminister Benjamin Netanyahu beordrer det israelske milit\u00e6ret til \u00e5 gjennomf\u00f8re \u00abkraftfulle\u00bb angrep mot Gaza.<\/p>\n<p>Det melder Reuters tirsdag ettermiddag.<\/p>\n<p>If\u00f8lge The Times of Israel kommer ordren etter at Netanyahu kalte inn til et m\u00f8te med landets sikkerhetsmyndigheter om Israels respons p\u00e5 det han hevder er gjentatte brudd p\u00e5 v\u00e5penhvilen i Gaza.<\/p>\n<p>Samme <a href=\"https:\/\/www.timesofisrael.com\/liveblog_entry\/terror-operatives-fire-at-idf-troops-in-rafah-in-another-apparent-truce-violation\/\" rel=\"nofollow noopener\" target=\"_blank\">avis<\/a> skriver at IDF-styrker har blitt angrepet i Rafah tidligere tirsdag.<\/p>\n<p>For et par dager siden uttalte Netanyahu at Israel kunne komme til \u00e5 angripe m\u00e5l i Gaza og Libanon uten \u00e5 s\u00f8ke om godkjenning, til tross for v\u00e5penhvilen som ble inng\u00e5tt tidligere denne m\u00e5neden.<\/p>\n<p>&#8211; Vi s\u00f8ker ikke noens godkjenning for dette. Vi kontrollerer v\u00e5r egen sikkerhet, sa han.<\/p>\n<p>        Dagbladets team i Israel h\u00f8rte voldsomme brak da de kj\u00f8rte forbi Gaza forrige uke. Video: J\u00f8rn H. Moen.<\/p>\n<p>Den israelske avisa <a href=\"https:\/\/www.haaretz.com\/israel-news\/2025-10-28\/ty-article\/.premium\/idf-returns-fire-after-hamas-sniper-anti-tank-attack-in-gazas-rafah\/0000019a-2b60-db3e-affa-bf64062b0000?fromLogin=success\" rel=\"nofollow noopener\" target=\"_blank\">Haaretz<\/a> skriver at Hamas har skutt mot IDF-tropper med snikskytter-v\u00e5pen og anti-stridsvogn-v\u00e5pen i Rafah. IDF svarte med artilleriild, skriver avisa.<\/p>\n<p> Hamas hevder at gruppa ikke har noe med angrepene i Rafah \u00e5 gj\u00f8re &#8211; og at de har overholdt v\u00e5penhvilen.<\/p>\n<p>Etter meldingen fra Netanyahu har Hamas besluttet \u00e5 ikke levere levninger av et gissel til Israel, skriver Reuters.<\/p>\n<p>Hamas begrunner tilbakeholdelsen ved \u00e5 hevde at Israel bryter v\u00e5penhvilen mellom partene.<\/p>\n<p>Vitner: Massiv eksplosjon\t<\/p>\n<p>Vitner oppgir mandag kveld til nyhetsbyr\u00e5et Reuters at de ser israelske fly gjennomf\u00f8re flyangrep mot Gaza by.<\/p>\n<p>If\u00f8lge b\u00e5de Hamas og vitner skal flyangrep ha rammet et omr\u00e5de i n\u00e6rheten av det st\u00f8rste operasjonelle sykehuset nord i Gaza, Shifa-sykehuset. Det er forel\u00f8pig uvisst om noen er skadd, melder Reuters.<\/p>\n<p>Vitner beskriver en massiv eksplosjon i omr\u00e5det.<\/p>\n<p> If\u00f8lge\u00a0<a href=\"https:\/\/aje.io\/6gbrbr?update=4066956\" target=\"_blank\" rel=\"nofollow noopener\">Al Jazeera skapte<\/a>\u00a0angrepet kaos og panikk blant pasienter og ansatte p\u00e5 sykehuset, melder NTB.<\/p>\n<p> 94 palestinere er if\u00f8lge palestinske helsemyndigheter drept i israelske angrep siden v\u00e5penhvilen tr\u00e5dte i kraft 10. oktober, skriver NTB.<\/p>\n<p>Minst to skal v\u00e6re drept og fire skal v\u00e6re skadd etter angrep s\u00f8r for Gaza by, opplyser sivile myndigheter p\u00e5 Gaza if\u00f8lge Reuters.<\/p>\n<p>Barth Eide: &#8211; Sv\u00e6rt bekymringsfullt\t<\/p>\n<p>Norges utenriksminister Espen Barth Eide (Ap) sier f\u00f8lgende om situasjonen p\u00e5 Gaza til Dagbladet tirsdag kveld.<\/p>\n<p>&#8211;\u00a0 Meldingene om nye trefninger i Gaza og nye israelske luftangrep er sv\u00e6rt bekymringsfulle. Mer d\u00f8d og \u00f8deleggelse er det siste den hardt pr\u00f8vede sivilbefolkningen i Gaza trenger, sier Eide.<\/p>\n<p>&#8211;\u00a0 Den fasen Gaza n\u00e5 er inne i er sv\u00e6rt skj\u00f8r. Jeg gjentar det tydelige budskapet fra Norge og de andre landene som st\u00f8tter opp om Trump-planen. N\u00e5 m\u00e5 partene holde seg til det som er avtalt, og vi m\u00e5 raskt komme videre i gjennomf\u00f8ringen av 20-punktsplanen, sier utenriksministeren videre.<\/p>\n","protected":false},"excerpt":{"rendered":"Vitner til Reuters: Vitner melder om flyangrep mot Gaza by etter at Israels statsminister har varslet kraftige angrep.&hellip;\n","protected":false},"author":2,"featured_media":72482,"comment_status":"","ping_status":"","sticky":false,"template":"","format":"standard","meta":{"footnotes":""},"categories":[5],"tags":[20,21,24,25,53,566,15,19,3545,52,9148,22,23,17,18,13,30,28,29,14,16,26,27,412],"class_list":{"0":"post-72481","1":"post","2":"type-post","3":"status-publish","4":"format-standard","5":"has-post-thumbnail","7":"category-overskrifter","8":"tag-breaking-news","9":"tag-breakingnews","10":"tag-featured-news","11":"tag-featurednews","12":"tag-gaza","13":"tag-hamas","14":"tag-headlines","15":"tag-hovedoppslag","16":"tag-idf","17":"tag-israel","18":"tag-krigen_i_gaza","19":"tag-latest-news","20":"tag-latestnews","21":"tag-main-news","22":"tag-mainnews","23":"tag-news","24":"tag-no","25":"tag-norge","26":"tag-norway","27":"tag-nyheter","28":"tag-overskrifter","29":"tag-top-stories","30":"tag-topstories","31":"tag-utenriks"},"share_on_mastodon":{"url":"https:\/\/pubeurope.com\/@no\/115453589280219939","error":""},"_links":{"self":[{"href":"https:\/\/www.europesays.com\/no\/wp-json\/wp\/v2\/posts\/72481","targetHints":{"allow":["GET"]}}],"collection":[{"href":"https:\/\/www.europesays.com\/no\/wp-json\/wp\/v2\/posts"}],"about":[{"href":"https:\/\/www.europesays.com\/no\/wp-json\/wp\/v2\/types\/post"}],"author":[{"embeddable":true,"href":"https:\/\/www.europesays.com\/no\/wp-json\/wp\/v2\/users\/2"}],"replies":[{"embeddable":true,"href":"https:\/\/www.europesays.com\/no\/wp-json\/wp\/v2\/comments?post=72481"}],"version-history":[{"count":0,"href":"https:\/\/www.europesays.com\/no\/wp-json\/wp\/v2\/posts\/72481\/revisions"}],"wp:featuredmedia":[{"embeddable":true,"href":"https:\/\/www.europesays.com\/no\/wp-json\/wp\/v2\/media\/72482"}],"wp:attachment":[{"href":"https:\/\/www.europesays.com\/no\/wp-json\/wp\/v2\/media?parent=72481"}],"wp:term":[{"taxonomy":"category","embeddable":true,"href":"https:\/\/www.europesays.com\/no\/wp-json\/wp\/v2\/categories?post=72481"},{"taxonomy":"post_tag","embeddable":true,"href":"https:\/\/www.europesays.com\/no\/wp-json\/wp\/v2\/tags?post=72481"}],"curies":[{"name":"wp","href":"https:\/\/api.w.org\/{rel}","templated":true}]}}